{"id":641793,"date":"2026-01-05T05:21:57","date_gmt":"2026-01-05T05:21:57","guid":{"rendered":"https:\/\/www.europesays.com\/fr\/641793\/"},"modified":"2026-01-05T05:21:57","modified_gmt":"2026-01-05T05:21:57","slug":"ligue-2-il-faut-etre-meilleur-devant-le-gf38-sincline-face-a-la-lanterne-rouge-bastia","status":"publish","type":"post","link":"https:\/\/www.europesays.com\/fr\/641793\/","title":{"rendered":"Ligue 2. \u00ab Il faut \u00eatre meilleur devant\u00a0\u00bb\u00a0: le GF38 s&rsquo;incline face \u00e0 la lanterne rouge Bastia"},"content":{"rendered":"<p>Pour son premier match de l\u2019ann\u00e9e, on peut parier que le Grenoble Foot 38 esp\u00e9rait une toute autre issue. En d\u00e9placement au stade Armand-Cesari de Bastia, les joueurs de <a href=\"https:\/\/www.ledauphine.com\/p\/franck-rizzetto\" target=\"_blank\" rel=\"noopener\">Franck Rizzetto<\/a> se sont inclin\u00e9s sur le terrain de la lanterne rouge (1-0). Avec ce mauvais r\u00e9sultat, les Grenoblois restent en seconde partie de tableau et conc\u00e8dent leur septi\u00e8me d\u00e9faite de la saison. Cette fois, c\u2019est certain, le GF devra batailler pour aller chercher le maintien.<\/p>\n<p>Pourtant, les Grenoblois ont montr\u00e9 des bonnes intentions en Corse. Les Is\u00e9rois \u00e9taient m\u00eame tout proches de surprendre les Bastiais d\u00e8s l\u2019entame de la partie mais Xantippe n\u2019a pas frapp\u00e9 son ballon avec assez de conviction pour surprendre Placide (4e).<\/p>\n<p>Pendant une vingtaine de minutes, les hommes de Franck Rizzetto, avec leur maillot jaune pour l\u2019occasion, ont montr\u00e9 plut\u00f4t un beau visage, avec du caract\u00e8re et l\u2019envie de jouer dans le camp des Bastiais, en manque de confiance et sur la retenue devant les 8\u200a000 spectateurs pr\u00e9sents.<\/p>\n<p>Mais Grenoble ne capitalisait pas et les Corses commen\u00e7aient \u00e0 \u00eatre plus vifs dans les mouvements offensifs. Tomi (17e) ouvrait trop son pied devant la cage vide gard\u00e9e par Bobby Allain et Sebas manquait son face \u00e0 face apr\u00e8s avoir pris toute la d\u00e9fense de Grenoble de vitesse (38e). Entre-temps, les Grenoblois envoyaient quelques escarmouches par Diaby (28e) mais c\u2019\u00e9tait trop lointain pour inqui\u00e9ter le portier corse.<\/p>\n<p>\u00c0 force d\u2019appuyer, la d\u00e9fense grenobloise finissait par rompre dans les derni\u00e8res minutes de la premi\u00e8re p\u00e9riode par Sebas. Le buteur corse se jouait de Sarikaya pour glisser le ballon entre les jambes d\u2019Allain, bien malheureux sur le coup (44e).<\/p>\n<p><strong><a href=\"https:\/\/www.ledauphine.com\/sport\/2026\/01\/03\/le-gf38-va-t-il-bien-negocier-son-deplacement-en-corse-suivez-la-rencontre-face-a-bastia\" target=\"_blank\" rel=\"noopener\">&gt;&gt; De nombreux cartons, des occasions et des parades&#8230; Revivez la mauvaise op\u00e9ration du GF38 \u00e0 Bastia<\/a><\/strong><\/p>\n<p>Ce contenu est bloqu\u00e9 car vous n&rsquo;avez pas accept\u00e9 les cookies et autres traceurs.<\/p>\n<p>En cliquant sur \u00ab J\u2019accepte \u00bb, les cookies et autres traceurs seront d\u00e9pos\u00e9s et vous pourrez visualiser les contenus  (<a href=\"\" class=\"consentModule_policy\" target=\"_blank\" title=\"Consulter la politique de protection des donn\u00e9es du fournisseur\">plus d&rsquo;informations<\/a>).<\/p>\n<p>En cliquant sur \u00ab J\u2019accepte tous les cookies \u00bb, vous autorisez des d\u00e9p\u00f4ts de cookies et autres traceurs pour le stockage de vos donn\u00e9es sur nos sites et applications \u00e0 des fins de personnalisation et de ciblage publicitaire.<\/p>\n<p class=\"consentModule_secondaryText\">Vous gardez la possibilit\u00e9 de retirer votre consentement \u00e0 tout moment en consultant notre <a href=\"https:\/\/www.ledauphine.com\/protection-des-donnees\" target=\"_blank\" title=\"Consulter notre politique de protection des donn\u00e9es\" rel=\"noopener\">politique de protection des donn\u00e9es<\/a>. <br \/>&#13;<br \/>\n            <a href=\"https:\/\/www.ledauphine.com\/sport\/2026\/01\/03\/javascript:Didomi.notice.show()\" class=\"consentModule_cmp\" target=\"_blank\" rel=\"noopener\">G\u00e9rer mes choix<\/a>&#13;\n        <\/p>\n<p>&#13;<br \/>\n                        J&rsquo;accepte&#13;<br \/>\n            J&rsquo;accepte tous les cookies&#13;\n        <\/p>\n<p><strong><a href=\"https:\/\/www.ledauphine.com\/sport\/classement\/football\/national-ligue-2\" target=\"_blank\" rel=\"noopener\">&gt;&gt;&gt; Le classement de la Ligue 2<\/a><\/strong><\/p>\n<p>Xantippe rate l\u2019\u00e9galisation<\/p>\n<p>Dans ce duel entre deux \u00e9quipes mal class\u00e9es, les contacts \u00e9taient souvent rugueux et l\u2019arbitre a eu pas mal de travail pour tenir le match. Avec cinq cartons jaunes, dont deux pour les Grenoblois Vidal (7e) et Zahui (29e), la partie \u00e0 continuer \u00e0 se tendre et la qualit\u00e9 des d\u00e9bats n\u2019a fait que d\u00e9cro\u00eetre apr\u00e8s le repos.<\/p>\n<p>Les Is\u00e9rois se montraient bien trop peu inspir\u00e9s dans leurs mouvements pour surprendre les Bastiais, qui tenaient leur deuxi\u00e8me victoire de la saison entre leurs pieds. Pourtant, Xantippe avait la balle d\u2019\u00e9galisation au bout de son pied apr\u00e8s un nouvel arr\u00eat de Placide sur Diaby mais sa reprise passait au-dessus de la cage du gardien (55e).<\/p>\n<p>Malgr\u00e9 l\u2019apport de joueurs offensifs en fin de partie avec l\u2019entr\u00e9e de K\u00e9rou\u00e9dan (77e) et de Bechikh (81e), les Grenoblois n\u2019ont pas r\u00e9ussi \u00e0 briser le cadenas bastiais dans les derni\u00e8res minutes. Le dernier entrant \u00e9tait tout proche d\u2019\u00e9galiser (88e) mais il a manqu\u00e9 un brin de r\u00e9ussite pour y parvenir.<\/p>\n<p>Abattus sur la pelouse au coup de sifflet final, les Grenoblois ont encore beaucoup de progr\u00e8s \u00e0 r\u00e9aliser pour se sauver sereinement.<\/p>\n<p class=\"insetTitle\">Les r\u00e9actions<\/p>\n<p><strong>Franck Rizzetto (entra\u00eeneur de Grenoble)\u00a0:<\/strong> \u00ab On est d\u00e9\u00e7u \u00e0 partir du moment o\u00f9 on perd et je suis surtout d\u00e9\u00e7u de la premi\u00e8re mi-temps. On devait marquer au moins deux buts et \u00eatre devant au tableau d\u2019affichage. Quand on ne marque pas, on ne peut pas gagner un match. On a eu les situations, les occasions mais on n\u2019a pas marqu\u00e9. La r\u00e9ussite a \u00e9t\u00e9 du c\u00f4t\u00e9 de Bastia ce soir (lire samedi). Au niveau des intentions, c\u2019est exactement ce qu\u2019on voulait faire, maintenant si on veut gagner des rencontres, il faut \u00eatre meilleur devant.\u00a0\u00bb<\/p>\n<p><strong>R\u00e9ginald Ray (entra\u00eeneur de Bastia)\u00a0:<\/strong> \u00ab C\u2019est une vraie satisfaction, on la prend avec plaisir mais en \u00e9tant lucide sur notre situation. Le but de Sebas, c\u2019est un symbole d\u2019abn\u00e9gation collective, c\u2019est important de rester dans cette mentalit\u00e9. Cette victoire, ce sont des moments de plaisir, d\u2019oxyg\u00e8ne. Ce n\u2019\u00e9tait pas notre meilleur match mais il faut faire perdurer cette dynamique. On doit \u00eatre capable de remettre le m\u00eame c\u0153ur et la solidarit\u00e9 en am\u00e9liorant pas mal d\u2019aspects. Il faut profiter de cette bonne \u00e9nergie, on n\u2019a pas \u00e9t\u00e9 g\u00e2t\u00e9s cette saison.\u00a0\u00bb<\/p>\n","protected":false},"excerpt":{"rendered":"Pour son premier match de l\u2019ann\u00e9e, on peut parier que le Grenoble Foot 38 esp\u00e9rait une toute autre&hellip;\n","protected":false},"author":2,"featured_media":641794,"comment_status":"","ping_status":"","sticky":false,"template":"","format":"standard","meta":{"footnotes":""},"categories":[9566],"tags":[1111,11,2430,112,113,114,1777,674,1701,63,1011,27,12637,2731,2732,108,12636,12,25,517,1947],"class_list":{"0":"post-641793","1":"post","2":"type-post","3":"status-publish","4":"format-standard","5":"has-post-thumbnail","7":"category-grenoble","8":"tag-actu","9":"tag-actualites","10":"tag-auvergne-rhone-alpes","11":"tag-edition-grenoble-agglomeration","12":"tag-edition-gresivaudan-oisans","13":"tag-edition-voiron-saint-marcellin","14":"tag-eu","15":"tag-europe","16":"tag-fil-info-sport","17":"tag-football","18":"tag-fr","19":"tag-france","20":"tag-gf38-grenoble-foot-38","21":"tag-grenoble","22":"tag-grenoble-bassin","23":"tag-isere","24":"tag-ligue-2-football","25":"tag-news","26":"tag-republique-francaise","27":"tag-sport","28":"tag-sport-national"},"share_on_mastodon":{"url":"https:\/\/pubeurope.com\/@fr\/115840820355380719","error":""},"_links":{"self":[{"href":"https:\/\/www.europesays.com\/fr\/wp-json\/wp\/v2\/posts\/641793","targetHints":{"allow":["GET"]}}],"collection":[{"href":"https:\/\/www.europesays.com\/fr\/wp-json\/wp\/v2\/posts"}],"about":[{"href":"https:\/\/www.europesays.com\/fr\/wp-json\/wp\/v2\/types\/post"}],"author":[{"embeddable":true,"href":"https:\/\/www.europesays.com\/fr\/wp-json\/wp\/v2\/users\/2"}],"replies":[{"embeddable":true,"href":"https:\/\/www.europesays.com\/fr\/wp-json\/wp\/v2\/comments?post=641793"}],"version-history":[{"count":0,"href":"https:\/\/www.europesays.com\/fr\/wp-json\/wp\/v2\/posts\/641793\/revisions"}],"wp:featuredmedia":[{"embeddable":true,"href":"https:\/\/www.europesays.com\/fr\/wp-json\/wp\/v2\/media\/641794"}],"wp:attachment":[{"href":"https:\/\/www.europesays.com\/fr\/wp-json\/wp\/v2\/media?parent=641793"}],"wp:term":[{"taxonomy":"category","embeddable":true,"href":"https:\/\/www.europesays.com\/fr\/wp-json\/wp\/v2\/categories?post=641793"},{"taxonomy":"post_tag","embeddable":true,"href":"https:\/\/www.europesays.com\/fr\/wp-json\/wp\/v2\/tags?post=641793"}],"curies":[{"name":"wp","href":"https:\/\/api.w.org\/{rel}","templated":true}]}}