{"id":641795,"date":"2026-01-05T05:24:23","date_gmt":"2026-01-05T05:24:23","guid":{"rendered":"https:\/\/www.europesays.com\/fr\/641795\/"},"modified":"2026-01-05T05:24:23","modified_gmt":"2026-01-05T05:24:23","slug":"une-pepite-turc-fait-saliver-le-board-rennais","status":"publish","type":"post","link":"https:\/\/www.europesays.com\/fr\/641795\/","title":{"rendered":"Une p\u00e9pite turc fait saliver le board rennais"},"content":{"rendered":"<p>                                            Publi\u00e9 le 04\/01\/2026 \u00e0 13h16<br \/>\n                                                                                3 minutes de lecture\n                                                                    <\/p>\n<p>F\u00e9ru de sport et plus particuli\u00e8rement de ballon rond depuis ma plus tendre enfance.<\/p>\n<p>                                            Lire la suite<\/p>\n<p>Le mercato hivernal du Stade Rennais s\u00a0\u00bbannonce particuli\u00e8rement actif avec l&rsquo;identification de plusieurs cibles prometteuses pour renforcer l&rsquo;effectif d&rsquo;<strong>Habib Beye<\/strong>. Dans cette optique de recrutement strat\u00e9gique, la direction bretonne men\u00e9e par <strong>Lo\u00efc D\u00e9sir\u00e9<\/strong> a jet\u00e9 son d\u00e9volu sur un talent \u00e9mergent du football turc qui fait sensation en deuxi\u00e8me division. Le club rennais, conscient des d\u00e9fis qui l&rsquo;attendent lors de la seconde partie de saison en Ligue 1, cherche activement \u00e0 d\u00e9nicher des p\u00e9pites capables de s&rsquo;imposer rapidement au plus haut niveau. Cette recherche de jeunes talents s&rsquo;inscrit dans une politique de recrutement ambitieuse visant \u00e0 concurrencer les cadors du championnat fran\u00e7ais. Les <strong>Rouge et Noir<\/strong> anticipent d\u00e9j\u00e0 les \u00e9ch\u00e9ances cruciales qui les attendent et souhaitent se donner les moyens de leurs ambitions sportives.<\/p>\n<p>                                <img decoding=\"async\" src=\"https:\/\/www.europesays.com\/fr\/wp-content\/uploads\/2025\/04\/1744123449_543_logo.png\" alt=\"Logo\"\/><\/p>\n<p>100\u20ac offerts sur ton 1er pari !<\/p>\n<p>                            <a href=\"https:\/\/www.score.fr\/redirection\/1\/\" class=\"headband-button\" target=\"_blank\" rel=\"noopener\">J&rsquo;en profite<\/a><\/p>\n<p>                                                                <img loading=\"lazy\" decoding=\"async\" src=\"https:\/\/www.europesays.com\/fr\/wp-content\/uploads\/2026\/01\/mercato-rennes-une-pepite-turc-fait-saliver-le-board-rennais.jpg\" alt=\"Illustration : &quot;Mercato Rennes : Une p\u00e9pite turc fait saliver le board rennais &quot;\" class=\"figure-img img-fluid\" width=\"780\" height=\"478\"\/><\/p>\n<p>                                    \u00a9 Site officiel du Stade Rennais                                <\/p>\n<p>H\u00fcseyin Maldar, la nouvelle p\u00e9pite turque convoit\u00e9e<\/p>\n<p>Selon les r\u00e9v\u00e9lations de <strong>Sporxx<\/strong>, le Stade Rennais suit avec attention les performances exceptionnelles d&rsquo;<strong>H\u00fcseyin Maldar<\/strong>, un lat\u00e9ral droit de grande promesse \u00e9voluant actuellement \u00e0 Pendikspor en deuxi\u00e8me division turque. Ce natif de <strong>Bal?kesir<\/strong> appartient officiellement \u00e0 Ey\u00fcpspor, club avec lequel il est li\u00e9 par un contrat courant jusqu&rsquo;en <strong>juin 2029<\/strong>. Malgr\u00e9 son jeune \u00e2ge, le d\u00e9fenseur turc affiche d\u00e9j\u00e0 des statistiques impressionnantes qui t\u00e9moignent de son potentiel offensif remarquable. En seulement <strong>13 apparitions<\/strong> en championnat cette saison, il a d\u00e9j\u00e0 trouv\u00e9 le chemin des filets \u00e0 trois reprises tout en d\u00e9livrant deux passes d\u00e9cisives \u00e0 ses co\u00e9quipiers. Ces performances exceptionnelles pour un d\u00e9fenseur lat\u00e9ral d\u00e9montrent sa polyvalence et sa capacit\u00e9 \u00e0 apporter un plus offensif non n\u00e9gligeable \u00e0 son \u00e9quipe.<\/p>\n<p>Une concurrence f\u00e9roce pour s&rsquo;attacher les services du prodige<\/p>\n<p>Les excellentes prestations d&rsquo;<strong>H\u00fcseyin Maldar<\/strong> n&rsquo;ont pas \u00e9chapp\u00e9 aux observateurs du football turc, puisque <strong>Trabzonspor<\/strong> figure \u00e9galement parmi les pr\u00e9tendants s\u00e9rieux pour recruter le jeune talent. Cette concurrence directe sur le march\u00e9 turc pourrait compliquer les n\u00e9gociations pour le Stade Rennais, qui devra faire preuve de persuasion pour convaincre le joueur de franchir le pas vers la Ligue 1 fran\u00e7aise. L&rsquo;int\u00e9r\u00eat rennais pour Maldar s&rsquo;inscrit dans une r\u00e9flexion plus large concernant l&rsquo;avenir du poste de lat\u00e9ral droit, actuellement occup\u00e9 par <strong>Przemys?aw Frankowski<\/strong>. Le pr\u00eat de l&rsquo;international polonais arrive \u00e0 \u00e9ch\u00e9ance en <strong>juin prochain<\/strong>, et bien qu&rsquo;une option d&rsquo;achat existe dans l&rsquo;accord, la direction bretonne semble vouloir anticiper et pr\u00e9parer une alternative cr\u00e9dible. Cette strat\u00e9gie t\u00e9moigne d&rsquo;une planification \u00e0 long terme et d&rsquo;une volont\u00e9 de ne pas se retrouver d\u00e9munie en cas de d\u00e9part du joueur polonais.<\/p>\n<p>Un investissement d&rsquo;avenir \u00e0 co\u00fbt ma\u00eetris\u00e9<\/p>\n<p>L&rsquo;aspect financier de cette op\u00e9ration potentielle pr\u00e9sente un avantage consid\u00e9rable pour les finances rennaises, puisque <strong>Transfertmarkt<\/strong> \u00e9value actuellement H\u00fcseyin Maldar \u00e0 seulement <strong>350 000 euros<\/strong>. Cette valorisation relativement modeste pour un joueur aux statistiques prometteuses repr\u00e9sente une opportunit\u00e9 int\u00e9ressante pour le Stade Rennais de r\u00e9aliser un investissement intelligent sur l&rsquo;avenir. La direction de <strong>Habib Beye<\/strong> pourrait ainsi anticiper les besoins futurs de l&rsquo;\u00e9quipe tout en s&rsquo;offrant les services d&rsquo;un joueur en pleine progression. Cette approche pragmatique du mercato illustre parfaitement la philosophie du club breton, qui privil\u00e9gie les jeunes talents \u00e0 fort potentiel plut\u00f4t que les recrues on\u00e9reuses aux carri\u00e8res d\u00e9j\u00e0 \u00e9tablies.<\/p>\n<p><strong>Ce samedi 3 janvier, le Stade Rennais se d\u00e9place \u00e0 Lille pour lancer son ann\u00e9e 2026 en Ligue 1. \u00c0 cette occasion, profitez de 100\u20ac offerts pour votre premi\u00e8re inscription sur Parions Sport en Ligne. <\/strong><a href=\"https:\/\/www.score.fr\/redirection\/1\/\" target=\"_blank\" rel=\"noopener\"><strong>Les Rouge et Noir cr\u00e9ent la sensation dans le Nord ? Pariez sur une victoire du Stade Rennais face au LOSC sur le score de 0-1, 0-2 ou 0-3 vous rapporte jusqu\u2019\u00e0 620 \u20ac !<\/strong><\/a><\/p>\n<p><strong>Pour en profiter, c\u2019est tr\u00e8s simple :<\/strong><\/p>\n<p><strong>&#8211; Cr\u00e9ez votre compte joueur en seulement 2 \u00e9tapes <\/strong><a href=\"https:\/\/www.score.fr\/redirection\/1\/\" target=\"_blank\" rel=\"noopener\"><strong>ici<\/strong><\/a><\/p>\n<p><strong>&#8211; R\u00e9alisez votre 1er d\u00e9p\u00f4t puis placez votre 1er pari (Minimum 5\u20ac)<\/strong><\/p>\n<p><strong>&#8211; Une fois votre 1er d\u00e9p\u00f4t et votre 1er pari r\u00e9alis\u00e9s, l\u2019int\u00e9gralit\u00e9 du montant de ce 1er pari sera cr\u00e9dit\u00e9e sur votre compte joueur dans la limite de 100\u20ac maximum et sous la forme de cr\u00e9dits de jeu non retirables. Le cr\u00e9dit s\u2019effectuera alors en une seule \u00e9tape et sous 3 jours<\/strong><\/p>\n<p><strong>Jouer comporte des risques : endettement, d\u00e9pendance\u2026 Appelez le 09 74 75 13 13 (appel non surtax\u00e9)<\/strong><\/p>\n","protected":false},"excerpt":{"rendered":"Publi\u00e9 le 04\/01\/2026 \u00e0 13h16 3 minutes de lecture F\u00e9ru de sport et plus particuli\u00e8rement de ballon rond&hellip;\n","protected":false},"author":2,"featured_media":641796,"comment_status":"","ping_status":"","sticky":false,"template":"","format":"standard","meta":{"footnotes":""},"categories":[2821],"tags":[1111,11,829,1777,674,1011,27,12,584,25],"class_list":{"0":"post-641795","1":"post","2":"type-post","3":"status-publish","4":"format-standard","5":"has-post-thumbnail","7":"category-rennes","8":"tag-actu","9":"tag-actualites","10":"tag-bretagne","11":"tag-eu","12":"tag-europe","13":"tag-fr","14":"tag-france","15":"tag-news","16":"tag-rennes","17":"tag-republique-francaise"},"share_on_mastodon":{"url":"https:\/\/pubeurope.com\/@fr\/115840828307453424","error":""},"_links":{"self":[{"href":"https:\/\/www.europesays.com\/fr\/wp-json\/wp\/v2\/posts\/641795","targetHints":{"allow":["GET"]}}],"collection":[{"href":"https:\/\/www.europesays.com\/fr\/wp-json\/wp\/v2\/posts"}],"about":[{"href":"https:\/\/www.europesays.com\/fr\/wp-json\/wp\/v2\/types\/post"}],"author":[{"embeddable":true,"href":"https:\/\/www.europesays.com\/fr\/wp-json\/wp\/v2\/users\/2"}],"replies":[{"embeddable":true,"href":"https:\/\/www.europesays.com\/fr\/wp-json\/wp\/v2\/comments?post=641795"}],"version-history":[{"count":0,"href":"https:\/\/www.europesays.com\/fr\/wp-json\/wp\/v2\/posts\/641795\/revisions"}],"wp:featuredmedia":[{"embeddable":true,"href":"https:\/\/www.europesays.com\/fr\/wp-json\/wp\/v2\/media\/641796"}],"wp:attachment":[{"href":"https:\/\/www.europesays.com\/fr\/wp-json\/wp\/v2\/media?parent=641795"}],"wp:term":[{"taxonomy":"category","embeddable":true,"href":"https:\/\/www.europesays.com\/fr\/wp-json\/wp\/v2\/categories?post=641795"},{"taxonomy":"post_tag","embeddable":true,"href":"https:\/\/www.europesays.com\/fr\/wp-json\/wp\/v2\/tags?post=641795"}],"curies":[{"name":"wp","href":"https:\/\/api.w.org\/{rel}","templated":true}]}}