{"id":641799,"date":"2026-01-05T05:27:16","date_gmt":"2026-01-05T05:27:16","guid":{"rendered":"https:\/\/www.europesays.com\/fr\/641799\/"},"modified":"2026-01-05T05:27:16","modified_gmt":"2026-01-05T05:27:16","slug":"aeroport-salle-de-spectacle-planetarium-ces-10-grands-chantiers-qui-vont-aboutir-en-2026-dans-la-metropole-nice-cote-dazur","status":"publish","type":"post","link":"https:\/\/www.europesays.com\/fr\/641799\/","title":{"rendered":"A\u00e9roport, salle de spectacle, plan\u00e9tarium\u2026 Ces 10 grands chantiers qui vont aboutir en 2026 dans la M\u00e9tropole Nice-C\u00f4te d\u2019Azur"},"content":{"rendered":"<p>                                                                                1.L\u2019extension du terminal 2 de l\u2019a\u00e9roport<\/p>\n<p class=\"fs-5 \">L\u2019extension du terminal 2 de l\u2019a\u00e9roport de Nice va prendre son envol. Le colossal chantier (25 000 m2) entre dans sa phase d\u2019atterrissage. L\u2019extension doit permettre de fluidifier le voyage des Azur\u00e9ens et des touristes d&rsquo;ici l&rsquo;\u00e9t\u00e9.<\/p>\n<p class=\"fs-5 \">Apr\u00e8s avoir surmont\u00e9 les turbulences de la crise sanitaire et des recours juridiques, le b\u00e2timent de bois et d\u2019acier s&rsquo;\u00e9tire sur une longueur spectaculaire jusqu&rsquo;\u00e0 n&rsquo;\u00eatre plus qu&rsquo;\u00e0 quelques m\u00e8tres du fleuve Var.<\/p>\n<p class=\"fs-5 \">\u00c0 l\u2019int\u00e9rieur, une nouvelle salle d\u2019enregistrement \u00ab lumineuse et bois\u00e9e \u00bb. L&rsquo;am\u00e9lioration la plus pratique pour le voyageur concerne l&#8217;embarquement.<\/p>\n<p class=\"fs-5 \">Six nouveaux postes avions, autrefois isol\u00e9s, seront d\u00e9sormais directement reli\u00e9s au terminal.<\/p>\n<p class=\"fs-5 \">\u00ab Jusqu\u2019ici, il fallait prendre le bus pour rejoindre les avions \u00bb, souligne Franck Goldnadel, pr\u00e9sident du directoire des A\u00e9roports de la C\u00f4te d\u2019Azur. D\u00e9sormais, moyens et gros porteurs seront au contact direct de la structure.<\/p>\n<p class=\"fs-5 \">Si une partie de l&rsquo;extension, incluant la salle d&#8217;embarquement internationale et l&rsquo;acc\u00e8s \u00e0 l&rsquo;A380, est d\u00e9j\u00e0 op\u00e9rationnelle, la totalit\u00e9 du projet sera livr\u00e9e \u00ab au plus tard au d\u00e9but de l\u2019\u00e9t\u00e9 2026 \u00bb, assurait le dirigeant, tout en \u00e9voquant la possibilit\u00e9 d\u2019une ouverture anticip\u00e9e pour une phase de \u00ab rodage technique \u00bb.<\/p>\n<p>                                                                                2. Un quartier moderne \u00e0 l\u2019ouest de Nice<\/p>\n<p>        <img decoding=\"async\" src=\"https:\/\/www.europesays.com\/fr\/wp-content\/uploads\/2026\/01\/ARTVIEW-10663208-ORIG-feb1203_upload-1-lw9n2s9chtbe-dambin.jpg\" class=\"figure-img img-fluid rounded\" alt=\"La tour Hana, ce dimanche. La livraison de cette pi\u00e8ce ma\u00eeresse de Nice Meridia est imminente.\"\/><\/p>\n<p>                                    La tour Hana, ce dimanche. La livraison de cette pi\u00e8ce ma\u00eeresse de Nice Meridia est imminente. <br \/>Photo Dylan Meiffret<\/p>\n<p class=\"fs-5 \">Entre l\u2019ach\u00e8vement de la tour Hana, l\u2019ouverture de commerces de proximit\u00e9 et l\u2019arriv\u00e9e d\u2019un p\u00f4le de loisirs, le quartier M\u00e9ridia, \u00e0 Nice-Ouest, aura d\u00e9sormais un centre. Les livraisons seront \u00e9chelonn\u00e9es tout au long de l\u2019ann\u00e9e.<\/p>\n<p class=\"fs-5 \">Dans la plaine du Var, le paysage urbain change \u00e0 vue d\u2019\u0153il. Le quartier M\u00e9ridia est d\u00e9sormais sorti de terre \u00e0 50 %. Son c\u0153ur doit accueillir 2.800 habitants suppl\u00e9mentaires d&rsquo;ici fin 2026.<\/p>\n<p class=\"fs-5 \">Parmi les pi\u00e8ces ma\u00eetresses, la tour Hana, sign\u00e9e par l\u2019architecte Sou Fujimoto, devrait \u00eatre livr\u00e9e d\u00e9but 2026. Pour les futurs acqu\u00e9reurs, les prix d\u00e9butent \u00e0 300.000 euros pour un studio et grimpent \u00e0 700.000 euros pour un trois-pi\u00e8ces.<\/p>\n<p class=\"fs-5 \">\u00ab Un secteur \u00e0 conqu\u00e9rir pour les enseignes \u00bb pour Sabina Picaud-Piga, charg\u00e9e du d\u00e9veloppement et de la programmation \u00e9conomique \u00e0 l\u2019\u00e9tablissement public d\u2019am\u00e9nagement Nice \u00c9covall\u00e9e.<\/p>\n<p class=\"fs-5 \">\u00ab Une opportunit\u00e9 pour la venue de nouvelles enseignes \u00bb, selon Jean-Marie Debaisieux, pr\u00e9sident de la F\u00e9d\u00e9ration du commerce ni\u00e7ois et de l\u2019artisanat.<\/p>\n<p class=\"fs-5 \">Mais l\u2019offre de services qui attirera le reste de la ville sera sans doute son p\u00f4le de loisirs : en novembre est pr\u00e9vue l\u2019ouverture d\u2019Ivazio Island, complexe proposant un bowling de six pistes, un minigolf immersif, ainsi que du lancer de haches et des jeux d&rsquo;arcade.<\/p>\n<p>                                                                                3. Une place centrale \u00e0 Saint-Laurent-du-Var<\/p>\n<p>        <img decoding=\"async\" src=\"https:\/\/www.europesays.com\/fr\/wp-content\/uploads\/2026\/01\/ARTVIEW-10663208-ORIG-e8fb26c_upload-1-q5oexsmitevd-dxfgfc.PNG\" class=\"figure-img img-fluid rounded\" alt=\"A generic square placeholder image with rounded corners in a figure.\"\/><\/p>\n<p>                Photo Cyril Dodergny<\/p>\n<p class=\"fs-5 \">Avec 55 logements, un parking public et un parc de 5.000 m2, le visage de la future place centrale de Saint-Laurent-du-Var, le square B\u00e8nes (photo ci-contre), se dessine. Le gros du chantier devrait s\u2019achever d\u2019ici la fin du mois.<\/p>\n<p class=\"fs-5 \">\u00ab Il reste \u00e0 cr\u00e9er des espaces devant les commerces, terminer les plantations, mettre en fonctionnement la fontaine et installer de l\u2019\u00e9clairage \u00bb, pr\u00e9cisait St\u00e9phane Dor\u00e9e, directeur g\u00e9n\u00e9ral des services techniques de la Ville.<\/p>\n<p class=\"fs-5 \">Le programme immobilier pr\u00e9voit 55 logements, dont une part importante pour le social et \u00e0 l&rsquo;accession aid\u00e9e. Au-del\u00e0 du b\u00e2ti, l&rsquo;accent est mis sur la qualit\u00e9 de vie avec un parc de 5 000 m2.<\/p>\n<p class=\"fs-5 \">Le maire Joseph Segura s&rsquo;enthousiasme : \u00ab On aura une vraie place centrale en c\u0153ur de ville. Fontaine, carrousel et bancs modernes prendront place entre les 70 arbres, dont deux magnifiques c\u00e8dres. \u00bb<\/p>\n<p class=\"fs-5 \">Pour l&rsquo;urbaniste-paysagiste Alfred Peter, l&rsquo;objectif \u00e9tait clair : \u00ab Ce sera le salon de tous les habitants, un \u00eelot de fra\u00eecheur et une vraie place centrale clairement identifi\u00e9e. \u00bb<\/p>\n<p class=\"fs-5 \">Le rez-de-chauss\u00e9e des immeubles accueillera sept cellules commerciales avec terrasses, s\u00e9lectionn\u00e9es pour leur compl\u00e9mentarit\u00e9 avec l&rsquo;offre existante. Elles devraient \u00eatre livr\u00e9es \u00e0 la fin du premier trimestre. Restera leur am\u00e9nagement, pour une ouverture esp\u00e9r\u00e9e \u00e0 l\u2019\u00e9t\u00e9.<\/p>\n<p>                                                                                4. Un temple du spectacle \u00e0 La Trinit\u00e9<\/p>\n<p class=\"fs-5 \">Avec sa fa\u00e7ade dor\u00e9e et ses \u00e9quipements modulables, la future salle de spectacle de La Trinit\u00e9 promet de devenir un p\u00f4le culturel majeur de la m\u00e9tropole d\u00e8s sa livraison, dans les prochaines semaines.<\/p>\n<p class=\"fs-5 \">Gr\u00e2ce \u00e0 des gradins r\u00e9tractables, La Stella pourra s\u2019adapter \u00e0 toutes les configurations : projections cin\u00e9matographiques, concerts (assis ou debout) et m\u00eame banquets.<\/p>\n<p class=\"fs-5 \">\u00ab Ce n&rsquo;est pas seulement une salle de spectacle : La Stella sera mise \u00e0 disposition des associations pour des conf\u00e9rences ou des \u00e9v\u00e9nements artistiques. Une salle locale mais \u00e0 la vis\u00e9e bien plus large \u00bb, esp\u00e8re le maire Ladislas Polski.<\/p>\n<p class=\"fs-5 \">Pour les habitants, le complexe restera accessible en dehors des heures de spectacle, notamment pour acc\u00e9der \u00e0 l&rsquo;espace de restauration situ\u00e9 au premier \u00e9tage, qui offre une terrasse ensoleill\u00e9e avec vue sur les montagnes.<\/p>\n<p class=\"fs-5 \">Ne reste plus qu&rsquo;\u00e0 attendre le lever de rideau pour d\u00e9couvrir la programmation, en cours d\u2019\u00e9laboration.<\/p>\n<p>                                                                                5. Un centre de traitement des d\u00e9chets de pointe \u00e0 Nice-Est<\/p>\n<p class=\"fs-5 \">Modernisation de la valorisation \u00e9nerg\u00e9tique, cr\u00e9ation d\u2019un centre de tri de haute technologie et chauffage urbain, le centre de traitement des d\u00e9chets de L\u2019Ariane, baptis\u00e9 Arianeo, se m\u00e9tamorphose. Ce projet d&rsquo;envergure repose sur la cohabitation de deux unit\u00e9s distinctes : l\u2019une d\u00e9di\u00e9e aux ordures m\u00e9nag\u00e8res r\u00e9siduelles et l\u2019autre au tri des d\u00e9chets.<\/p>\n<p class=\"fs-5 \">La premi\u00e8re phase du chantier, concernant l&rsquo;unit\u00e9 de valorisation \u00e9nerg\u00e9tique, vient de s&rsquo;achever.<\/p>\n<p class=\"fs-5 \">\u00c9lodie Montoroi, directrice r\u00e9gionale de la valorisation \u00e9nerg\u00e9tique chez Veolia, pr\u00e9cise l\u2019ampleur du progr\u00e8s : \u00ab Gr\u00e2ce \u00e0 ces travaux de modernisation, on a retrouv\u00e9 la capacit\u00e9 de traitement initiale de l\u2019usine sans l\u2019augmenter. [&#8230;] On a baiss\u00e9 de 80 % les polluants rejet\u00e9s dans l\u2019air par la chemin\u00e9e. On a les seuils les plus bas d\u2019Europe. \u00bb<\/p>\n<p class=\"fs-5 \">Avec une capacit\u00e9 de 380.000 tonnes par an, l&rsquo;usine traite les d\u00e9chets de la M\u00e9tropole, de la Riviera fran\u00e7aise, du Pays des Paillons, de Monaco et des h\u00f4pitaux du d\u00e9partement.<\/p>\n<p class=\"fs-5 \">Le second volet du chantier concerne la cr\u00e9ation d&rsquo;un centre de tri pour la collecte s\u00e9lective (bacs jaunes) qui sera op\u00e9rationnel au deuxi\u00e8me semestre.<\/p>\n<p class=\"fs-5 \">Ce nouveau b\u00e2timent, d&rsquo;une capacit\u00e9 de 26.000 tonnes par an, utilisera des technologies de pointe.<\/p>\n<p class=\"fs-5 \">Le processus s&rsquo;appuiera sur \u00ab des tapis, des s\u00e9parateurs, des outils de tri optique qui seront assist\u00e9s par l\u2019intelligence artificielle \u00bb afin de \u00ab s\u00e9parer les d\u00e9chets en une quinzaine de mati\u00e8res (aluminium, papier, fer, plastique) pour les revendre comme mati\u00e8re premi\u00e8re \u00bb, compl\u00e8te \u00c9lodie Montoroi.<\/p>\n<p class=\"fs-5 \">L&rsquo;ach\u00e8vement total du site, incluant le centre administratif et l&rsquo;habillage esth\u00e9tique des b\u00e2timents, est attendu au premier semestre 2027.<\/p>\n<p>                                                                                6. Des halles-mus\u00e9e \u00e0 Vence<\/p>\n<p class=\"fs-5 \">Entre vestiges pal\u00e9ochr\u00e9tiens et gastronomie locale, le projet de halles-mus\u00e9e devrait aboutir au printemps, assure le maire de Vence R\u00e9gis Lebigre.<\/p>\n<p class=\"fs-5 \">Le chantier a pris une dimension exceptionnelle en mars, lors de la d\u00e9couverte de vestiges arch\u00e9ologiques majeurs sous l&rsquo;ancien h\u00f4tel de ville : une cath\u00e9drale datant probablement du Ve si\u00e8cle et un baptist\u00e8re. Ces d\u00e9couvertes ont n\u00e9cessit\u00e9 un r\u00e9ajustement complet du projet initial en lien avec l\u2019\u00c9tat.<\/p>\n<p class=\"fs-5 \">Une opportunit\u00e9, pour le maire qui en avait fait la proposition phare de sa campagne en 2020 : \u00ab Les vestiges, bien que remarquables, ne suffisent pas \u00e0 eux seuls \u00e0 attirer un public exclusivement amateur d\u2019arch\u00e9ologie. En concertation avec les arch\u00e9ologues, les d\u00e9couvertes occuperont 70 % du b\u00e2timent, et 30 % seront d\u00e9di\u00e9s aux halles valorisant la cuisine m\u00e9diterran\u00e9enne. \u00bb Une proc\u00e9dure de protection au titre des monuments historiques sera engag\u00e9e.<\/p>\n<p>                                                                                7. Un h\u00f4tel des polices nationale et municipale \u00e0 Nice<\/p>\n<p>        <img decoding=\"async\" src=\"https:\/\/www.europesays.com\/fr\/wp-content\/uploads\/2026\/01\/ARTVIEW-10663208-ORIG-ceb3170_upload-1-an5kwcueoefz-ezfdezf.PNG\" class=\"figure-img img-fluid rounded\" alt=\"A generic square placeholder image with rounded corners in a figure.\"\/><\/p>\n<p>                Photo S\u00e9bastien Botella<\/p>\n<p class=\"fs-5 \">Le chantier du futur m\u00e9ga commissariat de Nice (photo ci-contre), qui regroupera polices nationale et municipale, entre dans sa derni\u00e8re ligne droite. \u00ab La livraison globale de l\u2019h\u00f4tel des polices est pr\u00e9vue pour octobre \u00bb, se f\u00e9licite le maire Christian Estrosi.<\/p>\n<p class=\"fs-5 \">Co\u00fbt de l&rsquo;op\u00e9ration : 220 millions d&rsquo;euros (170 de l&rsquo;\u00c9tat, 50 de la Ville).<\/p>\n<p class=\"fs-5 \">\u00c0 l&rsquo;int\u00e9rieur, le futur centre de commandement commence \u00e0 se dessiner. Le site disposera de 47 cellules de garde \u00e0 vue, contre seulement 17 actuellement dans les locaux de la police nationale. Le b\u00e2timent accueillera aussi un centre d&rsquo;hypervision urbain.<\/p>\n<p class=\"fs-5 \">Pour r\u00e9pondre aux besoins logistiques, deux niveaux de sous-sol ont \u00e9t\u00e9 am\u00e9nag\u00e9s. Ils compteront 567 places de stationnement r\u00e9serv\u00e9es aux v\u00e9hicules s\u00e9rigraphi\u00e9s et aux agents.<\/p>\n<p class=\"fs-5 \">La prochaine grande \u00e9tape est fix\u00e9e \u00e0 mars avec l\u2019ach\u00e8vement du gros \u0153uvre, avant une mise en service coordonn\u00e9e de l&rsquo;ensemble des services \u00e0 l&rsquo;automne de la m\u00eame ann\u00e9e.<\/p>\n<p>                                                                                8. La gare du Sud se mue en halle de la D\u00e9couverte \u00e0 Nice<\/p>\n<p class=\"fs-5 \">\u00c0 Nice, le quartier de la Lib\u00e9ration s&rsquo;appr\u00eate \u00e0 vivre une nouvelle transformation de la gare du Sud en halle de la D\u00e9couverte. Le c\u0153ur du projet repose sur une diversification culturelle.<\/p>\n<p class=\"fs-5 \">L&rsquo;un des piliers : la biblioth\u00e8que Raoul-Mille, \u00e9tendue et repens\u00e9e pour \u00ab proposer plus d\u2019\u0153uvres contemporaines, comme des romans graphiques et des mangas \u00bb, d\u00e9taille Isabelle Dimondo, directrice du r\u00e9seau des biblioth\u00e8ques ni\u00e7oises.<\/p>\n<p class=\"fs-5 \">Le site accueillera \u00e9galement un caf\u00e9 central, une ludoth\u00e8que accessible aux adultes, une artoth\u00e8que permettant aux usagers d&#8217;emprunter des \u0153uvres, un Fablab d\u00e9di\u00e9 aux nouvelles technologies et une cuisine p\u00e9dagogique.<\/p>\n<p class=\"fs-5 \">Premi\u00e8re phase le mois prochain avec l&rsquo;installation du caf\u00e9 et une exposition inaugurale consacr\u00e9e \u00e0 L\u00e9onard de Vinci m\u00ealant peintures, dessins, maquettes \u00e0 toucher et installations vid\u00e9o.<\/p>\n<p>                                                                                9. Un neuvi\u00e8me parc-relais \u00e0 Nice<\/p>\n<p class=\"fs-5 \">Le futur parc-relais Tzarewitch devrait \u00eatre livr\u00e9 dans les prochaines semaines au c\u0153ur du quartier Gambetta \u00e0 Nice. L\u00e0 o\u00f9 se dressait autrefois une station-service, un imposant \u00e9difice de trois \u00e9tages est en construction. Sur les 265 places pr\u00e9vues, 53 places seront \u00e9quip\u00e9es de bornes de recharge \u00e9lectrique et 9 r\u00e9serv\u00e9es aux personnes \u00e0 mobilit\u00e9 r\u00e9duite.<\/p>\n<p class=\"fs-5 \">Objectif : faciliter le report modal. Les automobilistes pourront y laisser leur v\u00e9hicule et finir leur trajet via les transports en commun, notamment la ligne de bus \u00e0 haut niveau de service 8 +.<\/p>\n<p class=\"fs-5 \">Un neuvi\u00e8me parking relais en attendant\u2026 les deux suivants, promet le maire-candidat Christian Estrosi : \u00ab Ils seront r\u00e9alis\u00e9s dans les trois prochaines ann\u00e9es boulevard de la Mantega et au-dessus de la place Goiran \u00bb pour \u00ab r\u00e9pondre aux besoins des habitants des collines de Saint-Pancrace, Pessicart et Saint-Pierre-de-F\u00e9ric \u00bb.<\/p>\n<p>                                                                                10. Valberg : un des plus grands plan\u00e9tariums du massif alpin<\/p>\n<p>        <img decoding=\"async\" src=\"https:\/\/www.europesays.com\/fr\/wp-content\/uploads\/2026\/01\/ARTVIEW-10663208-ORIG-73872d5_upload-1-3iyyc83w67ia-fezdezd.PNG\" class=\"figure-img img-fluid rounded\" alt=\"La structure du d\u00f4me du planetarium de Valberg, d\u2019un diam\u00e8tre de douze m\u00e8tres, repose sur l\u2019assemblage de seize p\u00e9tales.\"\/><\/p>\n<p class=\"fs-5 \">Le chantier de la Maison d\u00e9partementale de l\u2019environnement de Valberg avance. Ce p\u00f4le scientifique et culturel doit \u00eatre livr\u00e9 avant l\u2019\u00e9t\u00e9.<\/p>\n<p class=\"fs-5 \">La structure du d\u00f4me du plan\u00e9tarium, d&rsquo;un diam\u00e8tre de 12 m\u00e8tres, repose sur l&rsquo;assemblage de 16 p\u00e9tales.<\/p>\n<p class=\"fs-5 \">Philippe Legrand, directeur des services techniques de Valberg, en souligne la sp\u00e9cificit\u00e9 : \u00ab Les p\u00e9tales sont en r\u00e9sine, l\u00e9gers et r\u00e9sistants. Ils ont la m\u00eame consistance qu&rsquo;une coque de bateau. \u00bb<\/p>\n<p class=\"fs-5 \">Au-del\u00e0 de la prouesse technique, le chantier consiste \u00e0 r\u00e9nover l\u2019ancienne Maison valbergane et \u00e0 lui adjoindre une extension moderne de plain-pied, dot\u00e9e d\u2019une toiture v\u00e9g\u00e9talis\u00e9e et d\u2019une large fa\u00e7ade vitr\u00e9e.<\/p>\n<p class=\"fs-5 \">Le b\u00e2timent sera aliment\u00e9 par g\u00e9othermie gr\u00e2ce \u00e0 19 sondes plongeant \u00e0 120 m\u00e8tres de profondeur. Pour Charles Ange Gin\u00e9sy, pr\u00e9sident du D\u00e9partement et premier adjoint au maire de P\u00e9one, ce lieu est \u00ab au carrefour de l\u2019excellence scientifique et de la pr\u00e9servation de la biodiversit\u00e9 \u00bb.<\/p>\n<p class=\"fs-5 \">\u00c0 terme, le site proposera une offre vari\u00e9e : une salle polyvalente transformable en salle de spectacle, un jardin p\u00e9dagogique et un plan\u00e9tarium dernier cri. <\/p>\n","protected":false},"excerpt":{"rendered":"1.L\u2019extension du terminal 2 de l\u2019a\u00e9roport L\u2019extension du terminal 2 de l\u2019a\u00e9roport de Nice va prendre son envol.&hellip;\n","protected":false},"author":2,"featured_media":641800,"comment_status":"","ping_status":"","sticky":false,"template":"","format":"standard","meta":{"footnotes":""},"categories":[2819],"tags":[1111,11,1777,674,1011,27,12,2401,882,25],"class_list":{"0":"post-641799","1":"post","2":"type-post","3":"status-publish","4":"format-standard","5":"has-post-thumbnail","7":"category-nice","8":"tag-actu","9":"tag-actualites","10":"tag-eu","11":"tag-europe","12":"tag-fr","13":"tag-france","14":"tag-news","15":"tag-nice","16":"tag-provence-alpes-cote-dazur","17":"tag-republique-francaise"},"share_on_mastodon":{"url":"https:\/\/pubeurope.com\/@fr\/115840840379134364","error":""},"_links":{"self":[{"href":"https:\/\/www.europesays.com\/fr\/wp-json\/wp\/v2\/posts\/641799","targetHints":{"allow":["GET"]}}],"collection":[{"href":"https:\/\/www.europesays.com\/fr\/wp-json\/wp\/v2\/posts"}],"about":[{"href":"https:\/\/www.europesays.com\/fr\/wp-json\/wp\/v2\/types\/post"}],"author":[{"embeddable":true,"href":"https:\/\/www.europesays.com\/fr\/wp-json\/wp\/v2\/users\/2"}],"replies":[{"embeddable":true,"href":"https:\/\/www.europesays.com\/fr\/wp-json\/wp\/v2\/comments?post=641799"}],"version-history":[{"count":0,"href":"https:\/\/www.europesays.com\/fr\/wp-json\/wp\/v2\/posts\/641799\/revisions"}],"wp:featuredmedia":[{"embeddable":true,"href":"https:\/\/www.europesays.com\/fr\/wp-json\/wp\/v2\/media\/641800"}],"wp:attachment":[{"href":"https:\/\/www.europesays.com\/fr\/wp-json\/wp\/v2\/media?parent=641799"}],"wp:term":[{"taxonomy":"category","embeddable":true,"href":"https:\/\/www.europesays.com\/fr\/wp-json\/wp\/v2\/categories?post=641799"},{"taxonomy":"post_tag","embeddable":true,"href":"https:\/\/www.europesays.com\/fr\/wp-json\/wp\/v2\/tags?post=641799"}],"curies":[{"name":"wp","href":"https:\/\/api.w.org\/{rel}","templated":true}]}}