{"id":641801,"date":"2026-01-05T05:28:23","date_gmt":"2026-01-05T05:28:23","guid":{"rendered":"https:\/\/www.europesays.com\/fr\/641801\/"},"modified":"2026-01-05T05:28:23","modified_gmt":"2026-01-05T05:28:23","slug":"mort-de-brigitte-bardot-une-ceremonie-ouverte-a-tous-les-amis-des-animaux-lui-rendra-hommage-a-nice-2","status":"publish","type":"post","link":"https:\/\/www.europesays.com\/fr\/641801\/","title":{"rendered":"Mort de Brigitte Bardot : une c\u00e9r\u00e9monie ouverte \u00e0 \u00ab\u00a0tous les amis des animaux\u00a0\u00bb lui rendra hommage \u00e0 Nice"},"content":{"rendered":"<p class=\"mb-4 text-lg md:leading-8 break-words\">Depuis le 28 d\u00e9cembre 2025, la C\u00f4te d\u2019Azur est en deuil : <strong>Brigitte Bardot, l\u2019une de ses ic\u00f4nes, est <\/strong><a href=\"https:\/\/fr.style.yahoo.com\/brigitte-bardot-morte-%C3%A0-l-101720999.html\" data-ylk=\"slk:d\u00e9c\u00e9d\u00e9e \u00e0 l\u2019\u00e2ge de 91 ans;elm:context_link;itc:0;sec:content-canvas;outcm:mb_qualified_link;_E:mb_qualified_link;ct:story;\" class=\"link  yahoo-link\" target=\"_blank\" rel=\"noopener\"><strong>d\u00e9c\u00e9d\u00e9e \u00e0 l\u2019\u00e2ge de 91 ans<\/strong><\/a>. Une perte immense pour <a href=\"https:\/\/fr.style.yahoo.com\/mort-brigitte-bardot-lon-sait-104500151.html\" data-ylk=\"slk:ses proches;elm:context_link;itc:0;sec:content-canvas;outcm:mb_qualified_link;_E:mb_qualified_link;ct:story;\" class=\"link  yahoo-link\" target=\"_blank\" rel=\"noopener\">ses proches<\/a>, \u00e0 commencer par <a href=\"https:\/\/fr.style.yahoo.com\/mort-brigitte-bardot-mari-bernard-194537520.html\" data-ylk=\"slk:son mari Bernard d\u2019Ormale;elm:context_link;itc:0;sec:content-canvas;outcm:mb_qualified_link;_E:mb_qualified_link;ct:story;\" class=\"link  yahoo-link\" target=\"_blank\" rel=\"noopener\">son mari Bernard d\u2019Ormale<\/a>, mais aussi pour son grand ami le journaliste Henry-Jean Servat. Particuli\u00e8rement touch\u00e9 par <strong>la mort de celle dont <\/strong><strong>\u00ab il [\u00e9tait] fou \u00bb,<\/strong> le journaliste a plusieurs fois pris la parole au sujet de sa disparition, sur les plateaux de t\u00e9l\u00e9vision mais aussi sur les r\u00e9seaux sociaux. C\u2019\u00e9tait par exemple le cas ce dimanche 4 janvier 2026.<\/p>\n<p class=\"mb-4 text-lg md:leading-8 break-words\">C\u2019est sur X que Henry-Jean Servat s\u2019est exprim\u00e9 ce week-end, annon\u00e7ant qu\u2019une c\u00e9r\u00e9monie en l\u2019honneur de l\u2019actrice Et Dieu\u2026 cr\u00e9a la femme serait organis\u00e9e \u00e0 Nice. \u00ab Apr\u00e8s Saint-Tropez, avec toutes les organisations de d\u00e9fense animale<strong>, nous faisons dire une messe solennelle pour Brigitte Bardot<\/strong> \u00bb, a ainsi \u00e9crit le journaliste, qui pr\u00e9cisait qu&rsquo;elle serait \u00ab c\u00e9l\u00e9br\u00e9e par le p\u00e8re Lequin, aum\u00f4nier des artistes \u00bb. Un \u00e9v\u00e9nement hautement symbolique car il ne rendra pas seulement hommage \u00e0 la femme disparue mais aussi au combat de sa vie pour prot\u00e9ger les droits des animaux. <strong>\u00ab Tous les amis des animaux y sont invit\u00e9s avec leur compagnon \u00e0 quatre pattes \u00bb<\/strong><strong>,<\/strong> ajoutait Henry-Jean Servat. De quoi donner la possibilit\u00e9 \u00e0 ses fans ni\u00e7ois de lui dire un dernier adieu en compagnie de leurs compagnons \u00e0 quatre pattes qu\u2019elle aimait tant.<\/p>\n<p><strong>Brigitte Bardot : Henry-Jean Servat se confie sur leur relation<\/strong><\/p>\n<p class=\"mb-4 text-lg md:leading-8 break-words\">En parall\u00e8le de la pluie d\u2019hommages qui a suivi <a href=\"https:\/\/fr.style.yahoo.com\/mort-brigitte-bardot-arnaqueurs-utilisent-105725209.html\" data-ylk=\"slk:l\u2019annonce de la mort de Brigitte Bardot;elm:context_link;itc:0;sec:content-canvas;outcm:mb_qualified_link;_E:mb_qualified_link;ct:story;\" class=\"link  yahoo-link\" target=\"_blank\" rel=\"noopener\">l\u2019annonce de la mort de Brigitte Bardot<\/a>, plusieurs de <a href=\"https:\/\/fr.style.yahoo.com\/mort-brigitte-bardot-pourquoi-fils-150502686.html\" data-ylk=\"slk:ses proches;elm:context_link;itc:0;sec:content-canvas;outcm:mb_qualified_link;_E:mb_qualified_link;ct:story;\" class=\"link  yahoo-link\" target=\"_blank\" rel=\"noopener\">ses proches<\/a> se sont confi\u00e9s sur leur proximit\u00e9 avec la star, en particulier Henry-Jean Servat. Interrog\u00e9 \u00e0 ce sujet dans les colonnes du Parisien, cit\u00e9 par Gala.fr, il ne cachait pas son \u00e9motion quant <strong>aux souvenirs qu\u2019il partage avec Brigitte Bardot<\/strong>. \u00ab D\u2019embl\u00e9e, nous nous sommes merveilleusement entendus. Nous aimions tous les deux les animaux \u00e0 la folie. Moi, <strong>j\u2019\u00e9tais fou d\u2019elle<\/strong>, et on est devenus tr\u00e8s proches. \u00bb, racontait-il \u00e0 propos de leur rencontre en 1987. Il devait alors r\u00e9aliser une interview pour Paris Match. D\u00e9crite comme une personnalit\u00e9 \u00ab formidable \u00bb qui \u00ab maintenant, est \u00e9ternelle \u00bb, Brigitte Bardot aura \u00e9t\u00e9 l\u2019une de ses plus proches amies. \u00ab J\u2019ai habit\u00e9 chez elle \u00e0 La Madrague. J\u2019ai voyag\u00e9 avec elle, <strong>on a v\u00e9cu des moments tr\u00e8s forts<\/strong>. Elle avait ses folies, elle avait ses passions, elle \u00e9tait engag\u00e9e et s\u2019emportait souvent. Mais toujours pour la bonne cause \u00bb, ajoutait-il tout en assurant que \u00ab ses coups de gueule contre les politiques n\u2019\u00e9taient jamais m\u00e9chants \u00bb. Et de conclure : \u00ab Brigitte \u00e9tait une femme enti\u00e8re et de combat \u00bb.<\/p>\n<p><strong>Brigitte Bardot : quand auront lieu ses obs\u00e8ques ?<\/strong><\/p>\n<p class=\"mb-4 text-lg md:leading-8 break-words\">D\u00e9c\u00e9d\u00e9e \u00e0 la fin de l\u2019ann\u00e9e 2025, <strong>Brigitte Bardot sera <\/strong><a href=\"https:\/\/fr.style.yahoo.com\/mort-brigitte-bardot-date-lieu-172500798.html\" data-ylk=\"slk:inhum\u00e9e selon ses derni\u00e8res volont\u00e9s;elm:context_link;itc:0;sec:content-canvas;outcm:mb_qualified_link;_E:mb_qualified_link;ct:story;\" class=\"link  yahoo-link\" target=\"_blank\" rel=\"noopener\"><strong>inhum\u00e9e selon ses derni\u00e8res volont\u00e9s<\/strong><\/a><strong> \u00e0 Saint-Tropez, sa ville d\u2019adoption<\/strong>. Mais point d\u2019enterrement \u00e0 La Madrague, puisque c\u2019est au cimeti\u00e8re marin qu\u2019elle reposera <a href=\"https:\/\/fr.style.yahoo.com\/mort-brigitte-bardot-auront-lieu-171335234.html\" data-ylk=\"slk:\u00e0 partir du 7 janvier prochain;elm:context_link;itc:0;sec:content-canvas;outcm:mb_qualified_link;_E:mb_qualified_link;ct:story;\" class=\"link  yahoo-link\" target=\"_blank\" rel=\"noopener\">\u00e0 partir du 7 janvier prochain<\/a>. Une c\u00e9r\u00e9monie religieuse sera alors organis\u00e9e \u00e0 l\u2019\u00e9glise Notre-Dame de l\u2019Assomption de la commune.<\/p>\n<p><strong>Sources :<\/strong><\/p>\n<ul class=\"mb-4\">\n<li class=\"ml-4 list-disc\">\n<p class=\"mb-4 text-lg md:leading-8 break-words\">Henry-Jean Servat \u2013 X, le 4 d\u00e9cembre 2026.<\/p>\n<\/li>\n<li class=\"ml-4 list-disc\">\n<p class=\"mb-4 text-lg md:leading-8 break-words\">Brigitte Bardot, une c\u00e9r\u00e9monie organis\u00e9e \u00e0 Nice par ses amis : \u201cTous les amis des animaux sont invit\u00e9s\u201d \u2013 <a href=\"https:\/\/www.gala.fr\/l_actu\/news_de_stars\/brigitte-bardot-une-ceremonie-organisee-a-nice-par-ses-amis-tous-les-amis-des-animaux-sont-invites-20260104\" rel=\"nofollow noopener\" target=\"_blank\" data-ylk=\"slk:Gala.fr;elm:context_link;itc:0;sec:content-canvas\" class=\"link \">Gala.fr<\/a>, le 4 d\u00e9cembre 2025.<\/p>\n<\/li>\n<\/ul>\n<p class=\"mb-4 text-lg md:leading-8 break-words\"><a href=\"https:\/\/www.femmeactuelle.fr\/actu\/news-actu\/mort-de-brigitte-bardot-une-ceremonie-ouverte-a-tous-les-amis-des-animaux-lui-rendra-hommage-a-nice-2202900\" rel=\"nofollow noopener\" target=\"_blank\" data-ylk=\"slk:Lire l&#039;article sur le site de Femme Actuelle;elm:context_link;itc:0;sec:content-canvas\" class=\"link \">Lire l&rsquo;article sur le site de Femme Actuelle<\/a><\/p>\n","protected":false},"excerpt":{"rendered":"Depuis le 28 d\u00e9cembre 2025, la C\u00f4te d\u2019Azur est en deuil : Brigitte Bardot, l\u2019une de ses ic\u00f4nes,&hellip;\n","protected":false},"author":2,"featured_media":641802,"comment_status":"","ping_status":"","sticky":false,"template":"","format":"standard","meta":{"footnotes":""},"categories":[2819],"tags":[1111,11,20224,1777,674,1011,27,74846,29241,12,2401,30530,882,25],"class_list":{"0":"post-641801","1":"post","2":"type-post","3":"status-publish","4":"format-standard","5":"has-post-thumbnail","7":"category-nice","8":"tag-actu","9":"tag-actualites","10":"tag-brigitte-bardot","11":"tag-eu","12":"tag-europe","13":"tag-fr","14":"tag-france","15":"tag-henry-jean-servat","16":"tag-la-cote-dazur","17":"tag-news","18":"tag-nice","19":"tag-plateaux-de-television","20":"tag-provence-alpes-cote-dazur","21":"tag-republique-francaise"},"share_on_mastodon":{"url":"https:\/\/pubeurope.com\/@fr\/115840843991738203","error":""},"_links":{"self":[{"href":"https:\/\/www.europesays.com\/fr\/wp-json\/wp\/v2\/posts\/641801","targetHints":{"allow":["GET"]}}],"collection":[{"href":"https:\/\/www.europesays.com\/fr\/wp-json\/wp\/v2\/posts"}],"about":[{"href":"https:\/\/www.europesays.com\/fr\/wp-json\/wp\/v2\/types\/post"}],"author":[{"embeddable":true,"href":"https:\/\/www.europesays.com\/fr\/wp-json\/wp\/v2\/users\/2"}],"replies":[{"embeddable":true,"href":"https:\/\/www.europesays.com\/fr\/wp-json\/wp\/v2\/comments?post=641801"}],"version-history":[{"count":0,"href":"https:\/\/www.europesays.com\/fr\/wp-json\/wp\/v2\/posts\/641801\/revisions"}],"wp:featuredmedia":[{"embeddable":true,"href":"https:\/\/www.europesays.com\/fr\/wp-json\/wp\/v2\/media\/641802"}],"wp:attachment":[{"href":"https:\/\/www.europesays.com\/fr\/wp-json\/wp\/v2\/media?parent=641801"}],"wp:term":[{"taxonomy":"category","embeddable":true,"href":"https:\/\/www.europesays.com\/fr\/wp-json\/wp\/v2\/categories?post=641801"},{"taxonomy":"post_tag","embeddable":true,"href":"https:\/\/www.europesays.com\/fr\/wp-json\/wp\/v2\/tags?post=641801"}],"curies":[{"name":"wp","href":"https:\/\/api.w.org\/{rel}","templated":true}]}}