{"id":641803,"date":"2026-01-05T05:30:12","date_gmt":"2026-01-05T05:30:12","guid":{"rendered":"https:\/\/www.europesays.com\/fr\/641803\/"},"modified":"2026-01-05T05:30:12","modified_gmt":"2026-01-05T05:30:12","slug":"previsions-du-lundi-5-janvier-2026-8","status":"publish","type":"post","link":"https:\/\/www.europesays.com\/fr\/641803\/","title":{"rendered":"pr\u00e9visions du lundi 5 janvier 2026"},"content":{"rendered":"<p>\u00c0 Nantes, les valeurs afficheront entre -2\u00b0C et 6\u00b0C dans la journ\u00e9e, rappelant l&rsquo;hiver au bon souvenir des habitants. Un l\u00e9ger vent de sud soufflera. Le ciel va l\u00e9g\u00e8rement se d\u00e9gager dans la matin\u00e9e avec des \u00e9claircies. Les temp\u00e9ratures tourneront autour des 0\u00b0C. Dans l&rsquo;apr\u00e8s-midi, de la bruine l\u00e9g\u00e8re est pr\u00e9vue. C&rsquo;est une hausse de plusieurs degr\u00e9s que vont enregistrer les temp\u00e9ratures. L&rsquo;hiver se fait sentir : les temp\u00e9ratures s&rsquo;\u00e9chelonneront entre 3 et 6\u00b0C. Pour le soir, de la bruine va tomber sur la ville. Il va faire environ 2\u00b0C. Le ciel sera clair dans la nuit de lundi \u00e0 mardi.<\/p>\n<p>Le ciel de Nantes sera assez lumineux, avec quelques \u00e9claircies demain. Les plus frileux vont regretter l&rsquo;hiver puisque le mercure va descendre de quelques degr\u00e9s. Les valeurs seront comprises entre -4 et 3\u00b0C, un temps r\u00e9solument de saison. Les Nantais vont avoir froid le matin : les temp\u00e9ratures ne vont pas d\u00e9passer 1\u00b0C. Une petite brise de nord sera ressentie par les habitants. La m\u00e9t\u00e9o va se r\u00e9chauffer demain apr\u00e8s-midi avec une augmentation de plusieurs degr\u00e9s. L&rsquo;hiver sera bien l\u00e0 puisque les temp\u00e9ratures seront quand m\u00eame de -1\u00b0C au plus bas et de 3\u00b0C au plus haut. La m\u00e9t\u00e9o devrait s&rsquo;am\u00e9liorer durant la soir\u00e9e. Un vent de sud-ouest soufflera doucement.<\/p>\n<p>Le temps va se d\u00e9grader dans les journ\u00e9es suivantes. Il fera 2\u00b0C en moyenne pour des journ\u00e9es avec un temps pluvieux.<\/p>\n<p>L&rsquo;\u00c9piphanie est l&rsquo;opportunit\u00e9 d&rsquo;\u00e9lire votre Reine et votre Roi. N&rsquo;oubliez donc pas la galette aujourd&rsquo;hui !<\/p>\n","protected":false},"excerpt":{"rendered":"\u00c0 Nantes, les valeurs afficheront entre -2\u00b0C et 6\u00b0C dans la journ\u00e9e, rappelant l&rsquo;hiver au bon souvenir des&hellip;\n","protected":false},"author":2,"featured_media":641804,"comment_status":"","ping_status":"","sticky":false,"template":"","format":"standard","meta":{"footnotes":""},"categories":[2818],"tags":[1111,11,1777,674,1011,27,766,12,2636,2119,25],"class_list":{"0":"post-641803","1":"post","2":"type-post","3":"status-publish","4":"format-standard","5":"has-post-thumbnail","7":"category-nantes","8":"tag-actu","9":"tag-actualites","10":"tag-eu","11":"tag-europe","12":"tag-fr","13":"tag-france","14":"tag-nantes","15":"tag-news","16":"tag-pays-de-la-loire","17":"tag-previsions-meteo","18":"tag-republique-francaise"},"share_on_mastodon":{"url":"https:\/\/pubeurope.com\/@fr\/115840851793182372","error":""},"_links":{"self":[{"href":"https:\/\/www.europesays.com\/fr\/wp-json\/wp\/v2\/posts\/641803","targetHints":{"allow":["GET"]}}],"collection":[{"href":"https:\/\/www.europesays.com\/fr\/wp-json\/wp\/v2\/posts"}],"about":[{"href":"https:\/\/www.europesays.com\/fr\/wp-json\/wp\/v2\/types\/post"}],"author":[{"embeddable":true,"href":"https:\/\/www.europesays.com\/fr\/wp-json\/wp\/v2\/users\/2"}],"replies":[{"embeddable":true,"href":"https:\/\/www.europesays.com\/fr\/wp-json\/wp\/v2\/comments?post=641803"}],"version-history":[{"count":0,"href":"https:\/\/www.europesays.com\/fr\/wp-json\/wp\/v2\/posts\/641803\/revisions"}],"wp:featuredmedia":[{"embeddable":true,"href":"https:\/\/www.europesays.com\/fr\/wp-json\/wp\/v2\/media\/641804"}],"wp:attachment":[{"href":"https:\/\/www.europesays.com\/fr\/wp-json\/wp\/v2\/media?parent=641803"}],"wp:term":[{"taxonomy":"category","embeddable":true,"href":"https:\/\/www.europesays.com\/fr\/wp-json\/wp\/v2\/categories?post=641803"},{"taxonomy":"post_tag","embeddable":true,"href":"https:\/\/www.europesays.com\/fr\/wp-json\/wp\/v2\/tags?post=641803"}],"curies":[{"name":"wp","href":"https:\/\/api.w.org\/{rel}","templated":true}]}}