{"id":641813,"date":"2026-01-05T05:37:05","date_gmt":"2026-01-05T05:37:05","guid":{"rendered":"https:\/\/www.europesays.com\/fr\/641813\/"},"modified":"2026-01-05T05:37:05","modified_gmt":"2026-01-05T05:37:05","slug":"le-carton-rouge-severe-contre-alexsandro-face-a-rennes","status":"publish","type":"post","link":"https:\/\/www.europesays.com\/fr\/641813\/","title":{"rendered":"le carton rouge s\u00e9v\u00e8re contre Alexsandro face \u00e0 Rennes"},"content":{"rendered":"<p>Ce samedi, <a href=\"https:\/\/www.footmercato.net\/live\/5995478691897909478-lille-vs-rennes\" target=\"_blank\" rel=\"noopener\">le LOSC re\u00e7oit le Stade Rennais pour le compte de la 17e journ\u00e9e de Ligue 1<\/a>. Une rencontre importante pour deux \u00e9quipes qui bataillent dans la course \u00e0 la Ligue des Champions. Et face \u00e0 leurs supporters, les Dogues ont d\u00fb composer avec une mauvaise nouvelle d\u2019entr\u00e9e de jeu. <\/p>\n<p>            La suite apr\u00e8s cette publicit\u00e9<\/p>\n<p>En effet, le club nordiste a \u00e9t\u00e9 r\u00e9duit \u00e0 dix avec l\u2019expulsion d\u2019Alexsandro. Apr\u00e8s un mauvais contr\u00f4le, le d\u00e9fenseur br\u00e9silien s\u2019est rendu coupable d\u2019une semelle sur Breel Embolo. En dernier d\u00e9fenseur, il a \u00e9cop\u00e9 d\u2019un carton rouge par Eric Wattelier. Une d\u00e9cision qui a provoqu\u00e9 l\u2019ire du stade Pierre-Mauroy car le match a \u00e9t\u00e9 interrompu quelques minutes en raison d\u2019insultes contre l\u2019arbitre central. <\/p>\n<p>\n    Pub. le 03\/01\/2026 22:14<br \/>\n            &#8211; MAJ le 04\/01\/2026 21:18\n    <\/p>\n","protected":false},"excerpt":{"rendered":"Ce samedi, le LOSC re\u00e7oit le Stade Rennais pour le compte de la 17e journ\u00e9e de Ligue 1.&hellip;\n","protected":false},"author":2,"featured_media":641814,"comment_status":"","ping_status":"","sticky":false,"template":"","format":"standard","meta":{"footnotes":""},"categories":[2815],"tags":[1111,11,1777,674,1011,27,811,1307,12,25],"class_list":{"0":"post-641813","1":"post","2":"type-post","3":"status-publish","4":"format-standard","5":"has-post-thumbnail","7":"category-lille","8":"tag-actu","9":"tag-actualites","10":"tag-eu","11":"tag-europe","12":"tag-fr","13":"tag-france","14":"tag-hauts-de-france","15":"tag-lille","16":"tag-news","17":"tag-republique-francaise"},"share_on_mastodon":{"url":"https:\/\/pubeurope.com\/@fr\/115840879345913553","error":""},"_links":{"self":[{"href":"https:\/\/www.europesays.com\/fr\/wp-json\/wp\/v2\/posts\/641813","targetHints":{"allow":["GET"]}}],"collection":[{"href":"https:\/\/www.europesays.com\/fr\/wp-json\/wp\/v2\/posts"}],"about":[{"href":"https:\/\/www.europesays.com\/fr\/wp-json\/wp\/v2\/types\/post"}],"author":[{"embeddable":true,"href":"https:\/\/www.europesays.com\/fr\/wp-json\/wp\/v2\/users\/2"}],"replies":[{"embeddable":true,"href":"https:\/\/www.europesays.com\/fr\/wp-json\/wp\/v2\/comments?post=641813"}],"version-history":[{"count":0,"href":"https:\/\/www.europesays.com\/fr\/wp-json\/wp\/v2\/posts\/641813\/revisions"}],"wp:featuredmedia":[{"embeddable":true,"href":"https:\/\/www.europesays.com\/fr\/wp-json\/wp\/v2\/media\/641814"}],"wp:attachment":[{"href":"https:\/\/www.europesays.com\/fr\/wp-json\/wp\/v2\/media?parent=641813"}],"wp:term":[{"taxonomy":"category","embeddable":true,"href":"https:\/\/www.europesays.com\/fr\/wp-json\/wp\/v2\/categories?post=641813"},{"taxonomy":"post_tag","embeddable":true,"href":"https:\/\/www.europesays.com\/fr\/wp-json\/wp\/v2\/tags?post=641813"}],"curies":[{"name":"wp","href":"https:\/\/api.w.org\/{rel}","templated":true}]}}