{"id":641829,"date":"2026-01-05T05:49:11","date_gmt":"2026-01-05T05:49:11","guid":{"rendered":"https:\/\/www.europesays.com\/fr\/641829\/"},"modified":"2026-01-05T05:49:11","modified_gmt":"2026-01-05T05:49:11","slug":"deux-morts-dans-des-attaques-russes-apres-une-alerte-aux-missiles","status":"publish","type":"post","link":"https:\/\/www.europesays.com\/fr\/641829\/","title":{"rendered":"deux morts dans des attaques russes apr\u00e8s une alerte aux missiles"},"content":{"rendered":"<p>\n    Ces frappes interviennent \u00e0 la veille d\u2019une r\u00e9union \u00e0 Paris de pays alli\u00e9s de Kiev pour tenter d\u2019avancer en vue d\u2019un r\u00e8glement du conflit le plus sanglant en Europe depuis la Seconde guerre mondiale.<\/p>\n<p class=\"fig-paragraph\">Des attaques russes dans la nuit de dimanche \u00e0 lundi ont fait deux morts \u00e0 Kiev et dans sa p\u00e9riph\u00e9rie, ont rapport\u00e9 les autorit\u00e9s locales apr\u00e8s que l&rsquo;arm\u00e9e a averti que toute l&rsquo;<a href=\"http:\/\/www.lefigaro.fr\/culture\/dossier\/les-artistes-et-la-guerre-en-ukraine\" data-fig-type=\"Topic\" data-gtm-custom-categorie=\"navigation\" data-gtm-custom-action=\"crossclick\" data-gtm-custom-label=\"Contextuel\" data-gtm-event=\"customEventSPE\" data-fig-domain=\"LEFIGARO\" target=\"_blank\" rel=\"noopener\">Ukraine<\/a>\u00a0\u00e9tait menac\u00e9e par des missiles. Dans la capitale, \u00abune personne est morte dans l&rsquo;attaque\u00bb, a d\u00e9clar\u00e9 le chef de l&rsquo;administration militaire Tymour Tkatchenko sur Telegram, tandis que les autorit\u00e9s locales ont fait \u00e9tat d&rsquo;un \u00e9tablissement m\u00e9dical touch\u00e9.<\/p>\n<p class=\"fig-paragraph\">Dans la p\u00e9riph\u00e9rie, les bombardements ont touch\u00e9 plusieurs habitations et \u00abinfrastructures critiques\u00bb, tuant un homme n\u00e9 en 1951 dans la localit\u00e9 de Fastiv, selon le responsable de l&rsquo;administration militaire r\u00e9gionale Mykola Kalachnyk. \u00abToute l&rsquo;Ukraine est menac\u00e9e par des missiles\u00a0!\u00bb avait alert\u00e9 auparavant l&rsquo;aviation ukrainienne sur Telegram.<\/p>\n<p>                                            <a class=\"fig-a11y-skip\" href=\"#fig-a11y-skip-main-inarticle\" data-module=\"a11y-skip\" data-context=\"was @visible\"><br \/>\n    Passer la publicit\u00e9<br \/>\n<\/a>            <\/p>\n<p class=\"fig-paragraph\">Ces frappes interviennent \u00e0 la veille d&rsquo;une r\u00e9union \u00e0 Paris de pays alli\u00e9s de Kiev pour tenter d&rsquo;avancer en vue d&rsquo;un r\u00e8glement du conflit le plus sanglant en Europe depuis la Seconde guerre mondiale. Pour pr\u00e9parer la rencontre, des conseillers \u00e0 la s\u00e9curit\u00e9 de quinze pays, dont la France, l&rsquo;Allemagne et le Canada, ainsi que des repr\u00e9sentants de l&rsquo;UE et de l&rsquo;Otan, se sont r\u00e9unis dans la capitale ukrainienne samedi.<\/p>\n<p>                                            \u00abJe ne pense pas que cette frappe ait eu lieu\u00bb<\/p>\n<p class=\"fig-paragraph\">L&rsquo;\u00e9missaire de Donald Trump, Steve Witkoff, a particip\u00e9 \u00e0 distance aux discussions, consacr\u00e9es aux d\u00e9tails de la derni\u00e8re mouture du plan de sortie du conflit avec la Russie. L&rsquo;\u00e9lan diplomatique, impuls\u00e9 par le pr\u00e9sident am\u00e9ricain, a \u00e9t\u00e9 gripp\u00e9 par des all\u00e9gations de Moscou accusant Kiev d&rsquo;avoir vis\u00e9 avec 91 drones, dans la nuit du 28 au 29 d\u00e9cembre, une r\u00e9sidence de Vladimir Poutine hautement s\u00e9curis\u00e9e.<\/p>\n<p class=\"fig-paragraph\">Kiev a qualifi\u00e9 cette accusation de \u00abmensonge\u00bb et estim\u00e9 qu&rsquo;elle visait \u00e0 servir de pr\u00e9texte pour de nouvelles frappes contre Kiev et \u00e0 saper les pourparlers diplomatiques. Les Europ\u00e9ens ont \u00e9galement exprim\u00e9 des doutes sur la v\u00e9racit\u00e9 de l&rsquo;attaque. \u00abJe ne pense pas que cette frappe ait eu lieu\u00bb, a d\u00e9clar\u00e9 le pr\u00e9sident am\u00e9ricain Donald Trump dimanche soir \u00e0 bord de son avion pr\u00e9sidentiel, notant que \u00abpersonne ne savait pour l&rsquo;heure\u00bb si les all\u00e9gations russes \u00e9taient vraies.<\/p>\n<p class=\"fig-paragraph\">Le Kremlin avait pr\u00e9venu mardi que \u00ables cons\u00e9quences\u00bb de cette attaque se traduiraient par \u00abun durcissement de la position de n\u00e9gociation\u00bb de la Russie.<\/p>\n","protected":false},"excerpt":{"rendered":"Ces frappes interviennent \u00e0 la veille d\u2019une r\u00e9union \u00e0 Paris de pays alli\u00e9s de Kiev pour tenter d\u2019avancer&hellip;\n","protected":false},"author":2,"featured_media":641830,"comment_status":"","ping_status":"","sticky":false,"template":"","format":"standard","meta":{"footnotes":""},"categories":[1591],"tags":[11,75,1887,3482,12,1885,1886,132,220,135],"class_list":{"0":"post-641829","1":"post","2":"type-post","3":"status-publish","4":"format-standard","5":"has-post-thumbnail","7":"category-russie","8":"tag-actualites","9":"tag-donald-trump","10":"tag-federation-de-russie","11":"tag-guerre-russie-ukraine","12":"tag-news","13":"tag-russia","14":"tag-russian-federation","15":"tag-russie","16":"tag-ukraine","17":"tag-vladimir-poutine"},"share_on_mastodon":{"url":"https:\/\/pubeurope.com\/@fr\/115840926567900831","error":""},"_links":{"self":[{"href":"https:\/\/www.europesays.com\/fr\/wp-json\/wp\/v2\/posts\/641829","targetHints":{"allow":["GET"]}}],"collection":[{"href":"https:\/\/www.europesays.com\/fr\/wp-json\/wp\/v2\/posts"}],"about":[{"href":"https:\/\/www.europesays.com\/fr\/wp-json\/wp\/v2\/types\/post"}],"author":[{"embeddable":true,"href":"https:\/\/www.europesays.com\/fr\/wp-json\/wp\/v2\/users\/2"}],"replies":[{"embeddable":true,"href":"https:\/\/www.europesays.com\/fr\/wp-json\/wp\/v2\/comments?post=641829"}],"version-history":[{"count":0,"href":"https:\/\/www.europesays.com\/fr\/wp-json\/wp\/v2\/posts\/641829\/revisions"}],"wp:featuredmedia":[{"embeddable":true,"href":"https:\/\/www.europesays.com\/fr\/wp-json\/wp\/v2\/media\/641830"}],"wp:attachment":[{"href":"https:\/\/www.europesays.com\/fr\/wp-json\/wp\/v2\/media?parent=641829"}],"wp:term":[{"taxonomy":"category","embeddable":true,"href":"https:\/\/www.europesays.com\/fr\/wp-json\/wp\/v2\/categories?post=641829"},{"taxonomy":"post_tag","embeddable":true,"href":"https:\/\/www.europesays.com\/fr\/wp-json\/wp\/v2\/tags?post=641829"}],"curies":[{"name":"wp","href":"https:\/\/api.w.org\/{rel}","templated":true}]}}