{"id":641831,"date":"2026-01-05T05:50:25","date_gmt":"2026-01-05T05:50:25","guid":{"rendered":"https:\/\/www.europesays.com\/fr\/641831\/"},"modified":"2026-01-05T05:50:25","modified_gmt":"2026-01-05T05:50:25","slug":"deux-morts-dont-un-a-kiev-dans-des-attaques-russes-dans-la-nuit","status":"publish","type":"post","link":"https:\/\/www.europesays.com\/fr\/641831\/","title":{"rendered":"Deux morts, dont un \u00e0 Kiev, dans des attaques russes dans la nuit\u2026"},"content":{"rendered":"<p>Deux morts dans des attaques russes apr\u00e8s une alerte aux missiles<\/p>\n<p>Des attaques russes dans la nuit de dimanche \u00e0 ce lundi ont fait deux morts \u00e0 Kiev et dans sa p\u00e9riph\u00e9rie, ont rapport\u00e9 les autorit\u00e9s locales apr\u00e8s que l\u2019arm\u00e9e a averti que toute l\u2019Ukraine \u00e9tait menac\u00e9e par des missiles.<\/p>\n<p>Dans la capitale, \u00ab\u00a0une personne est morte dans l\u2019attaque\u00a0\u00bb, a d\u00e9clar\u00e9 le chef de l\u2019administration militaire Tymour Tkatchenko sur Telegram, tandis que les autorit\u00e9s locales ont fait \u00e9tat d\u2019un \u00e9tablissement m\u00e9dical touch\u00e9.<\/p>\n<p>Dans la p\u00e9riph\u00e9rie, les bombardements ont touch\u00e9 plusieurs habitations et \u00ab\u00a0infrastructures critiques\u00a0\u00bb, tuant un homme n\u00e9 en\u00a01951 dans la localit\u00e9 de Fastiv, selon le responsable l\u2019administration militaire r\u00e9gionale Mykola Kalachnyk.<\/p>\n<p>Trump dit ne pas croire que l\u2019Ukraine ait vis\u00e9 une r\u00e9sidence de Poutine<\/p>\n<p>Donald Trump a indiqu\u00e9 dimanche ne pas croire les affirmations de Moscou selon lesquelles l\u2019Ukraine aurait attaqu\u00e9 fin d\u00e9cembre avec des drones une r\u00e9sidence de Vladimir Poutine dans le nord-ouest de la Russie.<\/p>\n<p>\u00ab\u00a0Je ne pense pas que cette frappe ait eu lieu\u00a0\u00bb, a d\u00e9clar\u00e9 le locataire de la Maison-Blanche \u00e0 bord de son avion pr\u00e9sidentiel, notant que \u00ab\u00a0personne ne savait pour l\u2019heure\u00a0\u00bb si les all\u00e9gations russes, r\u00e9fut\u00e9es par Kiev, \u00e9taient vraies.<\/p>\n<p>Bienvenue dans ce nouveau Live<\/p>\n<p>Bonjour \u00e0 toutes et \u00e0 tous. Comme chaque jour, la r\u00e9daction de 20 Minutes est mobilis\u00e9e pour vous donner l\u2019ensemble des informations sur le conflit entre Kiev et Moscou.<\/p>\n<p>Men\u00e9s principalement par les Etats-Unis, les pourparlers se poursuivent, difficilement, pour tenter de trouver un chemin vers la paix entre la Russie et l\u2019Ukraine. Mais sur le terrain les armes continuent de parler alors que ce conflit est d\u00e9j\u00e0 le plus sanglant en Europe depuis la Seconde Guerre mondiale.<\/p>\n","protected":false},"excerpt":{"rendered":"Deux morts dans des attaques russes apr\u00e8s une alerte aux missiles Des attaques russes dans la nuit de&hellip;\n","protected":false},"author":2,"featured_media":641832,"comment_status":"","ping_status":"","sticky":false,"template":"","format":"standard","meta":{"footnotes":""},"categories":[1590],"tags":[47,11,75,73,1777,674,131,74,12,132,220,555,133,135,134],"class_list":{"0":"post-641831","1":"post","2":"type-post","3":"status-publish","4":"format-standard","5":"has-post-thumbnail","7":"category-ukraine","8":"tag-actualite","9":"tag-actualites","10":"tag-donald-trump","11":"tag-etats-unis","12":"tag-eu","13":"tag-europe","14":"tag-guerre-en-ukraine","15":"tag-monde","16":"tag-news","17":"tag-russie","18":"tag-ukraine","19":"tag-union-europeenne-ue","20":"tag-video","21":"tag-vladimir-poutine","22":"tag-volodymyr-zelensky"},"share_on_mastodon":{"url":"https:\/\/pubeurope.com\/@fr\/115840930461511276","error":""},"_links":{"self":[{"href":"https:\/\/www.europesays.com\/fr\/wp-json\/wp\/v2\/posts\/641831","targetHints":{"allow":["GET"]}}],"collection":[{"href":"https:\/\/www.europesays.com\/fr\/wp-json\/wp\/v2\/posts"}],"about":[{"href":"https:\/\/www.europesays.com\/fr\/wp-json\/wp\/v2\/types\/post"}],"author":[{"embeddable":true,"href":"https:\/\/www.europesays.com\/fr\/wp-json\/wp\/v2\/users\/2"}],"replies":[{"embeddable":true,"href":"https:\/\/www.europesays.com\/fr\/wp-json\/wp\/v2\/comments?post=641831"}],"version-history":[{"count":0,"href":"https:\/\/www.europesays.com\/fr\/wp-json\/wp\/v2\/posts\/641831\/revisions"}],"wp:featuredmedia":[{"embeddable":true,"href":"https:\/\/www.europesays.com\/fr\/wp-json\/wp\/v2\/media\/641832"}],"wp:attachment":[{"href":"https:\/\/www.europesays.com\/fr\/wp-json\/wp\/v2\/media?parent=641831"}],"wp:term":[{"taxonomy":"category","embeddable":true,"href":"https:\/\/www.europesays.com\/fr\/wp-json\/wp\/v2\/categories?post=641831"},{"taxonomy":"post_tag","embeddable":true,"href":"https:\/\/www.europesays.com\/fr\/wp-json\/wp\/v2\/tags?post=641831"}],"curies":[{"name":"wp","href":"https:\/\/api.w.org\/{rel}","templated":true}]}}