{"id":641833,"date":"2026-01-05T05:51:21","date_gmt":"2026-01-05T05:51:21","guid":{"rendered":"https:\/\/www.europesays.com\/fr\/641833\/"},"modified":"2026-01-05T05:51:21","modified_gmt":"2026-01-05T05:51:21","slug":"etats-unis-israel-hongrie-france-bresil-les-elections-cles-qui-pourraient-rebattre-les-cartes-en-2026","status":"publish","type":"post","link":"https:\/\/www.europesays.com\/fr\/641833\/","title":{"rendered":"Etats-Unis, Isra\u00ebl, Hongrie, France, Br\u00e9sil\u00a0: les \u00e9lections cl\u00e9s qui pourraient rebattre les cartes en\u00a02026"},"content":{"rendered":"<p>Un peu plus d\u2019un an avant l\u2019\u00e9lection pr\u00e9sidentielle pr\u00e9vue au mois de mai\u00a02027, les \u00e9lecteurs fran\u00e7ais \u00e9liront leurs 35.000 maires de villes et communes au mois de mars prochain. Les grandes villes seront \u00e9videmment scrut\u00e9es de pr\u00e8s afin d\u2019\u00e9valuer la vigueur des diff\u00e9rents partis, m\u00eame si d\u2019un \u00e9chelon de pouvoir \u00e0 l\u2019autre, les v\u00e9rit\u00e9s sont rarement les m\u00eames.<\/p>\n<p>Ainsi, huit des dix plus grandes villes de France sont dirig\u00e9es par des socialistes (Paris, Marseille, Nantes, Montpellier, Lille) ou des \u00e9cologistes (Lyon, Strasbourg, Bordeaux), et deux le sont par la droite traditionnelle (Toulouse et Nice) alors que ces trois partis brillent par leur absence au second tour des \u00e9lections pr\u00e9sidentielles depuis\u00a02012.<\/p>\n<p>A l\u2019inverse, le Rassemblement National, plac\u00e9 en t\u00eate des sondages pour la pr\u00e9sidentielle, La France Insoumise, qui s\u2019installe comme premier parti de gauche, sont compl\u00e8tement absents des 30 plus grandes villes de France. Et c\u00f4t\u00e9 macroniste, seul Edouard Philippe (Le\u00a0Havre) et Christian Estrosi (Nice \u2013 issu des R\u00e9publicains) assurent une pr\u00e9sence minimale dans ces grandes villes, ce qui montre le faible ancrage local du camp\u00a0pr\u00e9sidentiel.<\/p>\n<p>La bataille de Paris apr\u00e8s Hidalgo<\/p>\n<p>Cette \u00e9lection n\u2019aura donc aucune valeur pr\u00e9dictive, mais elle n\u2019emp\u00eachera pas les empoignades d\u2019ampleur nationale. La capitale, dirig\u00e9e par Anne Hidalgo (PS) depuis\u00a02014, et avant elle par Bertrand Delano\u00eb (PS) depuis\u00a02001, pourrait \u00eatre reprise par la droite 25 ans plus tard. C\u2019est en tout cas l\u2019ambition de la m\u00e9diatique Rachida Dati, qui veut surfer sur le clivage dans la population cr\u00e9\u00e9 par la politique\u00a0d\u2019am\u00e9nagement du territoire et de\u00a0mobilit\u00e9, entre cyclistes ravis et automobilistes f\u00e2ch\u00e9s, men\u00e9e par Anne Hidalgo.<\/p>\n<p>Lest\u00e9e par une candidature \u00e0 l\u2019\u00e9lection pr\u00e9sidentielle catastrophique en\u00a02022 (1,7% des voix \u00e0 l\u2019\u00e9chelon national, et \u00e0 peine 2,17% des voix dans la capitale), Anne Hidalgo ne se repr\u00e9sente pas. Son premier adjoint, Emmanuel Gr\u00e9goire, a \u00e9t\u00e9 investi par le camp socialiste, et b\u00e9n\u00e9ficiera\u00a0du ralliement des \u00e9cologistes et communistes d\u00e8s le premier tour pour tenter d\u2019assurer la pr\u00e9sence de la gauche au second tour, o\u00f9 les deux candidats arriv\u00e9s en t\u00eate seront d\u00e9partag\u00e9s.\u00a0Sophia Chikirou sera\u00a0candidate pour LFI, alors que l\u2019\u00e9crivain et ancien chroniqueur TV Aymeric Caron devrait aussi se pr\u00e9senter sur une liste autonome de gauche.<\/p>\n","protected":false},"excerpt":{"rendered":"Un peu plus d\u2019un an avant l\u2019\u00e9lection pr\u00e9sidentielle pr\u00e9vue au mois de mai\u00a02027, les \u00e9lecteurs fran\u00e7ais \u00e9liront leurs&hellip;\n","protected":false},"author":2,"featured_media":641834,"comment_status":"","ping_status":"","sticky":false,"template":"","format":"standard","meta":{"footnotes":""},"categories":[1589],"tags":[11,73,1866,12,1864,1865,1863,308],"class_list":{"0":"post-641833","1":"post","2":"type-post","3":"status-publish","4":"format-standard","5":"has-post-thumbnail","7":"category-etats-unis","8":"tag-actualites","9":"tag-etats-unis","10":"tag-etats-unis-damerique","11":"tag-news","12":"tag-united-states","13":"tag-united-states-of-america","14":"tag-us","15":"tag-usa"},"share_on_mastodon":{"url":"https:\/\/pubeurope.com\/@fr\/115840934430152404","error":""},"_links":{"self":[{"href":"https:\/\/www.europesays.com\/fr\/wp-json\/wp\/v2\/posts\/641833","targetHints":{"allow":["GET"]}}],"collection":[{"href":"https:\/\/www.europesays.com\/fr\/wp-json\/wp\/v2\/posts"}],"about":[{"href":"https:\/\/www.europesays.com\/fr\/wp-json\/wp\/v2\/types\/post"}],"author":[{"embeddable":true,"href":"https:\/\/www.europesays.com\/fr\/wp-json\/wp\/v2\/users\/2"}],"replies":[{"embeddable":true,"href":"https:\/\/www.europesays.com\/fr\/wp-json\/wp\/v2\/comments?post=641833"}],"version-history":[{"count":0,"href":"https:\/\/www.europesays.com\/fr\/wp-json\/wp\/v2\/posts\/641833\/revisions"}],"wp:featuredmedia":[{"embeddable":true,"href":"https:\/\/www.europesays.com\/fr\/wp-json\/wp\/v2\/media\/641834"}],"wp:attachment":[{"href":"https:\/\/www.europesays.com\/fr\/wp-json\/wp\/v2\/media?parent=641833"}],"wp:term":[{"taxonomy":"category","embeddable":true,"href":"https:\/\/www.europesays.com\/fr\/wp-json\/wp\/v2\/categories?post=641833"},{"taxonomy":"post_tag","embeddable":true,"href":"https:\/\/www.europesays.com\/fr\/wp-json\/wp\/v2\/tags?post=641833"}],"curies":[{"name":"wp","href":"https:\/\/api.w.org\/{rel}","templated":true}]}}