{"id":641837,"date":"2026-01-05T05:53:25","date_gmt":"2026-01-05T05:53:25","guid":{"rendered":"https:\/\/www.europesays.com\/fr\/641837\/"},"modified":"2026-01-05T05:53:25","modified_gmt":"2026-01-05T05:53:25","slug":"des-dizaines-de-milliers-de-logements-prives-delectricite-pour-plusieurs-jours","status":"publish","type":"post","link":"https:\/\/www.europesays.com\/fr\/641837\/","title":{"rendered":"Des dizaines de milliers de logements priv\u00e9s d\u2019\u00e9lectricit\u00e9 pour plusieurs jours"},"content":{"rendered":"<p>Ce n\u2019est pas la meilleure p\u00e9riode pour se retrouver sans chauffage, surtout \u00e0 <a href=\"https:\/\/www.20minutes.fr\/dossier\/berlin\" class=\"c-link c-link--is-underlined\" target=\"_blank\" rel=\"noopener\">Berlin<\/a>. Pourtant, des dizaines de milliers de foyers berlinois resteront priv\u00e9es d\u2019<a href=\"https:\/\/www.20minutes.fr\/dossier\/electricite\" class=\"c-link c-link--is-underlined\" target=\"_blank\" rel=\"noopener\">\u00e9lectricit\u00e9<\/a> jusqu\u2019\u00e0 jeudi, les autorit\u00e9s s\u2019effor\u00e7ant de r\u00e9parer des c\u00e2bles \u00e9lectriques gravement endommag\u00e9s apr\u00e8s un incendie que la police soup\u00e7onne d\u2019\u00eatre <a href=\"https:\/\/www.20minutes.fr\/dossier\/incendie_criminel\" class=\"c-link c-link--is-underlined\" target=\"_blank\" rel=\"noopener\">d\u2019origine criminelle<\/a>, ont indiqu\u00e9 des responsables.<\/p>\n<p>Certains foyers pourraient donc se retrouver dans le froid, la panne ayant impact\u00e9 des r\u00e9seaux locaux, au moment m\u00eame o\u00f9 la capitale <a href=\"https:\/\/www.20minutes.fr\/dossier\/allemagne\" class=\"c-link c-link--is-underlined\" target=\"_blank\" rel=\"noopener\">allemande<\/a> est recouverte de neige et o\u00f9 les temp\u00e9ratures sont tr\u00e8s basses.<\/p>\n<p>Des h\u00f4pitaux \u00e9galement touch\u00e9s<\/p>\n<p>Les services de secours ont \u00e9t\u00e9 alert\u00e9s t\u00f4t samedi matin de l\u2019incendie de plusieurs c\u00e2bles sur un pont, pr\u00e8s d\u2019une centrale \u00e9lectrique de la capitale allemande. Les pompiers ont rapidement \u00e9teint le feu, mais environ 45.000 m\u00e9nages et 2.200 entreprises du sud-ouest de Berlin se sont retrouv\u00e9s sans courant, selon l\u2019op\u00e9rateur du r\u00e9seau Stromnetz Berlin. Les importants d\u00e9g\u00e2ts entra\u00eeneront des coupures de courant pour environ 35.000 foyers jusqu\u2019\u00e0 jeudi apr\u00e8s-midi, ont indiqu\u00e9 les autorit\u00e9s berlinoises dans un communiqu\u00e9.<\/p>\n<\/p>\n<p>Le courant devrait \u00eatre r\u00e9tabli pour les autres foyers dimanche matin. \u00ab\u00a0Nous sommes confront\u00e9s \u00e0 une panne de courant particuli\u00e8rement grave qui touche des dizaines de milliers de foyers et d\u2019entreprises, notamment des \u00e9tablissements de soins, des h\u00f4pitaux, de nombreuses institutions sociales et des soci\u00e9t\u00e9s\u00a0\u00bb, a d\u00e9clar\u00e9 Franziska Giffey, s\u00e9natrice berlinoise charg\u00e9e des affaires \u00e9conomiques. Le r\u00e9seau de chauffage urbain local, qui distribue la chaleur via un r\u00e9seau de canalisations, est touch\u00e9 car il est aliment\u00e9 \u00e0 l\u2019\u00e9lectricit\u00e9.<\/p>\n<p>Le froid complique les r\u00e9parations<\/p>\n<p>L\u2019op\u00e9rateur Stromnetz Berlin a pr\u00e9venu que les r\u00e9parations \u00ab\u00a0prendront beaucoup de temps\u00a0\u00bb, les m\u00e9dias rapportant de leur c\u00f4t\u00e9 que le froid ralentit la pose de nouveaux c\u00e2bles souterrains.<\/p>\n<p>La police a indiqu\u00e9, dans un post sur le <a href=\"https:\/\/www.20minutes.fr\/high-tech\/twitter\/\" class=\"c-link c-link--is-underlined\" target=\"_blank\" rel=\"noopener\">r\u00e9seau social X<\/a>, avoir d\u00e9ploy\u00e9 environ 160 agents sur site, dans le quartier de Lichterfelde, et \u00ab\u00a0enqu\u00eater sur des soup\u00e7ons d\u2019incendie criminel\u00a0\u00bb. Elle a averti les habitants concern\u00e9s que les syst\u00e8mes de chauffage pourraient ne pas fonctionner en raison de la panne, les a exhort\u00e9s \u00e0 utiliser leurs t\u00e9l\u00e9phones portables avec parcimonie et \u00e0 s\u2019assurer qu\u2019ils disposent de lampes de poche.<\/p>\n<p>La Russie en cause\u00a0?<\/p>\n<p>Les gares locales ont \u00e9galement \u00e9t\u00e9 touch\u00e9es, les panneaux d\u2019information \u00e9lectroniques et les distributeurs de billets \u00e9tant hors service alors que des trains continuent de circuler.<\/p>\n<p><a href=\"https:\/\/www.20minutes.fr\/dossier\/allemagne\" class=\"c-link c-btn c-btn--primary\" target=\"_blank\" rel=\"noopener\">Retrouvez ici toute l&rsquo;actualit\u00e9 internationale<\/a><\/p>\n<p>Les autorit\u00e9s avaient \u00e9galement suspect\u00e9 un acte criminel lorsqu\u2019un incendie avait touch\u00e9 des pyl\u00f4nes \u00e9lectriques \u00e0 Berlin en septembre, provoquant une importante coupure. Un groupe se disant antimilitariste avait alors revendiqu\u00e9 en ligne la responsabilit\u00e9 de l\u2019incendie.<\/p>\n<p>L\u2019Allemagne est en \u00e9tat d\u2019alerte maximale face aux activit\u00e9s de sabotage visant ses infrastructures, y compris de la part d\u2019acteurs \u00e9trangers tels que la <a href=\"https:\/\/www.20minutes.fr\/monde\/russie\/\" class=\"c-link c-link--is-underlined\" target=\"_blank\" rel=\"noopener\">Russie<\/a>.<\/p>\n","protected":false},"excerpt":{"rendered":"Ce n\u2019est pas la meilleure p\u00e9riode pour se retrouver sans chauffage, surtout \u00e0 Berlin. Pourtant, des dizaines de&hellip;\n","protected":false},"author":2,"featured_media":641838,"comment_status":"","ping_status":"","sticky":false,"template":"","format":"standard","meta":{"footnotes":""},"categories":[1587],"tags":[47,11,672,1898,1804,27378,1805,1803,579,1777,674,1801,100,74,12,1802,132,7342],"class_list":{"0":"post-641837","1":"post","2":"type-post","3":"status-publish","4":"format-standard","5":"has-post-thumbnail","7":"category-allemagne","8":"tag-actualite","9":"tag-actualites","10":"tag-allemagne","11":"tag-berlin","12":"tag-bundesrepublik-deutschland","13":"tag-chauffage","14":"tag-de","15":"tag-deutschland","16":"tag-electricite","17":"tag-eu","18":"tag-europe","19":"tag-germany","20":"tag-hopital","21":"tag-monde","22":"tag-news","23":"tag-republique-federale-dallemagne","24":"tag-russie","25":"tag-secours"},"share_on_mastodon":{"url":"https:\/\/pubeurope.com\/@fr\/115840942351596783","error":""},"_links":{"self":[{"href":"https:\/\/www.europesays.com\/fr\/wp-json\/wp\/v2\/posts\/641837","targetHints":{"allow":["GET"]}}],"collection":[{"href":"https:\/\/www.europesays.com\/fr\/wp-json\/wp\/v2\/posts"}],"about":[{"href":"https:\/\/www.europesays.com\/fr\/wp-json\/wp\/v2\/types\/post"}],"author":[{"embeddable":true,"href":"https:\/\/www.europesays.com\/fr\/wp-json\/wp\/v2\/users\/2"}],"replies":[{"embeddable":true,"href":"https:\/\/www.europesays.com\/fr\/wp-json\/wp\/v2\/comments?post=641837"}],"version-history":[{"count":0,"href":"https:\/\/www.europesays.com\/fr\/wp-json\/wp\/v2\/posts\/641837\/revisions"}],"wp:featuredmedia":[{"embeddable":true,"href":"https:\/\/www.europesays.com\/fr\/wp-json\/wp\/v2\/media\/641838"}],"wp:attachment":[{"href":"https:\/\/www.europesays.com\/fr\/wp-json\/wp\/v2\/media?parent=641837"}],"wp:term":[{"taxonomy":"category","embeddable":true,"href":"https:\/\/www.europesays.com\/fr\/wp-json\/wp\/v2\/categories?post=641837"},{"taxonomy":"post_tag","embeddable":true,"href":"https:\/\/www.europesays.com\/fr\/wp-json\/wp\/v2\/tags?post=641837"}],"curies":[{"name":"wp","href":"https:\/\/api.w.org\/{rel}","templated":true}]}}