{"id":641839,"date":"2026-01-05T05:54:48","date_gmt":"2026-01-05T05:54:48","guid":{"rendered":"https:\/\/www.europesays.com\/fr\/641839\/"},"modified":"2026-01-05T05:54:48","modified_gmt":"2026-01-05T05:54:48","slug":"le-gouvernement-va-suspendre-les-importations-de-produits-damerique-du-sud-contenant-des-substances-interdites-en-europe-3","status":"publish","type":"post","link":"https:\/\/www.europesays.com\/fr\/641839\/","title":{"rendered":"Le gouvernement va suspendre les importations de produits d\u2019Am\u00e9rique du Sud contenant des substances interdites en Europe"},"content":{"rendered":"<p class=\"upper-letter\">\u00ab\u00a0Un arr\u00eat\u00e9 sera pris dans les prochains jours, \u00e0 l\u2019initiative de la Ministre de l\u2019agriculture Annie Genevard, pour suspendre l\u2019importation de produits contenant des r\u00e9sidus de substances interdites en Europe\u00a0: mancoz\u00e8be, glufosinate, thiophanate-m\u00e9thyl et carbendazime\u00a0\u00bb, des substances fongicides ou herbicides, a annonc\u00e9 sur X (ex-Twitter) <a href=\"https:\/\/www.challenges.fr\/politique\/le-gouvernement-recourt-a-une-loi-speciale-pour-sortir-de-limpasse-budgetaire_634776\" target=\"_blank\" rel=\"noopener\">le Premier ministre S\u00e9bastien Lecornu.<\/a><\/p>\n<p>Contact\u00e9 par l\u2019AFP, le minist\u00e8re de l\u2019Agriculture a pr\u00e9cis\u00e9 que l\u2019arr\u00eat\u00e9 devait \u00eatre publi\u00e9 mardi. La France devra toutefois obtenir l\u2019accord de la Commission europ\u00e9enne dans un d\u00e9lai de dix jours, une validation que la ministre esp\u00e8re obtenir mercredi \u00e0 Bruxelles, lors d\u2019un d\u00e9placement officiel, selon la m\u00eame source.<\/p>\n<p>Avocats, mangues, goyaves, agrumes, raisins et pommes \u00ab\u00a0d\u2019Am\u00e9rique du Sud ou d\u2019ailleurs\u00a0\u00bb, mais aussi melons, cerises, fraises ou pommes de terre ne pourront plus entrer en France ni \u00eatre commercialis\u00e9s, a list\u00e9 Lecornu.<\/p>\n<p>\u00ab\u00a0Des contr\u00f4les renforc\u00e9s seront r\u00e9alis\u00e9s par une brigade sp\u00e9cialis\u00e9e pour garantir le respect de nos normes sanitaires\u00a0\u00bb, a-t-il poursuivi, \u00e9voquant \u00ab\u00a0une premi\u00e8re \u00e9tape pour prot\u00e9ger nos fili\u00e8res et nos consommateurs et lutter contre la concurrence d\u00e9loyale, v\u00e9ritable enjeu de justice et d\u2019\u00e9quit\u00e9 pour nos agriculteurs\u00a0\u00bb.<\/p>\n<p>Ces derniers qui font face \u00e0 la crise de la <a href=\"https:\/\/www.challenges.fr\/economie\/dermatose-manifestation-symbolique-de-lintersyndicale-agricole-a-toulouse_635458\" target=\"_blank\" rel=\"noopener\">dermatose nodulaire<\/a> contagieuse, sont aussi mobilis\u00e9s<a href=\"https:\/\/www.challenges.fr\/monde\/accord-ue-mercosur-derniere-ligne-droite-agitee-la-france-seme-le-trouble_633918\" target=\"_blank\" rel=\"noopener\"> contre la signature du trait\u00e9 de libre-\u00e9change entre l\u2019UE et des pays du Mercosur<\/a>, pr\u00e9vue le 12\u00a0janvier. \u00ab\u00a0On ne peut pas accepter que des substances bannies chez nous r\u00e9apparaissent indirectement par le biais des importations. C\u2019est du bon sens. D\u2019o\u00f9 qu\u2019ils viennent dans le monde, les produits import\u00e9s doivent respecter nos normes. La France montre l\u2019exemple en Europe\u00a0\u00bb, a d\u00e9clar\u00e9 la ministre sur X.<\/p>\n<p>Annie Genevard avait annonc\u00e9 le 8\u00a0d\u00e9cembre son intention d\u2019interdire \u00ab\u00a0les importations sur notre sol de produits contenant des substances interdites en Europe\u00a0\u00bb, si la Commission europ\u00e9enne ne le faisait pas, et indiqu\u00e9 samedi dans un entretien \u00e0 La Tribune Dimanche avoir \u00ab\u00a0activ\u00e9\u00a0\u00bb cette \u00ab\u00a0mesure conservatoire\u00a0\u00bb<\/p>\n<p>\u00ab\u00a0L\u2019UE interdit certaines substances pour nos producteurs. Et pour les importations elle a fix\u00e9 des limites maximales acceptables de r\u00e9sidus\u00a0\u00bb, mais que la France juge \u00ab\u00a0trop \u00e9lev\u00e9es\u00a0\u00bb, explique le minist\u00e8re, qui demande une application plus stricte des normes europ\u00e9ennes, en ramenant ces limites \u00e0 \u00ab\u00a0z\u00e9ro\u00a0\u00bb pour ce qui entre sur le territoire.<\/p>\n","protected":false},"excerpt":{"rendered":"\u00ab\u00a0Un arr\u00eat\u00e9 sera pris dans les prochains jours, \u00e0 l\u2019initiative de la Ministre de l\u2019agriculture Annie Genevard, pour&hellip;\n","protected":false},"author":2,"featured_media":641840,"comment_status":"","ping_status":"","sticky":false,"template":"","format":"standard","meta":{"footnotes":""},"categories":[1586],"tags":[11,327,74849,1777,674,1011,27,21426,12,25],"class_list":{"0":"post-641839","1":"post","2":"type-post","3":"status-publish","4":"format-standard","5":"has-post-thumbnail","7":"category-europe","8":"tag-actualites","9":"tag-agriculture","10":"tag-etats-generaux-de-lalimentation","11":"tag-eu","12":"tag-europe","13":"tag-fr","14":"tag-france","15":"tag-mercosur","16":"tag-news","17":"tag-republique-francaise"},"share_on_mastodon":{"url":"https:\/\/pubeurope.com\/@fr\/115840950184546780","error":""},"_links":{"self":[{"href":"https:\/\/www.europesays.com\/fr\/wp-json\/wp\/v2\/posts\/641839","targetHints":{"allow":["GET"]}}],"collection":[{"href":"https:\/\/www.europesays.com\/fr\/wp-json\/wp\/v2\/posts"}],"about":[{"href":"https:\/\/www.europesays.com\/fr\/wp-json\/wp\/v2\/types\/post"}],"author":[{"embeddable":true,"href":"https:\/\/www.europesays.com\/fr\/wp-json\/wp\/v2\/users\/2"}],"replies":[{"embeddable":true,"href":"https:\/\/www.europesays.com\/fr\/wp-json\/wp\/v2\/comments?post=641839"}],"version-history":[{"count":0,"href":"https:\/\/www.europesays.com\/fr\/wp-json\/wp\/v2\/posts\/641839\/revisions"}],"wp:featuredmedia":[{"embeddable":true,"href":"https:\/\/www.europesays.com\/fr\/wp-json\/wp\/v2\/media\/641840"}],"wp:attachment":[{"href":"https:\/\/www.europesays.com\/fr\/wp-json\/wp\/v2\/media?parent=641839"}],"wp:term":[{"taxonomy":"category","embeddable":true,"href":"https:\/\/www.europesays.com\/fr\/wp-json\/wp\/v2\/categories?post=641839"},{"taxonomy":"post_tag","embeddable":true,"href":"https:\/\/www.europesays.com\/fr\/wp-json\/wp\/v2\/tags?post=641839"}],"curies":[{"name":"wp","href":"https:\/\/api.w.org\/{rel}","templated":true}]}}