{"id":641845,"date":"2026-01-05T05:57:27","date_gmt":"2026-01-05T05:57:27","guid":{"rendered":"https:\/\/www.europesays.com\/fr\/641845\/"},"modified":"2026-01-05T05:57:27","modified_gmt":"2026-01-05T05:57:27","slug":"zinedine-zidane-chronique-dun-retour-annonce-en-equipe-de-france","status":"publish","type":"post","link":"https:\/\/www.europesays.com\/fr\/641845\/","title":{"rendered":"Zin\u00e9dine Zidane, chronique d\u2019un retour annonc\u00e9 en \u00e9quipe de France"},"content":{"rendered":"<p>Deux d\u00e9cennies apr\u00e8s l\u2019avoir quitt\u00e9e, Zin\u00e9dine Zidane devrait renouer avec l\u2019\u00e9quipe de France l\u2019\u00e9t\u00e9 prochain, \u00e0 54\u202fans, et ce ne sera pas sur un coup de t\u00eate. Depuis quatre ans et demi, l\u2019ic\u00f4ne du football tricolore est en r\u00e9serve de la R\u00e9publique. Son nom a circul\u00e9 du c\u00f4t\u00e9 de grandes \u00e9curies europ\u00e9ennes, telles <a href=\"https:\/\/www.latribune.fr\/entreprises-finance\/services\/tourisme-loisirs\/vente-de-manchester-united-les-glazer-vont-desormais-devoir-trancher-952421.html\" target=\"_blank\" rel=\"noopener\">Manchester United<\/a> ou le Bayern Munich, mais rien n\u2019a boug\u00e9.<\/p>\n<p>Le 22\u202fmai 2021 reste le dernier jour o\u00f9 il a enfil\u00e9 un costume d\u2019entra\u00eeneur\u2009; c\u2019\u00e9tait \u00e0 Villarreal au terme d\u2019une saison blanche et, quelques jours plus tard, il avait mis fin \u00e0 son contrat avec le Real Madrid. Depuis 2018, quand il avait quitt\u00e9 une premi\u00e8re fois le club madril\u00e8ne aur\u00e9ol\u00e9 d\u2019un tripl\u00e9 in\u00e9dit en <a href=\"https:\/\/www.latribune.fr\/article\/la-tribune-dimanche\/sports\/94312433892634\/ligue-des-champions-paphos-un-petit-poucet-parmi-les-geants\" target=\"_blank\" rel=\"noopener\">Ligue des champions<\/a>, son ombre a accompagn\u00e9 toutes les campagnes internationales de Didier Deschamps, qui a \u00e9t\u00e9 sacr\u00e9ment solide sur ses appuis.<\/p>\n","protected":false},"excerpt":{"rendered":"Deux d\u00e9cennies apr\u00e8s l\u2019avoir quitt\u00e9e, Zin\u00e9dine Zidane devrait renouer avec l\u2019\u00e9quipe de France l\u2019\u00e9t\u00e9 prochain, \u00e0 54\u202fans, et&hellip;\n","protected":false},"author":2,"featured_media":641846,"comment_status":"","ping_status":"","sticky":false,"template":"","format":"standard","meta":{"footnotes":""},"categories":[2],"tags":[5734,11,2562,5029,2837,2263,1011,27,3102,12,25,8133,40368,74850],"class_list":{"0":"post-641845","1":"post","2":"type-post","3":"status-publish","4":"format-standard","5":"has-post-thumbnail","7":"category-actualites","8":"tag-5734","9":"tag-actualites","10":"tag-annonce","11":"tag-chronique","12":"tag-dun","13":"tag-equipe","14":"tag-fr","15":"tag-france","16":"tag-la-tribune-dimanche","17":"tag-news","18":"tag-republique-francaise","19":"tag-retour","20":"tag-zidane","21":"tag-zinedine"},"share_on_mastodon":{"url":"https:\/\/pubeurope.com\/@fr\/115840957980655069","error":""},"_links":{"self":[{"href":"https:\/\/www.europesays.com\/fr\/wp-json\/wp\/v2\/posts\/641845","targetHints":{"allow":["GET"]}}],"collection":[{"href":"https:\/\/www.europesays.com\/fr\/wp-json\/wp\/v2\/posts"}],"about":[{"href":"https:\/\/www.europesays.com\/fr\/wp-json\/wp\/v2\/types\/post"}],"author":[{"embeddable":true,"href":"https:\/\/www.europesays.com\/fr\/wp-json\/wp\/v2\/users\/2"}],"replies":[{"embeddable":true,"href":"https:\/\/www.europesays.com\/fr\/wp-json\/wp\/v2\/comments?post=641845"}],"version-history":[{"count":0,"href":"https:\/\/www.europesays.com\/fr\/wp-json\/wp\/v2\/posts\/641845\/revisions"}],"wp:featuredmedia":[{"embeddable":true,"href":"https:\/\/www.europesays.com\/fr\/wp-json\/wp\/v2\/media\/641846"}],"wp:attachment":[{"href":"https:\/\/www.europesays.com\/fr\/wp-json\/wp\/v2\/media?parent=641845"}],"wp:term":[{"taxonomy":"category","embeddable":true,"href":"https:\/\/www.europesays.com\/fr\/wp-json\/wp\/v2\/categories?post=641845"},{"taxonomy":"post_tag","embeddable":true,"href":"https:\/\/www.europesays.com\/fr\/wp-json\/wp\/v2\/tags?post=641845"}],"curies":[{"name":"wp","href":"https:\/\/api.w.org\/{rel}","templated":true}]}}