{"id":641858,"date":"2026-01-05T06:09:44","date_gmt":"2026-01-05T06:09:44","guid":{"rendered":"https:\/\/www.europesays.com\/fr\/641858\/"},"modified":"2026-01-05T06:09:44","modified_gmt":"2026-01-05T06:09:44","slug":"a-saint-germain-en-laye-le-nabi-journaliste-henri-gabriel-ibels-sort-de-lombre","status":"publish","type":"post","link":"https:\/\/www.europesays.com\/fr\/641858\/","title":{"rendered":"\u00c0 Saint-Germain-en-Laye, le \u00ab\u00a0Nabi journaliste\u00a0\u00bb Henri-Gabriel Ibels sort de l&rsquo;ombre"},"content":{"rendered":"<p class=\"editor-content__paragraph\">Dans<strong> la famille des <a href=\"https:\/\/www.beauxarts.com\/grand-format\/les-nabis-en-3-minutes\/\" target=\"_blank\" rel=\"noopener\">Nabis<\/a><\/strong>, il y eut <a href=\"https:\/\/www.beauxarts.com\/grand-format\/pierre-bonnard-en-2-minutes\/\" target=\"_blank\" rel=\"noopener\">Pierre Bonnard<\/a>, dit \u00ab\u00a0le Nabi tr\u00e8s japonard\u00a0\u00bb, <a href=\"https:\/\/www.beauxarts.com\/grand-format\/paul-serusier-en-2-minutes\/\" target=\"_blank\" rel=\"noopener\">Paul S\u00e9rusier<\/a>, dit \u00ab\u00a0le Nabi \u00e0 la barbe rutilante\u00a0\u00bb, <a href=\"https:\/\/www.beauxarts.com\/grand-format\/maurice-denis-en-2-minutes\/\" target=\"_blank\" rel=\"noopener\">Maurice Denis<\/a>, dit \u00ab\u00a0le Nabi aux belles ic\u00f4nes\u00a0\u00bb\u2026 Mais il y eut aussi un <strong>\u00ab\u00a0Nabi journaliste\u00a0\u00bb<\/strong>, figure singuli\u00e8re que la post\u00e9rit\u00e9 a h\u00e9las quelque peu malmen\u00e9e. Or voil\u00e0 que, pr\u00e8s de 90\u00a0ans apr\u00e8s sa mort, <strong> Henri-Gabriel Ibels<\/strong> (1867\u20131936) n\u2019a pas dit son dernier mot\u00a0: \u00e0 <strong>Saint-Germain-en-Laye<\/strong>, le <strong>mus\u00e9e Maurice-Denis<\/strong> consacre \u00e0 cet artiste m\u00e9connu, mais n\u00e9anmoins essentiel, <strong>sa premi\u00e8re r\u00e9trospective<\/strong>, donnant \u00e0 voir, \u00e0 travers quelque<strong> 250 \u0153uvres<\/strong>, l\u2019\u00e9tourdissante richesse de sa carri\u00e8re.<\/p>\n<p class=\"editor-content__paragraph editor-content__paragraph--is-hidden\">L\u2019\u00e9v\u00e9nement s\u2019accompagne de la publication d\u2019une <strong>belle monographie<\/strong> aux \u00e9ditions In Fine, tandis que l\u2019exposition fera ensuite escale au <strong>mus\u00e9e Toulouse-Lautrec d\u2019Albi<\/strong>. Fruit d\u2019un travail titanesque, le parcours d\u00e9voile <strong>de nombreux in\u00e9dits<\/strong>. Il faut dire qu\u2019Ibels avait la f\u00e2cheuse habitude de <strong>ne pas dater ses \u0153uvres<\/strong>. Heureusement, il prenait en revanche grand soin de les signer\u00a0: \u00ab\u00a0C\u2019est gr\u00e2ce \u00e0 lui qu\u2019a \u00e9t\u00e9 cr\u00e9\u00e9e <strong>la soci\u00e9t\u00e9 des droits d\u2019auteur pour les arts plastiques<\/strong>\u00a0\u00bb, pr\u00e9cise Fabienne Stahl, conservatrice au mus\u00e9e Maurice-Denis et commissaire de l\u2019exposition.<\/p>\n<p>            <strong>Continuez votre lecture<\/strong><\/p>\n<p>\n                et acc\u00e9dez \u00e0 Beaux Arts Magazine<br \/>et \u00e0 tous les contenus web<br \/><strong>en illimit\u00e9 \u00e0 partir de 5,75\u20ac \/ mois<\/strong>\n            <\/p>\n<p class=\"cta-abonnement__log-in\">\n        D\u00e9j\u00e0 abonn\u00e9 ?        <a data-id=\"aHR0cHM6Ly93d3cuYmVhdXhhcnRzLmNvbS9tb24tY29tcHRlLw==\">Connectez-vous<\/a>\n    <\/p>\n<p>            <img data-vllblanksrc=\"https:\/\/www.beauxarts.com\/expos\/ibels-le-nabi-journaliste-injustement-oublie-sort-de-lombre-dans-une-expo-foisonnante\/1\" data-vllsrc=\"https:\/\/www.europesays.com\/fr\/wp-content\/uploads\/2026\/01\/couv-bam-499-232x300.png\" alt=\"\"\/><img data-vllblanksrc=\"https:\/\/www.beauxarts.com\/expos\/ibels-le-nabi-journaliste-injustement-oublie-sort-de-lombre-dans-une-expo-foisonnante\/1\" data-vllsrc=\"https:\/\/www.europesays.com\/fr\/wp-content\/uploads\/2025\/12\/couv-bam-498-232x300.png\" alt=\"\"\/>        <\/p>\n","protected":false},"excerpt":{"rendered":"Dans la famille des Nabis, il y eut Pierre Bonnard, dit \u00ab\u00a0le Nabi tr\u00e8s japonard\u00a0\u00bb, Paul S\u00e9rusier, dit&hellip;\n","protected":false},"author":2,"featured_media":641859,"comment_status":"","ping_status":"","sticky":false,"template":"","format":"standard","meta":{"footnotes":""},"categories":[1358],"tags":[12870,1348,1384,1385,60739,1386,5804,58,59,1011,27,74852,74851,1585],"class_list":{"0":"post-641858","1":"post","2":"type-post","3":"status-publish","4":"format-standard","5":"has-post-thumbnail","7":"category-arts-et-design","8":"tag-art-moderne","9":"tag-arts","10":"tag-arts-and-design","11":"tag-arts-et-design","12":"tag-caricature","13":"tag-design","14":"tag-dessin","15":"tag-divertissement","16":"tag-entertainment","17":"tag-fr","18":"tag-france","19":"tag-henri-gabriel-ibels","20":"tag-musee-departemental-maurice-denis","21":"tag-peinture"},"share_on_mastodon":{"url":"https:\/\/pubeurope.com\/@fr\/115841005189978621","error":""},"_links":{"self":[{"href":"https:\/\/www.europesays.com\/fr\/wp-json\/wp\/v2\/posts\/641858","targetHints":{"allow":["GET"]}}],"collection":[{"href":"https:\/\/www.europesays.com\/fr\/wp-json\/wp\/v2\/posts"}],"about":[{"href":"https:\/\/www.europesays.com\/fr\/wp-json\/wp\/v2\/types\/post"}],"author":[{"embeddable":true,"href":"https:\/\/www.europesays.com\/fr\/wp-json\/wp\/v2\/users\/2"}],"replies":[{"embeddable":true,"href":"https:\/\/www.europesays.com\/fr\/wp-json\/wp\/v2\/comments?post=641858"}],"version-history":[{"count":0,"href":"https:\/\/www.europesays.com\/fr\/wp-json\/wp\/v2\/posts\/641858\/revisions"}],"wp:featuredmedia":[{"embeddable":true,"href":"https:\/\/www.europesays.com\/fr\/wp-json\/wp\/v2\/media\/641859"}],"wp:attachment":[{"href":"https:\/\/www.europesays.com\/fr\/wp-json\/wp\/v2\/media?parent=641858"}],"wp:term":[{"taxonomy":"category","embeddable":true,"href":"https:\/\/www.europesays.com\/fr\/wp-json\/wp\/v2\/categories?post=641858"},{"taxonomy":"post_tag","embeddable":true,"href":"https:\/\/www.europesays.com\/fr\/wp-json\/wp\/v2\/tags?post=641858"}],"curies":[{"name":"wp","href":"https:\/\/api.w.org\/{rel}","templated":true}]}}