{"id":641860,"date":"2026-01-05T06:11:12","date_gmt":"2026-01-05T06:11:12","guid":{"rendered":"https:\/\/www.europesays.com\/fr\/641860\/"},"modified":"2026-01-05T06:11:12","modified_gmt":"2026-01-05T06:11:12","slug":"le-grand-dossier-du-dimanche-4-janvier-2026-tf1-info","status":"publish","type":"post","link":"https:\/\/www.europesays.com\/fr\/641860\/","title":{"rendered":"Le Grand Dossier du dimanche 4 janvier 2026 &#8211; TF1 Info"},"content":{"rendered":"<ol>\n<li><a href=\"https:\/\/news.google.com\/rss\/articles\/CBMirgFBVV95cUxOdFAyY2Vla09UbkJhNHlfakstc2dJNDZyQ2tyZGE4dXZQdkZEU0FEa0V5UHdibEpRa0puTDB5V3QzRVdVVDhwUTZjbkRTTGtNSkJxQ2NISGlpNHh6Z2hXUHdqd01tVHVHZnZQYTRPdE8yNUJBVU1qbEtST1NRRzd6NHVPZzlMejRxSVhrZ0M2ekZ4bjhSbmRTRTh3NGo0azhKQmdLWnFDVnpod0NHRHc?oc=5\" target=\"_blank\" rel=\"noopener\">Le Grand Dossier du dimanche 4 janvier 2026<\/a>&nbsp;&nbsp;TF1 Info<\/li>\n<li><a href=\"https:\/\/news.google.com\/rss\/articles\/CBMijgJBVV95cUxNX05WemtEQkRaWk9SUTlMU0lyUlh0U3Q2WFBTX0NkRUdRSFlRV2xSVVFQN1NLc0hyNjh5R2gzNkplSVl6a3V1TkQxLXRQbTZ4eHJ4NEVLVWgtS1NqX0cxRUdfZms4YWREaWMzSHFIRzgyTXJBWDN3a01haFdMMlVFblNCNlZmSy1QSzZ3S3g1R0VUQlNacV9OT1JyUHJNaHpRZkk4R3pXTXlCaVB1cXBLOWlzSml4X2FaR0kxNlVkUHRUY1ZjZVBlNWVYaWk3aGtubWtHcklFMUY0WkJQLUVKbHBnUVY3aWN3X3pmN1dWcE03SGxlUmFjMTNxTTFWNTdlbjM5djA4WTJTN2phTFE?oc=5\" target=\"_blank\" rel=\"noopener\">Le sort des Maduro entre les mains de la justice am\u00e9ricaine, celui du Venezuela entre celles de Donald Trump<\/a>&nbsp;&nbsp;Le Monde.fr<\/li>\n<li><a href=\"https:\/\/news.google.com\/rss\/articles\/CBMi0wFBVV95cUxPS1hkUTFHZzVMSFE5RHVUZ05tYlgwUUthaldENHlURm5FLUc1Mll3UkFrN08tdFp2QkxrQzRSS1ZIRG4yUEIyY3I5XzVKckdJQzk2LWNidGdDV29qX1p4UWhkYV9aUFE1S1JBOFhSVkpOeUNMbTFMZEMwT2ZDZG84aS1lQXduZ0pFWjg2Z0FQTl92RWRfVDczX0pkbzdwd1Fpc05CM0pVQnA4QThJRnU5VzZES1dnZk5NS0UyVElEdFhnYkVtOWZ4WVlCdWwyYUk0RjNV?oc=5\" target=\"_blank\" rel=\"noopener\">Trump assure que les Etats-Unis dirigent le Venezuela, avant une comparution de Maduro<\/a>&nbsp;&nbsp;Actualit\u00e9s \u2013 Orange<\/li>\n<li><a href=\"https:\/\/news.google.com\/rss\/articles\/CBMiswJBVV95cUxPOWp4TWdEQjlWMFdHQS04MndxdWZjZlhibWY4WnUyNFBLb1JkVld2NEp0VWFqX1VxNWpvTE9FektfSFU5ZmkxQjNkNklHaklpN2hTNVRFSkFFS25nU0dkWUk0dU9QVUVuM1lyZGhmQl9OOEZsSGVKbm93cGcxTExDR0JseVJsSkFoaThCRlhJdDMtdm9HUGx1TDkwNS1pYnVZWjF4UGY4M3dueFlvRVFpVHFWV1VQd2s0Q3dVSWNDcG4tTXA1V3NRZ19GVF9WZ0haaEFtSWl5SXhRNTJDMUhNTjdreXRrMVJ5bXV5U0xxdVBNU2IxcUF3Um9pMXRWTDJXOUQxeUp6MHdraDNlalJiNjhSVUFib1ptd19SUHY4eXBxQVlXRUEtV1h5YjFwU2xVT1ZN?oc=5\" target=\"_blank\" rel=\"noopener\">\u00ab\u00a0Aveugle, inconsciente et irresponsable\u00a0\u00bb: Dominique de Villepin condamne la r\u00e9action d&rsquo;Emmanuel Macron \u00e0 l&rsquo;op\u00e9ration am\u00e9ricaine au Venezuela<\/a>&nbsp;&nbsp;BFM<\/li>\n<li><a href=\"https:\/\/news.google.com\/rss\/articles\/CBMimAJBVV95cUxQaHhheUZCNFBZTkdCVnpfSm9qc1RDTGROcVFVeW96YmFMN2xMLVRETVJuOXY1RGw0Sjl1QmhVbDJjNzB6Y1VULVgwQ1B0a2VRdHVsTXFKdGtQS1JPb0pUYkItX2puczdFaWtqaHYycEt4Ujk3THNtU1FaelhDRmNLbXBQZmJVM0RfejVCbG5sSWl5NUF2Rldab3FtSmJiWGJPNmxEXzZYaUlHOGtkeGpaa19ROWdWX3ExclFjUTZoc0l5NnJRaTk4Z3dvczkwb2pwTU55ckt0dDE2aWktaU1pYWFFbFhzNzJaaFpmeWRnd0Z4eWQ4X0NhNXlhQVp6QVdranVLbk5zRk5zWUs0dlU1ajUwRkROOWFG?oc=5\" target=\"_blank\" rel=\"noopener\">\u00ab\u00a0La France se pr\u00e9pare pour un monde durci\u00a0\u00bb, affirme Jean-No\u00ebl Barrot, ministre des Affaires \u00e9trang\u00e8res<\/a>&nbsp;&nbsp;France Info<\/li>\n<\/ol>\n","protected":false},"excerpt":{"rendered":"Le Grand Dossier du dimanche 4 janvier 2026&nbsp;&nbsp;TF1 Info Le sort des Maduro entre les mains de la&hellip;\n","protected":false},"author":2,"featured_media":641861,"comment_status":"","ping_status":"","sticky":false,"template":"","format":"standard","meta":{"footnotes":""},"categories":[1356],"tags":[5925,58,75,59,1011,27,18268,252,1364,74844,133,70474],"class_list":{"0":"post-641860","1":"post","2":"type-post","3":"status-publish","4":"format-standard","5":"has-post-thumbnail","7":"category-television","8":"tag-conflits-et-guerre","9":"tag-divertissement","10":"tag-donald-trump","11":"tag-entertainment","12":"tag-fr","13":"tag-france","14":"tag-le-grand-dossier","15":"tag-television","16":"tag-tv","17":"tag-venezuela-nicolas-maduro-capture-par-les-etats-unis","18":"tag-video","19":"tag-video-replay-lci"},"share_on_mastodon":{"url":"https:\/\/pubeurope.com\/@fr\/115841013460612464","error":""},"_links":{"self":[{"href":"https:\/\/www.europesays.com\/fr\/wp-json\/wp\/v2\/posts\/641860","targetHints":{"allow":["GET"]}}],"collection":[{"href":"https:\/\/www.europesays.com\/fr\/wp-json\/wp\/v2\/posts"}],"about":[{"href":"https:\/\/www.europesays.com\/fr\/wp-json\/wp\/v2\/types\/post"}],"author":[{"embeddable":true,"href":"https:\/\/www.europesays.com\/fr\/wp-json\/wp\/v2\/users\/2"}],"replies":[{"embeddable":true,"href":"https:\/\/www.europesays.com\/fr\/wp-json\/wp\/v2\/comments?post=641860"}],"version-history":[{"count":0,"href":"https:\/\/www.europesays.com\/fr\/wp-json\/wp\/v2\/posts\/641860\/revisions"}],"wp:featuredmedia":[{"embeddable":true,"href":"https:\/\/www.europesays.com\/fr\/wp-json\/wp\/v2\/media\/641861"}],"wp:attachment":[{"href":"https:\/\/www.europesays.com\/fr\/wp-json\/wp\/v2\/media?parent=641860"}],"wp:term":[{"taxonomy":"category","embeddable":true,"href":"https:\/\/www.europesays.com\/fr\/wp-json\/wp\/v2\/categories?post=641860"},{"taxonomy":"post_tag","embeddable":true,"href":"https:\/\/www.europesays.com\/fr\/wp-json\/wp\/v2\/tags?post=641860"}],"curies":[{"name":"wp","href":"https:\/\/api.w.org\/{rel}","templated":true}]}}