{"id":641874,"date":"2026-01-05T06:19:11","date_gmt":"2026-01-05T06:19:11","guid":{"rendered":"https:\/\/www.europesays.com\/fr\/641874\/"},"modified":"2026-01-05T06:19:11","modified_gmt":"2026-01-05T06:19:11","slug":"carnaval-de-guadeloupe-2026-i-pati-%f0%9f%92%83%f0%9f%8f%bf%f0%9f%91%91%f0%9f%a5%81","status":"publish","type":"post","link":"https:\/\/www.europesays.com\/fr\/641874\/","title":{"rendered":"Carnaval de Guadeloupe 2026\u00a0: I pati\u00a0! \ud83d\udc83\ud83c\udfff\ud83d\udc51\ud83e\udd41"},"content":{"rendered":"<p class=\"svelte-qfpp5o first-paragraph\">Pendant six semaines, \u00e0 compter de ce dimanche 4 janvier, la Guadeloupe vivra aux rythmes des parades dans les communes, dans le cadre du Carnaval 2026, pour un final en apoth\u00e9ose le Dimanche Gras \u00e0 Pointe-\u00e0-Pitre et le Mardi Gras \u00e0 Basse-Terre. Le Mercredi des Cendres, qui marque la fin des festivit\u00e9s, est pr\u00e9vu le 18 f\u00e9vrier prochain. Les groupes \u00e0 caisses claires, \u00e0 synth\u00e9, \u00e0 peaux ou les mas seront dans les rues chaque week-end. Les comit\u00e9s et autres collectifs sont fin pr\u00eats, pour une saison courte, mais qui s\u2019annonce intense.<\/p>\n<p class=\"svelte-qfpp5o\"><b>A LIRE AUSSI\u00a0:<\/b> <a class=\"article-link svelte-123pfsg\" href=\"https:\/\/la1ere.franceinfo.fr\/guadeloupe\/le-carnaval-de-guadeloupe-2026-sera-court-mais-intense-1656974.html\" rel=\"noopener noreferrer nofollow\" target=\"_blank\">Le Carnaval de Guadeloupe 2026 sera court, mais intense\u00a0! \ud83d\udd25<\/a> \u2013 29\/12\/2025.<\/p>\n<p class=\"svelte-qfpp5o\">Des c\u00e9r\u00e9monies d\u2019ouverture officielle ont \u00e9t\u00e9 organis\u00e9es, hier\u00a0; l\u2019une \u00e0 Baie-Mahault et l\u2019autre \u00e0 Basse-Terre.<\/p>\n<p>\u00ab\u00a0Mas an Foli\u00a0\u00bb au v\u00e9lodrome de Baie-Mahault<\/p>\n<p class=\"svelte-qfpp5o\">C\u2019est en grande pompe que les festivit\u00e9s carnavalesques ont \u00e9t\u00e9 pr\u00e9sent\u00e9es au v\u00e9lodrome Am\u00e9d\u00e9e Detraux de Baie-Mahault, hier soir. La 7\u00e8me \u00e9dition de \u00ab\u00a0Mas an Foli\u00a0\u00bb a \u00e9t\u00e9 organis\u00e9e avec la complicit\u00e9 de 8 groupes venus pr\u00e9senter leurs costumes et faire le show, devant pr\u00e8s de 300 spectateurs, dont de nombreux touristes. Voici un aper\u00e7u en images de cette belle entr\u00e9e en mati\u00e8re\u00a0:<\/p>\n<p>Pr\u00e9sentation officielle du Roi Vaval 2026 \u00e0 Basse-Terre<\/p>\n<p class=\"svelte-qfpp5o\">L\u2019association Luberc 3000 et la F\u00e9d\u00e9ration guadeloup\u00e9enne du carnaval (FGC) ont officiellement pr\u00e9sent\u00e9 le Roi Vaval 2026, dans les jardins de l\u2019Artchipel, \u00e0 Basse-Terre, samedi soir. Vous n\u2019y \u00e9tiez pas\u00a0? Voici quelques images de cet \u00e9v\u00e8nement, qui m\u00ealait prestation de chanteur, musique et danse traditionnelle et pi\u00e8ce de th\u00e9\u00e2tre :<\/p>\n<p>La Parade des Rois, ce dimanche !<\/p>\n<p class=\"svelte-qfpp5o\">\u00c0 Pointe-\u00e0-Pitre et \u00e0 Basse-Terre, ce dimanche marque le d\u00e9but officiel de la p\u00e9riode carnavalesque, en Guadeloupe. Trois rendez-vous carnavalesques sont au programme ce dimanche 4 janvier 2026. Basse-Terre vivra son d\u00e9fil\u00e9 d\u2019ouverture, les Groupes a P\u00f4 d\u00e9bouleront en zone pointoise en soir\u00e9e et, en ce jour d\u2019Epiphanie, la traditionnelle Parade des Rois aura lieu \u00e0 Pointe-\u00e0-Pitre.<\/p>\n<p class=\"svelte-qfpp5o\">Justement, pour ce rendez-vous \u00e0 Pointe-\u00e0-Pitre, qui existe depuis une quinzaine d\u2019ann\u00e9es, un circuit dans la ville doit permettre aux groupes de la r\u00e9gion de d\u00e9ambuler jusque tr\u00e8s tard dans la nuit. Une nouveaut\u00e9 est pr\u00e9vue cette ann\u00e9e\u00a0: des gradins install\u00e9s sur la place de la victoire pour le public, accessibles gratuitement.<\/p>\n<p class=\"svelte-qfpp5o\">La ville sera ferm\u00e9e aux automobilistes d\u00e8s 16h00, pour une parade qui pourra s\u2019\u00e9lancer d\u00e8s 16h30\/17h00.<\/p>\n<p class=\"svelte-qfpp5o\">Le Groupement pour la Culture et le Carnaval de la R\u00e9gion Pointoise (GCCRP)\u00a0a tout mis en \u0153uvre pour que la f\u00eate soit belle.<\/p>\n<blockquote class=\"quote svelte-15qzpub\">\n<p class=\"text svelte-15qzpub\">\u00ab Le service culturel de la ville de Pointe-\u00e0-Pitre a m\u00eame mis en place un concours pour le groupe le plus chaud, avec une petite monnaie \u00e0 la cl\u00e9.  \u00bb<\/p>\n<p> Jo\u00ebl Jacota, pr\u00e9sident du GCCRP<\/p><\/blockquote>\n<p class=\"svelte-qfpp5o\">La s\u00e9curit\u00e9 des parades a \u00e9t\u00e9 renforc\u00e9e cette ann\u00e9e, la Communaut\u00e9 d\u2019agglom\u00e9ration Cap excellence ayant mis les moyens, en sus des services de l\u2019Etat. Des forces de l\u2019ordre et agents priv\u00e9s seront d\u00e9ploy\u00e9s dans la ville.<\/p>\n<p class=\"svelte-qfpp5o\"><b>\u00c0 LIRE AUSSI\u00a0: <\/b><a class=\"article-link svelte-123pfsg\" href=\"https:\/\/la1ere.franceinfo.fr\/guadeloupe\/grande-terre\/pointe-pitre\/carnaval-de-guadeloupe-2026-on-a-mis-davantage-de-policiers-et-d-agents-de-securite-repond-la-prefecture-aux-groupes-a-po-1657442.html\" rel=\"noopener noreferrer nofollow\" target=\"_blank\">Carnaval de Guadeloupe 2026\u00a0: \u00ab\u00a0On a mis davantage de policiers et d\u2019agents de s\u00e9curit\u00e9\u00a0\u00bb, r\u00e9pond la pr\u00e9fecture aux Groupes a Po<\/a> \u2013 31\/12\/2025.<\/p>\n","protected":false},"excerpt":{"rendered":"Pendant six semaines, \u00e0 compter de ce dimanche 4 janvier, la Guadeloupe vivra aux rythmes des parades dans&hellip;\n","protected":false},"author":2,"featured_media":641875,"comment_status":"","ping_status":"","sticky":false,"template":"","format":"standard","meta":{"footnotes":""},"categories":[5],"tags":[11,1011,27,14,12,28],"class_list":{"0":"post-641874","1":"post","2":"type-post","3":"status-publish","4":"format-standard","5":"has-post-thumbnail","7":"category-international","8":"tag-actualites","9":"tag-fr","10":"tag-france","11":"tag-international","12":"tag-news","13":"tag-world"},"share_on_mastodon":{"url":"https:\/\/pubeurope.com\/@fr\/115841044591492338","error":""},"_links":{"self":[{"href":"https:\/\/www.europesays.com\/fr\/wp-json\/wp\/v2\/posts\/641874","targetHints":{"allow":["GET"]}}],"collection":[{"href":"https:\/\/www.europesays.com\/fr\/wp-json\/wp\/v2\/posts"}],"about":[{"href":"https:\/\/www.europesays.com\/fr\/wp-json\/wp\/v2\/types\/post"}],"author":[{"embeddable":true,"href":"https:\/\/www.europesays.com\/fr\/wp-json\/wp\/v2\/users\/2"}],"replies":[{"embeddable":true,"href":"https:\/\/www.europesays.com\/fr\/wp-json\/wp\/v2\/comments?post=641874"}],"version-history":[{"count":0,"href":"https:\/\/www.europesays.com\/fr\/wp-json\/wp\/v2\/posts\/641874\/revisions"}],"wp:featuredmedia":[{"embeddable":true,"href":"https:\/\/www.europesays.com\/fr\/wp-json\/wp\/v2\/media\/641875"}],"wp:attachment":[{"href":"https:\/\/www.europesays.com\/fr\/wp-json\/wp\/v2\/media?parent=641874"}],"wp:term":[{"taxonomy":"category","embeddable":true,"href":"https:\/\/www.europesays.com\/fr\/wp-json\/wp\/v2\/categories?post=641874"},{"taxonomy":"post_tag","embeddable":true,"href":"https:\/\/www.europesays.com\/fr\/wp-json\/wp\/v2\/tags?post=641874"}],"curies":[{"name":"wp","href":"https:\/\/api.w.org\/{rel}","templated":true}]}}