{"id":641880,"date":"2026-01-05T06:22:12","date_gmt":"2026-01-05T06:22:12","guid":{"rendered":"https:\/\/www.europesays.com\/fr\/641880\/"},"modified":"2026-01-05T06:22:12","modified_gmt":"2026-01-05T06:22:12","slug":"firminy-derniere-ligne-droite-pour-les-travaux-de-la-cour-oasis-a-lecole-du-mas","status":"publish","type":"post","link":"https:\/\/www.europesays.com\/fr\/641880\/","title":{"rendered":"Firminy. Derni\u00e8re ligne droite pour les travaux de la cour oasis \u00e0 l\u2019\u00e9cole du Mas"},"content":{"rendered":"<p>Les travaux de cr\u00e9ation <a href=\"https:\/\/www.leprogres.fr\/education\/2025\/07\/26\/cour-oasis-du-vert-de-la-nature-et-du-frais-a-l-ecole-du-mas\" target=\"_blank\" rel=\"noopener\">d\u2019une cour oasis \u00e0 l\u2019\u00e9cole du Mas<\/a>, boulevard Fayol \u00e0 Firminy, touchent \u00e0 leur fin. Le chantier a \u00e9t\u00e9 lanc\u00e9 l\u2019\u00e9t\u00e9 dernier et sera termin\u00e9 dans le courant de ce mois de janvier, a-t-on appris au cours d\u2019une visite du site la veille des vacances scolaires. Il restait alors de menus travaux sur le pr\u00e9au comme l\u2019\u00e9lectricit\u00e9, faite avant No\u00ebl, l\u2019\u00e9quipement des pi\u00e8ces (sanitaires, local technique,\u00a0etc.).<\/p>\n<p>Les esp\u00e8ces plant\u00e9es en janvier<\/p>\n<p>D\u00e8s cette semaine, l\u2019ext\u00e9rieur sera v\u00e9g\u00e9talis\u00e9 et le mobilier install\u00e9, notamment la classe&#8230;<\/p>\n","protected":false},"excerpt":{"rendered":"Les travaux de cr\u00e9ation d\u2019une cour oasis \u00e0 l\u2019\u00e9cole du Mas, boulevard Fayol \u00e0 Firminy, touchent \u00e0 leur&hellip;\n","protected":false},"author":2,"featured_media":641881,"comment_status":"","ping_status":"","sticky":false,"template":"","format":"standard","meta":{"footnotes":""},"categories":[9653],"tags":[1111,11,2430,7539,1057,436,1777,674,10282,10283,1011,27,10425,8423,12,5140,25,4001,104],"class_list":{"0":"post-641880","1":"post","2":"type-post","3":"status-publish","4":"format-standard","5":"has-post-thumbnail","7":"category-saint-etienne","8":"tag-actu","9":"tag-actualites","10":"tag-auvergne-rhone-alpes","11":"tag-edition-loire-sud","12":"tag-education","13":"tag-environnement","14":"tag-eu","15":"tag-europe","16":"tag-firminy","17":"tag-firminy-ville","18":"tag-fr","19":"tag-france","20":"tag-maternelle-elementaire","21":"tag-meteorologie-climat","22":"tag-news","23":"tag-rechauffement-climatique","24":"tag-republique-francaise","25":"tag-saint-etienne","26":"tag-societe"},"share_on_mastodon":{"url":"https:\/\/pubeurope.com\/@fr\/115841056318965149","error":""},"_links":{"self":[{"href":"https:\/\/www.europesays.com\/fr\/wp-json\/wp\/v2\/posts\/641880","targetHints":{"allow":["GET"]}}],"collection":[{"href":"https:\/\/www.europesays.com\/fr\/wp-json\/wp\/v2\/posts"}],"about":[{"href":"https:\/\/www.europesays.com\/fr\/wp-json\/wp\/v2\/types\/post"}],"author":[{"embeddable":true,"href":"https:\/\/www.europesays.com\/fr\/wp-json\/wp\/v2\/users\/2"}],"replies":[{"embeddable":true,"href":"https:\/\/www.europesays.com\/fr\/wp-json\/wp\/v2\/comments?post=641880"}],"version-history":[{"count":0,"href":"https:\/\/www.europesays.com\/fr\/wp-json\/wp\/v2\/posts\/641880\/revisions"}],"wp:featuredmedia":[{"embeddable":true,"href":"https:\/\/www.europesays.com\/fr\/wp-json\/wp\/v2\/media\/641881"}],"wp:attachment":[{"href":"https:\/\/www.europesays.com\/fr\/wp-json\/wp\/v2\/media?parent=641880"}],"wp:term":[{"taxonomy":"category","embeddable":true,"href":"https:\/\/www.europesays.com\/fr\/wp-json\/wp\/v2\/categories?post=641880"},{"taxonomy":"post_tag","embeddable":true,"href":"https:\/\/www.europesays.com\/fr\/wp-json\/wp\/v2\/tags?post=641880"}],"curies":[{"name":"wp","href":"https:\/\/api.w.org\/{rel}","templated":true}]}}