{"id":641882,"date":"2026-01-05T06:23:16","date_gmt":"2026-01-05T06:23:16","guid":{"rendered":"https:\/\/www.europesays.com\/fr\/641882\/"},"modified":"2026-01-05T06:23:16","modified_gmt":"2026-01-05T06:23:16","slug":"saint-etienne-peu-connue-du-grand-public-lentreprise-bony-exporte-ses-briques-refractaires-dans-le-monde-entier","status":"publish","type":"post","link":"https:\/\/www.europesays.com\/fr\/641882\/","title":{"rendered":"Saint-\u00c9tienne. Peu connue du grand public, l&rsquo;entreprise Bony exporte ses briques r\u00e9fractaires dans le monde entier"},"content":{"rendered":"<p>N\u00e9e en 1862, l\u2019entreprise Bony SAS est sp\u00e9cialis\u00e9e dans la production de briques r\u00e9fractaires capables de r\u00e9sister aux assauts thermiques, gazeux, \u00e0 l\u2019\u00e9crasement\u2026 dans des fours atteignant 1\u00a0400\u00a0\u00b0C. La PME compte 55 salari\u00e9s pour un chiffre d\u2019affaires de 14\u00a0millions d\u2019euros.<\/p>\n<p>\u00ab\u00a0Nos produits sont destin\u00e9s \u00e0 l\u2019industrie lourde\u00a0: la verrerie, la sid\u00e9rurgie, l\u2019incin\u00e9ration, la production d\u2019aluminium, les fours \u00e0 chaux et \u00e0 ciment, explique Christian Lalo, le pr\u00e9sident de l&rsquo;entreprise. Nous disposons de 5\u00a0000&#8230;<\/p>\n","protected":false},"excerpt":{"rendered":"N\u00e9e en 1862, l\u2019entreprise Bony SAS est sp\u00e9cialis\u00e9e dans la production de briques r\u00e9fractaires capables de r\u00e9sister aux&hellip;\n","protected":false},"author":2,"featured_media":641883,"comment_status":"","ping_status":"","sticky":false,"template":"","format":"standard","meta":{"footnotes":""},"categories":[9653],"tags":[1111,11,2430,33,7539,1777,674,1011,27,693,12,25,4001,7538],"class_list":{"0":"post-641882","1":"post","2":"type-post","3":"status-publish","4":"format-standard","5":"has-post-thumbnail","7":"category-saint-etienne","8":"tag-actu","9":"tag-actualites","10":"tag-auvergne-rhone-alpes","11":"tag-economie","12":"tag-edition-loire-sud","13":"tag-eu","14":"tag-europe","15":"tag-fr","16":"tag-france","17":"tag-industrie","18":"tag-news","19":"tag-republique-francaise","20":"tag-saint-etienne","21":"tag-saint-etienne-ville"},"share_on_mastodon":{"url":"https:\/\/pubeurope.com\/@fr\/115841060188726626","error":""},"_links":{"self":[{"href":"https:\/\/www.europesays.com\/fr\/wp-json\/wp\/v2\/posts\/641882","targetHints":{"allow":["GET"]}}],"collection":[{"href":"https:\/\/www.europesays.com\/fr\/wp-json\/wp\/v2\/posts"}],"about":[{"href":"https:\/\/www.europesays.com\/fr\/wp-json\/wp\/v2\/types\/post"}],"author":[{"embeddable":true,"href":"https:\/\/www.europesays.com\/fr\/wp-json\/wp\/v2\/users\/2"}],"replies":[{"embeddable":true,"href":"https:\/\/www.europesays.com\/fr\/wp-json\/wp\/v2\/comments?post=641882"}],"version-history":[{"count":0,"href":"https:\/\/www.europesays.com\/fr\/wp-json\/wp\/v2\/posts\/641882\/revisions"}],"wp:featuredmedia":[{"embeddable":true,"href":"https:\/\/www.europesays.com\/fr\/wp-json\/wp\/v2\/media\/641883"}],"wp:attachment":[{"href":"https:\/\/www.europesays.com\/fr\/wp-json\/wp\/v2\/media?parent=641882"}],"wp:term":[{"taxonomy":"category","embeddable":true,"href":"https:\/\/www.europesays.com\/fr\/wp-json\/wp\/v2\/categories?post=641882"},{"taxonomy":"post_tag","embeddable":true,"href":"https:\/\/www.europesays.com\/fr\/wp-json\/wp\/v2\/tags?post=641882"}],"curies":[{"name":"wp","href":"https:\/\/api.w.org\/{rel}","templated":true}]}}