{"id":641884,"date":"2026-01-05T06:26:12","date_gmt":"2026-01-05T06:26:12","guid":{"rendered":"https:\/\/www.europesays.com\/fr\/641884\/"},"modified":"2026-01-05T06:26:12","modified_gmt":"2026-01-05T06:26:12","slug":"toulon-duo-de-flutes","status":"publish","type":"post","link":"https:\/\/www.europesays.com\/fr\/641884\/","title":{"rendered":"Toulon : Duo de fl\u00fbtes"},"content":{"rendered":"<p>        <a href=\"https:\/\/www.tv83.info\/wp-content\/uploads\/2025\/06\/2526_home-1024x576-1.jpg\" data-caption=\"\" target=\"_blank\" rel=\"noopener\"><img loading=\"lazy\" decoding=\"async\" width=\"696\" height=\"392\" class=\"entry-thumb td-modal-image\" src=\"https:\/\/www.europesays.com\/fr\/wp-content\/uploads\/2026\/01\/2526_home-1024x576-1-696x392.jpg\"   alt=\"\" title=\"2526_home-1024x576\"\/><\/a><\/p>\n<p>Op\u00e9ra de Toulon<br \/>Duo de fl\u00fbtes<\/p>\n<p>La Sc\u00e8ne nationale vous convie \u00e0 une pause-d\u00e9jeuner autour d\u2019une proposition artistique, suivie d\u2019un repas bio et local. Un moment propice \u00e0 l\u2019\u00e9merveillement et aux \u00e9changes.<\/p>\n<p>Cette saison encore, l\u2019Op\u00e9ra de Toulon s\u2019associe \u00e0 plusieurs Mardis Libert\u00e9 pour vous proposer des concerts de musique de chambre, autour des \u0153uvres de Mozart, Bach, Telemann\u2026<br \/>La sc\u00e8ne nationale Ch\u00e2teauvallon-Libert\u00e9 invite l\u2019Op\u00e9ra de Toulon !<\/p>\n<p><strong> Dates<\/strong> Dur\u00e9e 45 min + repas<br \/><strong>mardi 6 janvier 2026<\/strong> \u00e0 12h15<br \/>Toulon Le Libert\u00e9<br \/>Salle Fanny Ardant<br \/>Accessibilit\u00e9 Pour toutes et tous<\/p>\n<p>Formule \u00ab spectacle + dejeuner \u00bb 20 \u20ac<br \/>Formule entreprise \u00ab spectacle + d\u00e9jeuner r\u00e9seau \u00bb<br \/>\u2192 Contactez joelle.perrault@chateauvallon-liberte.fr 25 \u20ac<\/p>\n<p><a href=\"https:\/\/www.restosducoeur.org\/associations-departementales\/les-restos-du-coeur-du-var\/\" target=\"_blank\" rel=\"noopener\"><img decoding=\"async\" style=\"height:70px;width:140px\" src=\"https:\/\/www.europesays.com\/fr\/wp-content\/uploads\/2025\/04\/restos-du-coeur.jpg\"\/><\/a>        <\/p>\n","protected":false},"excerpt":{"rendered":"Op\u00e9ra de ToulonDuo de fl\u00fbtes La Sc\u00e8ne nationale vous convie \u00e0 une pause-d\u00e9jeuner autour d\u2019une proposition artistique, suivie&hellip;\n","protected":false},"author":2,"featured_media":641885,"comment_status":"","ping_status":"","sticky":false,"template":"","format":"standard","meta":{"footnotes":""},"categories":[9619],"tags":[1111,11,1777,674,1011,27,12,882,25,2310],"class_list":{"0":"post-641884","1":"post","2":"type-post","3":"status-publish","4":"format-standard","5":"has-post-thumbnail","7":"category-toulon","8":"tag-actu","9":"tag-actualites","10":"tag-eu","11":"tag-europe","12":"tag-fr","13":"tag-france","14":"tag-news","15":"tag-provence-alpes-cote-dazur","16":"tag-republique-francaise","17":"tag-toulon"},"share_on_mastodon":{"url":"https:\/\/pubeurope.com\/@fr\/115841072197704408","error":""},"_links":{"self":[{"href":"https:\/\/www.europesays.com\/fr\/wp-json\/wp\/v2\/posts\/641884","targetHints":{"allow":["GET"]}}],"collection":[{"href":"https:\/\/www.europesays.com\/fr\/wp-json\/wp\/v2\/posts"}],"about":[{"href":"https:\/\/www.europesays.com\/fr\/wp-json\/wp\/v2\/types\/post"}],"author":[{"embeddable":true,"href":"https:\/\/www.europesays.com\/fr\/wp-json\/wp\/v2\/users\/2"}],"replies":[{"embeddable":true,"href":"https:\/\/www.europesays.com\/fr\/wp-json\/wp\/v2\/comments?post=641884"}],"version-history":[{"count":0,"href":"https:\/\/www.europesays.com\/fr\/wp-json\/wp\/v2\/posts\/641884\/revisions"}],"wp:featuredmedia":[{"embeddable":true,"href":"https:\/\/www.europesays.com\/fr\/wp-json\/wp\/v2\/media\/641885"}],"wp:attachment":[{"href":"https:\/\/www.europesays.com\/fr\/wp-json\/wp\/v2\/media?parent=641884"}],"wp:term":[{"taxonomy":"category","embeddable":true,"href":"https:\/\/www.europesays.com\/fr\/wp-json\/wp\/v2\/categories?post=641884"},{"taxonomy":"post_tag","embeddable":true,"href":"https:\/\/www.europesays.com\/fr\/wp-json\/wp\/v2\/tags?post=641884"}],"curies":[{"name":"wp","href":"https:\/\/api.w.org\/{rel}","templated":true}]}}