{"id":641888,"date":"2026-01-05T06:28:10","date_gmt":"2026-01-05T06:28:10","guid":{"rendered":"https:\/\/www.europesays.com\/fr\/641888\/"},"modified":"2026-01-05T06:28:10","modified_gmt":"2026-01-05T06:28:10","slug":"la-ceremonie-des-voeux-lundi-12-a-la-salle-bleue","status":"publish","type":"post","link":"https:\/\/www.europesays.com\/fr\/641888\/","title":{"rendered":"La c\u00e9r\u00e9monie des v\u0153ux lundi 12 \u00e0 la Salle bleue"},"content":{"rendered":"<p>La pr\u00e9c\u00e9dente \u00e9dition des v\u0153ux du maire, Christian Jeanjean, de son premier adjoint, Jean-Louis Gomez, et de son conseil municipal s\u2019\u00e9tait d\u00e9roul\u00e9e sur la sc\u00e8ne du village de no\u00ebl des Flots enchant\u00e9s. Cette ann\u00e9e, la c\u00e9r\u00e9monie aura lieu \u00e0 la Salle bleue le lundi 12 janvier \u00e0 18 h.<\/p>\n<p>Tous les Palavasiens sont convi\u00e9s \u00e0 participer \u00e0 cette soir\u00e9e qui sera anim\u00e9e par l\u2019orchestre de l\u2019Harmonie de Palavas-les-Flots, dirig\u00e9 par Micka\u00ebl Begot, et \u00e0 laquelle participera \u00e9galement le chanteur Lucas.<\/p>\n<p>Seront mis \u00e0 l\u2019honneur diff\u00e9rentes associations, des personnes qui agissent pour la s\u00e9curit\u00e9 dans diff\u00e9rents domaines, de jeunes sportifs palavasiens, pour leur excellence sportive et des agents de la police municipale pour leurs actes de bravoure. \u00c0 cette occasion, des r\u00e9compenses seront remises.<\/p>\n<p>Lors de ce moment symbolique, les \u00e9lus exprimeront aupr\u00e8s de la population des messages \u00e0 la fois chaleureux, f\u00e9d\u00e9rateurs et porteurs d\u2019espoir pour l\u2019ann\u00e9e \u00e0 venir.<\/p>\n<p>Correspondante Midi Libre : 06 09 22 14 46<\/p>\n","protected":false},"excerpt":{"rendered":"La pr\u00e9c\u00e9dente \u00e9dition des v\u0153ux du maire, Christian Jeanjean, de son premier adjoint, Jean-Louis Gomez, et de son&hellip;\n","protected":false},"author":2,"featured_media":641889,"comment_status":"","ping_status":"","sticky":false,"template":"","format":"standard","meta":{"footnotes":""},"categories":[9599],"tags":[1111,11,1777,674,1011,27,7089,2208,12,2680,69289,25,1857],"class_list":{"0":"post-641888","1":"post","2":"type-post","3":"status-publish","4":"format-standard","5":"has-post-thumbnail","7":"category-montpellier","8":"tag-actu","9":"tag-actualites","10":"tag-eu","11":"tag-europe","12":"tag-fr","13":"tag-france","14":"tag-herault","15":"tag-montpellier","16":"tag-news","17":"tag-occitanie","18":"tag-palavaslesflots","19":"tag-republique-francaise","20":"tag-sociu00e9tu00e9"},"share_on_mastodon":{"url":"https:\/\/pubeurope.com\/@fr\/115841079924261414","error":""},"_links":{"self":[{"href":"https:\/\/www.europesays.com\/fr\/wp-json\/wp\/v2\/posts\/641888","targetHints":{"allow":["GET"]}}],"collection":[{"href":"https:\/\/www.europesays.com\/fr\/wp-json\/wp\/v2\/posts"}],"about":[{"href":"https:\/\/www.europesays.com\/fr\/wp-json\/wp\/v2\/types\/post"}],"author":[{"embeddable":true,"href":"https:\/\/www.europesays.com\/fr\/wp-json\/wp\/v2\/users\/2"}],"replies":[{"embeddable":true,"href":"https:\/\/www.europesays.com\/fr\/wp-json\/wp\/v2\/comments?post=641888"}],"version-history":[{"count":0,"href":"https:\/\/www.europesays.com\/fr\/wp-json\/wp\/v2\/posts\/641888\/revisions"}],"wp:featuredmedia":[{"embeddable":true,"href":"https:\/\/www.europesays.com\/fr\/wp-json\/wp\/v2\/media\/641889"}],"wp:attachment":[{"href":"https:\/\/www.europesays.com\/fr\/wp-json\/wp\/v2\/media?parent=641888"}],"wp:term":[{"taxonomy":"category","embeddable":true,"href":"https:\/\/www.europesays.com\/fr\/wp-json\/wp\/v2\/categories?post=641888"},{"taxonomy":"post_tag","embeddable":true,"href":"https:\/\/www.europesays.com\/fr\/wp-json\/wp\/v2\/tags?post=641888"}],"curies":[{"name":"wp","href":"https:\/\/api.w.org\/{rel}","templated":true}]}}