{"id":641890,"date":"2026-01-05T06:29:47","date_gmt":"2026-01-05T06:29:47","guid":{"rendered":"https:\/\/www.europesays.com\/fr\/641890\/"},"modified":"2026-01-05T06:29:47","modified_gmt":"2026-01-05T06:29:47","slug":"debut-dannee-de-gala-pour-nimes-montpellier-oppose-en-pro-a-dames-au-champion-de-france-metz","status":"publish","type":"post","link":"https:\/\/www.europesays.com\/fr\/641890\/","title":{"rendered":"D\u00e9but d\u2019ann\u00e9e de gala pour N\u00eemes-Montpellier, oppos\u00e9, en Pro A dames, au champion de France, Metz"},"content":{"rendered":"<p>\n                                                                Dimanche 4\u00a0janvier, \u00e0 Montpellier, les pongistes n\u00eemoises vont devoir se montrer grandes si elles veulent tenir t\u00eate au leader, Metz, champion de France en titre.\n                            <\/p>\n<p>Pour d\u00e9marrer l\u2019ann\u00e9e en beaut\u00e9, qui de mieux, comme adversaire, que ce qui se fait de mieux actuellement dans l\u2019Hexagone. Ce dimanche, \u00e0 Montpellier, les joueuses de N\u00eemes-Montpellier d\u00e9fient le leader Metz, champion de France en titre. \u00a0\u00bbBattre Metz, en effet, serait un bon cadeau de d\u00e9but d\u2019ann\u00e9e\u00a0\u00bb, rel\u00e8ve le coach n\u00eemois, Florian Habuda, conscient de la t\u00e2che qui attend les siennes.<\/p>\n<p>Bien, mais peut mieux faire<\/p>\n<p>\u00c0 quatre journ\u00e9es de la fin de la saison r\u00e9guli\u00e8re, l\u2019Alliance est 3e au classement, \u00e0 deux points de la 2e place, celle qui envoie directement en demi-finales, mais ne compte \u00e9galement que trois longueurs d\u2019avance sur Poitiers (7e), seul le top 6 allant en play-off.<\/p>\n<p>\u00a0\u00bbOn aurait pu r\u00eaver un petit peu mieux, car si le bilan est bon, on perd quand m\u00eame 3-0 \u00e0 Poitiers et on s\u2019incline \u00e0 domicile (1-3) contre Jou\u00e9-les-Tours (10e)\u00a0\u00bb, analyse le technicien d\u2019une premi\u00e8re partie de saison o\u00f9 les ambitions ont cr\u00fb avec les r\u00e9sultats.<\/p>\n<p>Face \u00e0 Metz, un passage au r\u00e9v\u00e9lateur<\/p>\n<p>Face \u00e0 Metz, les N\u00eemoises vont \u00a0\u00bbpasser au r\u00e9v\u00e9lateur. C\u2019est un match de gala que l\u2019on aurait aim\u00e9 jou\u00e9 \u00e0 une autre date que celle-ci\u00a0\u00bb, explique Habuda, qui n\u2019a r\u00e9cup\u00e9r\u00e9 son groupe au complet que vendredi.<\/p>\n<p>N\u00eemes-Monptellier (3e, 22 pts) re\u00e7oit Metz (1er, 28 pts), dimanche \u00e0 18\u00a0heures, gymnase Alain Achille, \u00e0 Montpellier.<\/p>\n<p>\u00a0<\/p>\n","protected":false},"excerpt":{"rendered":"Dimanche 4\u00a0janvier, \u00e0 Montpellier, les pongistes n\u00eemoises vont devoir se montrer grandes si elles veulent tenir t\u00eate au&hellip;\n","protected":false},"author":2,"featured_media":641891,"comment_status":"","ping_status":"","sticky":false,"template":"","format":"standard","meta":{"footnotes":""},"categories":[9599],"tags":[1111,11,1777,674,1011,27,2679,2208,12,2682,2680,25,517,16149],"class_list":{"0":"post-641890","1":"post","2":"type-post","3":"status-publish","4":"format-standard","5":"has-post-thumbnail","7":"category-montpellier","8":"tag-actu","9":"tag-actualites","10":"tag-eu","11":"tag-europe","12":"tag-fr","13":"tag-france","14":"tag-gard","15":"tag-montpellier","16":"tag-news","17":"tag-nimes","18":"tag-occitanie","19":"tag-republique-francaise","20":"tag-sport","21":"tag-tennis-de-table"},"share_on_mastodon":{"url":"https:\/\/pubeurope.com\/@fr\/115841087775551528","error":""},"_links":{"self":[{"href":"https:\/\/www.europesays.com\/fr\/wp-json\/wp\/v2\/posts\/641890","targetHints":{"allow":["GET"]}}],"collection":[{"href":"https:\/\/www.europesays.com\/fr\/wp-json\/wp\/v2\/posts"}],"about":[{"href":"https:\/\/www.europesays.com\/fr\/wp-json\/wp\/v2\/types\/post"}],"author":[{"embeddable":true,"href":"https:\/\/www.europesays.com\/fr\/wp-json\/wp\/v2\/users\/2"}],"replies":[{"embeddable":true,"href":"https:\/\/www.europesays.com\/fr\/wp-json\/wp\/v2\/comments?post=641890"}],"version-history":[{"count":0,"href":"https:\/\/www.europesays.com\/fr\/wp-json\/wp\/v2\/posts\/641890\/revisions"}],"wp:featuredmedia":[{"embeddable":true,"href":"https:\/\/www.europesays.com\/fr\/wp-json\/wp\/v2\/media\/641891"}],"wp:attachment":[{"href":"https:\/\/www.europesays.com\/fr\/wp-json\/wp\/v2\/media?parent=641890"}],"wp:term":[{"taxonomy":"category","embeddable":true,"href":"https:\/\/www.europesays.com\/fr\/wp-json\/wp\/v2\/categories?post=641890"},{"taxonomy":"post_tag","embeddable":true,"href":"https:\/\/www.europesays.com\/fr\/wp-json\/wp\/v2\/tags?post=641890"}],"curies":[{"name":"wp","href":"https:\/\/api.w.org\/{rel}","templated":true}]}}