{"id":641899,"date":"2026-01-05T06:38:12","date_gmt":"2026-01-05T06:38:12","guid":{"rendered":"https:\/\/www.europesays.com\/fr\/641899\/"},"modified":"2026-01-05T06:38:12","modified_gmt":"2026-01-05T06:38:12","slug":"a-rennes-voici-comment-le-quartier-de-la-gare-sest-metamorphose-de-facon-spectaculaire-en-15-ans-avant-apres","status":"publish","type":"post","link":"https:\/\/www.europesays.com\/fr\/641899\/","title":{"rendered":"\u00c0 Rennes, voici comment le quartier de la gare s\u2019est m\u00e9tamorphos\u00e9 de fa\u00e7on spectaculaire en 15 ans [Avant\/apr\u00e8s]"},"content":{"rendered":"<p>C\u2019est le jour et la nuit. En 15 ans, la gare de Rennes a totalement chang\u00e9 de visage.<a href=\"https:\/\/www.letelegramme.fr\/ille-et-vilaine\/rennes-35000\/span-classamorcetransportsspan-le-nouveau-depart-de-la-gare-de-rennestitre-reel-3484631.php\" target=\"_blank\" rel=\"noopener\"> Son design futuriste<\/a> donne aujourd\u2019hui un air tr\u00e8s moderne \u00e0 l\u2019ensemble du quartier, tr\u00e8s loin <a href=\"https:\/\/www.letelegramme.fr\/toute-l-information-de-la-bretagne\/spanrennesspan-une-gare-provisoire-cote-sud-a-partir-du-7-juillet-2460132.php\" target=\"_blank\" rel=\"noopener\">de son look acier et verre fum\u00e9<\/a> qu\u2019elle avait encore en 2015. La place de la gare a aussi en quelques ann\u00e9es \u00e9radiqu\u00e9 la voiture. Fini les longues files de voiture et la route \u00e0 double sens devant la gare. Aujourd\u2019hui le bus est roi comme les pi\u00e9tons et les v\u00e9los qui peuvent circuler librement.<\/p>\n<p>L\u2019avenue Jean Janvier est maintenant une voie r\u00e9serv\u00e9e aux bus pour acc\u00e9der \u00e0 la gare. Les trottoirs ont \u00e9t\u00e9 \u00e9largis pour circuler facilement \u00e0 pied. Les arbres eux n\u2019ont pas boug\u00e9 et permettent toujours de v\u00e9g\u00e9taliser cette grande avenue entre la gare et les quais.<\/p>\n<p> 3 \ufeffBoulevard Solf\u00e9rino<\/p>\n<p>Autre art\u00e8re donnant sur la gare, le boulevard Solf\u00e9rino a vu dispara\u00eetre les places de parking au bord de la route au profit des pistes de cyclables. La v\u00e9g\u00e9talisation du boulevard est aussi un grand changement. Les voitures peuvent encore circuler mais uniquement dans le sens en direction de la gare, notamment pour acc\u00e9der au parking nord et au d\u00e9pose minute situ\u00e9 devant l\u2019h\u00f4tel Ibis.<\/p>\n<p>4 Rue d\u2019Alma<\/p>\n<p>La rue Alma t\u00e9moigne de la m\u00e9tamorphose du quartier. Au bout de la rue, les tours vitr\u00e9es de plusieurs \u00e9tages qui accueillent des bureaux et les si\u00e8ges de nombreuses entreprises, ont fleuri \u00e0 la place des b\u00e2timents de l\u2019\u00e9poque.<\/p>\n<p>5 Rue de Chatillon<\/p>\n<p>Derri\u00e8re la gare, c\u00f4t\u00e9 sud, \u00e0 c\u00f4t\u00e9 de la rue de Chatillon, l\u2019espace s\u2019est fortement densifi\u00e9. Les grands b\u00e2timents ont pouss\u00e9 face \u00e0 la prison des femmes, l\u00e0 o\u00f9 il n\u2019y avait rien 15 plus t\u00f4t.<\/p>\n","protected":false},"excerpt":{"rendered":"C\u2019est le jour et la nuit. En 15 ans, la gare de Rennes a totalement chang\u00e9 de visage.&hellip;\n","protected":false},"author":2,"featured_media":641900,"comment_status":"","ping_status":"","sticky":false,"template":"","format":"standard","meta":{"footnotes":""},"categories":[2821],"tags":[1111,11,829,1777,674,1011,27,848,12,584,25,10810],"class_list":{"0":"post-641899","1":"post","2":"type-post","3":"status-publish","4":"format-standard","5":"has-post-thumbnail","7":"category-rennes","8":"tag-actu","9":"tag-actualites","10":"tag-bretagne","11":"tag-eu","12":"tag-europe","13":"tag-fr","14":"tag-france","15":"tag-ille-et-vilaine","16":"tag-news","17":"tag-rennes","18":"tag-republique-francaise","19":"tag-urbanisme-a-rennes"},"share_on_mastodon":{"url":"https:\/\/pubeurope.com\/@fr\/115841119187098119","error":""},"_links":{"self":[{"href":"https:\/\/www.europesays.com\/fr\/wp-json\/wp\/v2\/posts\/641899","targetHints":{"allow":["GET"]}}],"collection":[{"href":"https:\/\/www.europesays.com\/fr\/wp-json\/wp\/v2\/posts"}],"about":[{"href":"https:\/\/www.europesays.com\/fr\/wp-json\/wp\/v2\/types\/post"}],"author":[{"embeddable":true,"href":"https:\/\/www.europesays.com\/fr\/wp-json\/wp\/v2\/users\/2"}],"replies":[{"embeddable":true,"href":"https:\/\/www.europesays.com\/fr\/wp-json\/wp\/v2\/comments?post=641899"}],"version-history":[{"count":0,"href":"https:\/\/www.europesays.com\/fr\/wp-json\/wp\/v2\/posts\/641899\/revisions"}],"wp:featuredmedia":[{"embeddable":true,"href":"https:\/\/www.europesays.com\/fr\/wp-json\/wp\/v2\/media\/641900"}],"wp:attachment":[{"href":"https:\/\/www.europesays.com\/fr\/wp-json\/wp\/v2\/media?parent=641899"}],"wp:term":[{"taxonomy":"category","embeddable":true,"href":"https:\/\/www.europesays.com\/fr\/wp-json\/wp\/v2\/categories?post=641899"},{"taxonomy":"post_tag","embeddable":true,"href":"https:\/\/www.europesays.com\/fr\/wp-json\/wp\/v2\/tags?post=641899"}],"curies":[{"name":"wp","href":"https:\/\/api.w.org\/{rel}","templated":true}]}}