{"id":641903,"date":"2026-01-05T06:42:11","date_gmt":"2026-01-05T06:42:11","guid":{"rendered":"https:\/\/www.europesays.com\/fr\/641903\/"},"modified":"2026-01-05T06:42:11","modified_gmt":"2026-01-05T06:42:11","slug":"des-tables-de-ping-pong-ont-ete-installees-sur-la-coulee-verte-de-nice-on-vous-explique-tout","status":"publish","type":"post","link":"https:\/\/www.europesays.com\/fr\/641903\/","title":{"rendered":"Des tables de ping-pong ont \u00e9t\u00e9 install\u00e9es sur la coul\u00e9e verte de Nice, on vous explique tout"},"content":{"rendered":"<p class=\"fs-5 \">Un double son r\u00e9sonne depuis quelques jours sur la nouvelle coul\u00e9e verte. Ping\u2026 Pong\u2026 Un coup sur la raquette ronde.<\/p>\n<p class=\"fs-5 \">Un coup de rebond sur la table.<\/p>\n<p class=\"fs-5 \">Nouvelle discipline dans la promenade du Paillon saison 2 : trois tables de tennis de\u2026 table ont fait leur apparition entre les traverses Delfino et Barla. Deux au niveau de l\u2019entr\u00e9e Delfino, une troisi\u00e8me dans l\u2019all\u00e9e centrale, c\u00f4t\u00e9 rocher.<\/p>\n<p class=\"fs-5 \">Trois supports en b\u00e9ton, de couleur blanche et verte, solidement arrim\u00e9s sur le sol sablonneux de la for\u00eat urbaine. Ce jour-l\u00e0, l\u2019une d\u2019elles est occup\u00e9e par deux fillettes et un adolescent. \u00c9milie, 6 ans, et Louna, 9 ans, essaient d\u2019en d\u00e9coudre avec Rapha\u00ebl, 15 ans.<\/p>\n<p class=\"fs-5 \">Le jeune homme a de bons r\u00e9flexes qu\u2019il tente d\u2019inculquer aux gamines. Quelques instants plus tard, il leur faut c\u00e9der la place \u00e0 deux adultes.<\/p>\n<p class=\"fs-5 \">Leurs p\u00e8res respectifs, Dominique et Virgile. On sent les profils de tennismen et pongistes.<\/p>\n<p class=\"fs-5 \">Les corps s\u2019\u00e9loignent des bords de la table, les gestes sont amples, la force de frappe assez puissante. Sur un banc, Carole et \u00c9lise, les mamans et compagnes, papotent et regardent les \u00e9volutions sportives des joueurs enthousiastes.<\/p>\n<p>                                                                                \u00c9changes et lien social montent au filet<\/p>\n<p class=\"fs-5 \">Une bonne id\u00e9e, ces tables de ping-pong ? \u00ab Une tr\u00e8s bonne id\u00e9e, estime \u00c9lise, car toutes les g\u00e9n\u00e9rations peuvent venir jouer librement dans un endroit sympathique. Cela permet des \u00e9changes, cr\u00e9e du lien social. \u00bb<\/p>\n<p class=\"fs-5 \">Sa voisine encha\u00eene : \u00ab En outre, ce n\u2019est pas un am\u00e9nagement qu\u2019on peut forc\u00e9ment avoir chez soi. Cela demande de la place et repr\u00e9sente un budget. Il suffit de poss\u00e9der une paire de raquettes et des balles, plus faciles \u00e0 acheter et \u00e0 garder \u00e0 la maison. \u00bb<\/p>\n<p class=\"fs-5 \">Car effectivement, pour acc\u00e9der librement et gratuitement \u00e0 ces tables couleur \u00e9meraude, les usagers doivent seulement pr\u00e9voir leur propre mat\u00e9riel.<\/p>\n<p class=\"fs-5 \">Les trois am\u00e9nagements visent \u00e0 conforter le site dans sa vocation \u00e0 \u00eatre un v\u00e9ritable espace de vie et de convivialit\u00e9.<\/p>\n<p class=\"fs-5 \">Bonne nouvelle : selon la mairie, des tables d\u2019\u00e9checs seront bient\u00f4t install\u00e9es au milieu des autres \u00e9quipements sportifs et ludiques.<\/p>\n","protected":false},"excerpt":{"rendered":"Un double son r\u00e9sonne depuis quelques jours sur la nouvelle coul\u00e9e verte. Ping\u2026 Pong\u2026 Un coup sur la&hellip;\n","protected":false},"author":2,"featured_media":641904,"comment_status":"","ping_status":"","sticky":false,"template":"","format":"standard","meta":{"footnotes":""},"categories":[2819],"tags":[1111,11,1777,674,1011,27,12,2401,882,25],"class_list":{"0":"post-641903","1":"post","2":"type-post","3":"status-publish","4":"format-standard","5":"has-post-thumbnail","7":"category-nice","8":"tag-actu","9":"tag-actualites","10":"tag-eu","11":"tag-europe","12":"tag-fr","13":"tag-france","14":"tag-news","15":"tag-nice","16":"tag-provence-alpes-cote-dazur","17":"tag-republique-francaise"},"share_on_mastodon":{"url":"https:\/\/pubeurope.com\/@fr\/115841134932128097","error":""},"_links":{"self":[{"href":"https:\/\/www.europesays.com\/fr\/wp-json\/wp\/v2\/posts\/641903","targetHints":{"allow":["GET"]}}],"collection":[{"href":"https:\/\/www.europesays.com\/fr\/wp-json\/wp\/v2\/posts"}],"about":[{"href":"https:\/\/www.europesays.com\/fr\/wp-json\/wp\/v2\/types\/post"}],"author":[{"embeddable":true,"href":"https:\/\/www.europesays.com\/fr\/wp-json\/wp\/v2\/users\/2"}],"replies":[{"embeddable":true,"href":"https:\/\/www.europesays.com\/fr\/wp-json\/wp\/v2\/comments?post=641903"}],"version-history":[{"count":0,"href":"https:\/\/www.europesays.com\/fr\/wp-json\/wp\/v2\/posts\/641903\/revisions"}],"wp:featuredmedia":[{"embeddable":true,"href":"https:\/\/www.europesays.com\/fr\/wp-json\/wp\/v2\/media\/641904"}],"wp:attachment":[{"href":"https:\/\/www.europesays.com\/fr\/wp-json\/wp\/v2\/media?parent=641903"}],"wp:term":[{"taxonomy":"category","embeddable":true,"href":"https:\/\/www.europesays.com\/fr\/wp-json\/wp\/v2\/categories?post=641903"},{"taxonomy":"post_tag","embeddable":true,"href":"https:\/\/www.europesays.com\/fr\/wp-json\/wp\/v2\/tags?post=641903"}],"curies":[{"name":"wp","href":"https:\/\/api.w.org\/{rel}","templated":true}]}}