{"id":641905,"date":"2026-01-05T06:43:21","date_gmt":"2026-01-05T06:43:21","guid":{"rendered":"https:\/\/www.europesays.com\/fr\/641905\/"},"modified":"2026-01-05T06:43:21","modified_gmt":"2026-01-05T06:43:21","slug":"une-randonneuse-a-ski-se-tue-dans-une-chute-de-20-metres-a-saint-dalmas-le-selvage","status":"publish","type":"post","link":"https:\/\/www.europesays.com\/fr\/641905\/","title":{"rendered":"Une randonneuse \u00e0 ski se tue dans une chute de 20 m\u00e8tres \u00e0 Saint-Dalmas-le-Selvage"},"content":{"rendered":"<p class=\"fs-5 \">Drame ce dimanche, sur les hauteurs de Saint-Dalmas-le-Selvage, <strong>lors d\u2019une randonn\u00e9e \u00e0 skis<\/strong>.<\/p>\n<p class=\"fs-5 \">Selon le Service d\u00e9partemental d\u2019incendie et de secours, un appel a donn\u00e9 l\u2019alerte au 112\u00a0: \u00ab\u00a0Un requ\u00e9rant signalant que sa compagne \u00e9tait tomb\u00e9e dans une combe lors d\u2019une sortie en ski de randonn\u00e9e, <strong>d\u2019une hauteur d\u2019environ 20 m\u00e8tres<\/strong>.\u00a0\u00bb<\/p>\n<p>        <img src=\"https:\/\/www.europesays.com\/fr\/wp-content\/uploads\/2026\/01\/3e5b2ef_upload-1-lfr4dvtssdod-a23d4f85d2596863d5a3d4v-01256687.jpg\"   loading=\"lazy\" decoding=\"async\" alt=\"St\u00e9phane Richier avait 56\u00a0ans.\" class=\"img-fluid position-absolute w-100 object-fit-cover rounded-2\" width=\"600\" height=\"400\"\/><\/p>\n<p class=\"fs-5 \">Tr\u00e8s vite, cet appel a \u00e9t\u00e9 transf\u00e9r\u00e9 aux hommes de la CRS Alpes qui ont \u00e9t\u00e9 engag\u00e9s. Ils ont \u00e9t\u00e9 \u00e9paul\u00e9s par une \u00e9quipe terrestre, venue en renfort, ainsi que <strong>par l\u2019h\u00e9licopt\u00e8re Dragon 06<\/strong>\u00a0de la S\u00e9curit\u00e9 civile et\u00a0un m\u00e9decin.<\/p>\n<p class=\"fs-5 \">Pr\u00e8s de <strong>huit hommes de la CRS\u00a0Alpes ont \u00e9t\u00e9 engag\u00e9s<\/strong>.\u200b<\/p>\n<p class=\"fs-5 \">H\u00e9las, \u00e0 leur arriv\u00e9e, la victime, dont l\u2019\u00e2ge n\u2019a pas \u00e9t\u00e9 communiqu\u00e9, \u00e9tait d\u00e9c\u00e9d\u00e9e.<\/p>\n<p class=\"fs-5 \">Les sapeurs-pompiers rappellent\u00ab\u00a0l\u2019importance de la prudence lors des activit\u00e9s en milieu naturel, notamment en ski de randonn\u00e9e. Il est essentiel de bien \u00e9valuer les risques et de s\u2019assurer d\u2019\u00eatre accompagn\u00e9 et \u00e9quip\u00e9 de mani\u00e8re ad\u00e9quate\u00a0\u00bb.<\/p>\n<p class=\"fs-5 \">Une enqu\u00eate judiciaire a \u00e9t\u00e9 ouverte par la CRS Alpes sous supervision du parquet de Nice.<\/p>\n","protected":false},"excerpt":{"rendered":"Drame ce dimanche, sur les hauteurs de Saint-Dalmas-le-Selvage, lors d\u2019une randonn\u00e9e \u00e0 skis. Selon le Service d\u00e9partemental d\u2019incendie&hellip;\n","protected":false},"author":2,"featured_media":641906,"comment_status":"","ping_status":"","sticky":false,"template":"","format":"standard","meta":{"footnotes":""},"categories":[2819],"tags":[1111,11,1777,674,1011,27,12,2401,882,25],"class_list":{"0":"post-641905","1":"post","2":"type-post","3":"status-publish","4":"format-standard","5":"has-post-thumbnail","7":"category-nice","8":"tag-actu","9":"tag-actualites","10":"tag-eu","11":"tag-europe","12":"tag-fr","13":"tag-france","14":"tag-news","15":"tag-nice","16":"tag-provence-alpes-cote-dazur","17":"tag-republique-francaise"},"share_on_mastodon":{"url":"https:\/\/pubeurope.com\/@fr\/115841138964653344","error":""},"_links":{"self":[{"href":"https:\/\/www.europesays.com\/fr\/wp-json\/wp\/v2\/posts\/641905","targetHints":{"allow":["GET"]}}],"collection":[{"href":"https:\/\/www.europesays.com\/fr\/wp-json\/wp\/v2\/posts"}],"about":[{"href":"https:\/\/www.europesays.com\/fr\/wp-json\/wp\/v2\/types\/post"}],"author":[{"embeddable":true,"href":"https:\/\/www.europesays.com\/fr\/wp-json\/wp\/v2\/users\/2"}],"replies":[{"embeddable":true,"href":"https:\/\/www.europesays.com\/fr\/wp-json\/wp\/v2\/comments?post=641905"}],"version-history":[{"count":0,"href":"https:\/\/www.europesays.com\/fr\/wp-json\/wp\/v2\/posts\/641905\/revisions"}],"wp:featuredmedia":[{"embeddable":true,"href":"https:\/\/www.europesays.com\/fr\/wp-json\/wp\/v2\/media\/641906"}],"wp:attachment":[{"href":"https:\/\/www.europesays.com\/fr\/wp-json\/wp\/v2\/media?parent=641905"}],"wp:term":[{"taxonomy":"category","embeddable":true,"href":"https:\/\/www.europesays.com\/fr\/wp-json\/wp\/v2\/categories?post=641905"},{"taxonomy":"post_tag","embeddable":true,"href":"https:\/\/www.europesays.com\/fr\/wp-json\/wp\/v2\/tags?post=641905"}],"curies":[{"name":"wp","href":"https:\/\/api.w.org\/{rel}","templated":true}]}}