{"id":641907,"date":"2026-01-05T06:44:55","date_gmt":"2026-01-05T06:44:55","guid":{"rendered":"https:\/\/www.europesays.com\/fr\/641907\/"},"modified":"2026-01-05T06:44:55","modified_gmt":"2026-01-05T06:44:55","slug":"frappe-avec-des-ciseaux-par-un-inconnu-dans-la-rue-a-nantes-il-reussit-a-parer-les-coups","status":"publish","type":"post","link":"https:\/\/www.europesays.com\/fr\/641907\/","title":{"rendered":"Frapp\u00e9 avec des ciseaux par un inconnu dans la rue, \u00e0 Nantes, il r\u00e9ussit \u00e0 parer les coups"},"content":{"rendered":"<p>Un sac a fait barrage. Et les lames des ciseaux s\u2019y sont heureusement enfonc\u00e9es, sans le toucher.<\/p>\n<p>Un homme a \u00e9t\u00e9 agress\u00e9 par une autre rue Grandjouan, non loin de l\u2019espace Paridis, <a href=\"https:\/\/www.ouest-france.fr\/presse-ocean\/\" target=\"_blank\" rel=\"noopener\">\u00e0 Nantes,<\/a> peu apr\u00e8s 21 h, mercredi. Le premier venait chercher des proches venus lui rendre visite le soir du 31\u00a0d\u00e9cembre lorsque le second, vocif\u00e9rant, s\u2019est montr\u00e9 agressif.<\/p>\n<p>Le suspect en garde \u00e0 vue<\/p>\n<p>Ce dernier a alors sorti une paire de ciseaux et tent\u00e9 de frapper le premier, qui a r\u00e9ussi \u00e0 se prot\u00e9ger derri\u00e8re un sac. Il n\u2019a pas \u00e9t\u00e9 bless\u00e9.<\/p>\n<p>Le suspect, lui, a \u00e9t\u00e9 interpell\u00e9 et plac\u00e9 en garde \u00e0 vue pour tentative d\u2019homicide par personne en \u00e9tat d\u2019ivresse manifeste. Il s\u2019y trouvait toujours ce jeudi apr\u00e8s-midi.<\/p>\n<p>\u00a0<\/p>\n","protected":false},"excerpt":{"rendered":"Un sac a fait barrage. Et les lames des ciseaux s\u2019y sont heureusement enfonc\u00e9es, sans le toucher. Un&hellip;\n","protected":false},"author":2,"featured_media":641908,"comment_status":"","ping_status":"","sticky":false,"template":"","format":"standard","meta":{"footnotes":""},"categories":[2818],"tags":[1111,11,67618,854,1777,674,1011,27,11731,4567,64410,766,12,74865,2636,25,11146,3640,46202],"class_list":{"0":"post-641907","1":"post","2":"type-post","3":"status-publish","4":"format-standard","5":"has-post-thumbnail","7":"category-nantes","8":"tag-actu","9":"tag-actualites","10":"tag-ciseaux","11":"tag-coups","12":"tag-eu","13":"tag-europe","14":"tag-fr","15":"tag-france","16":"tag-frappe","17":"tag-grace","18":"tag-inconnu","19":"tag-nantes","20":"tag-news","21":"tag-parer","22":"tag-pays-de-la-loire","23":"tag-republique-francaise","24":"tag-reussit","25":"tag-rue","26":"tag-sac"},"share_on_mastodon":{"url":"https:\/\/pubeurope.com\/@fr\/115841146753803375","error":""},"_links":{"self":[{"href":"https:\/\/www.europesays.com\/fr\/wp-json\/wp\/v2\/posts\/641907","targetHints":{"allow":["GET"]}}],"collection":[{"href":"https:\/\/www.europesays.com\/fr\/wp-json\/wp\/v2\/posts"}],"about":[{"href":"https:\/\/www.europesays.com\/fr\/wp-json\/wp\/v2\/types\/post"}],"author":[{"embeddable":true,"href":"https:\/\/www.europesays.com\/fr\/wp-json\/wp\/v2\/users\/2"}],"replies":[{"embeddable":true,"href":"https:\/\/www.europesays.com\/fr\/wp-json\/wp\/v2\/comments?post=641907"}],"version-history":[{"count":0,"href":"https:\/\/www.europesays.com\/fr\/wp-json\/wp\/v2\/posts\/641907\/revisions"}],"wp:featuredmedia":[{"embeddable":true,"href":"https:\/\/www.europesays.com\/fr\/wp-json\/wp\/v2\/media\/641908"}],"wp:attachment":[{"href":"https:\/\/www.europesays.com\/fr\/wp-json\/wp\/v2\/media?parent=641907"}],"wp:term":[{"taxonomy":"category","embeddable":true,"href":"https:\/\/www.europesays.com\/fr\/wp-json\/wp\/v2\/categories?post=641907"},{"taxonomy":"post_tag","embeddable":true,"href":"https:\/\/www.europesays.com\/fr\/wp-json\/wp\/v2\/tags?post=641907"}],"curies":[{"name":"wp","href":"https:\/\/api.w.org\/{rel}","templated":true}]}}