{"id":641919,"date":"2026-01-05T06:52:10","date_gmt":"2026-01-05T06:52:10","guid":{"rendered":"https:\/\/www.europesays.com\/fr\/641919\/"},"modified":"2026-01-05T06:52:10","modified_gmt":"2026-01-05T06:52:10","slug":"des-temperatures-glaciales-et-de-la-neige-la-meteo-de-la-semaine-a-lille-et-dans-le-nord","status":"publish","type":"post","link":"https:\/\/www.europesays.com\/fr\/641919\/","title":{"rendered":"Des temp\u00e9ratures glaciales et de la neige : la m\u00e9t\u00e9o de la semaine \u00e0 Lille et dans le Nord"},"content":{"rendered":"<p>                    Par<br \/>\n        <strong><br \/>\n            <a href=\"https:\/\/actu.fr\/auteur\/amandine-vachez\" title=\"Consulter tous les articles de Amandine Vachez\" target=\"_blank\" rel=\"noopener\">Amandine Vachez<\/a><br \/>\n                    <\/strong><\/p>\n<p>        Publi\u00e9 le<\/p>\n<p>            5 janv. 2026 \u00e0 6h26        <\/p>\n<p>La semaine de la <a href=\"https:\/\/actu.fr\/tag\/rentree-scolaire\" target=\"_blank\" rel=\"noopener\">rentr\u00e9e scolaire<\/a> devrait commencer dans le froid, et pour certains sous la <a href=\"https:\/\/actu.fr\/tag\/neige\" target=\"_blank\" rel=\"noopener\">neige<\/a> et les plaques de verglas. Voici le d\u00e9tail des <b>pr\u00e9visions m\u00e9t\u00e9o <\/b>sur la semaine <b>du lundi\u00a05 au dimanche 11\u00a0janvier 2026<\/b>, sur le<b> Nord \u2013 Pas-de-Calais.<\/b><\/p>\n<p>Une rentr\u00e9e sous la neige\u2026 et le verglas<\/p>\n<p class=\" wall-content\">Pour rappel, d\u00e8s ce lundi matin \u00e0 6\u2009h et pour toute la journ\u00e9e et la soir\u00e9e, le d\u00e9partement du Nord est en <a href=\"https:\/\/actu.fr\/hauts-de-france\/lille_59350\/neige-et-verglas-apres-un-retour-au-vert-le-nord-de-nouveau-en-vigilance-jaune-lundi_63648366.html\" target=\"_blank\" rel=\"noopener\">vigilance jaune pour neige et verglas<\/a>. Dans le Pas-de-Calais, elle <a href=\"https:\/\/actu.fr\/societe\/neige-et-verglas-apres-un-retour-au-vert-le-pas-de-calais-de-nouveau-en-vigilance-lundi_63648354.html\" target=\"_blank\" rel=\"noopener\">commence dans la nuit<\/a>, d\u00e8s 3\u2009h du matin. Prudence est donc de mise.<\/p>\n<p class=\" wall-content\">Ce lundi matin, les <b>temp\u00e9ratures seront n\u00e9gatives dans le sud des d\u00e9partements (jusqu\u2019\u00e0 -4\u00a0\u00b0C<\/b> du c\u00f4t\u00e9 de l\u2019Avesnois\u2009!). Dans les terres, il devrait faire 0\u00a0\u00b0C, <b>\u00e0 Lille et Arras notamment, o\u00f9 on attend de la neige<\/b>. Les temp\u00e9ratures seront plus douces sur la c\u00f4te (2\u00a0\u00b0C le matin). Mais attention, le <a href=\"https:\/\/actu.fr\/societe\/vents-frais-et-grandes-marees-attendus-du-cap-gris-nez-jusquen-belgique-un-risque-accru-en-bord-de-mer_63647175.html\" target=\"_blank\" rel=\"noopener\">risque en bord de mer est accru<\/a> en raison de grandes mar\u00e9es, jusqu\u2019\u00e0 ce mardi.<\/p>\n<p class=\" wall-content\">Seuls 1 ou 2\u00a0\u00b0C suppl\u00e9mentaires sont pr\u00e9vus l\u2019apr\u00e8s-midi, pour une journ\u00e9e globalement nuageuse.<\/p>\n<p>Encore de la neige mardi et mercredi<\/p>\n<p class=\" wall-content\">Mardi, le temps sera sensiblement le m\u00eame, hormis <b>du c\u00f4t\u00e9 d\u2019Avesnes et de Valenciennes<\/b>, o\u00f9 les temp\u00e9ratures passeront la barre du z\u00e9ro et o\u00f9 la <b>neige devrait tomber dans l\u2019apr\u00e8s-mid<\/b>i. Attention, il devrait aussi y avoir du brouillard dans cette zone t\u00f4t le matin. De la pluie est pr\u00e9vue l\u2019apr\u00e8s-midi \u00e0 Dunkerque, avant de s\u2019inviter sur toute la c\u00f4te le soir.<\/p>\n<p class=\" wall-content\">Cela ne devrait pas davantage se r\u00e9chauffer le mercredi, avec de la <b>pluie sur les deux d\u00e9partements<\/b>, mis \u00e0 part la c\u00f4te. De la neige risque de tomber le matin sur la majeure partie du territoire.<\/p>\n<p>Fin de semaine pluvieuse sur tout le territoire<\/p>\n<p class=\" wall-content\">Jeudi pluvieux\u2026 jeudi heureux\u2009? On vous le souhaite, \u00e9videmment\u2009! Ce jour-l\u00e0, les temp\u00e9ratures augmenteront un brin, avec <b>en moyenne 3-5\u00a0\u00b0C le matin, et 4-7\u00a0\u00b0C l\u2019apr\u00e8s-midi.<\/b> M\u00eame chose le vendredi.<\/p>\n<p class=\" wall-content\">Samedi, on oscillera entre pluie et un soleil cach\u00e9 par quelques nuages, avant un <b>dimanche pluvieux. <\/b>Les temp\u00e9ratures pr\u00e9vues vont de 3 \u00e0 5\u00a0\u00b0C le matin et de 6 \u00e0 8\u00a0\u00b0C l\u2019apr\u00e8s-midi.<\/p>\n<p class=\" wall-content\">Personnalisez votre actualit\u00e9 en ajoutant vos villes et m\u00e9dias en favori avec <a href=\"https:\/\/moncompte.actu.fr\" title=\"D\u00e9couvez Mon Actu\" rel=\"nofollow noopener\" data-trk=\"{&quot;cta&quot;:{&quot;action&quot;:&quot;https:\\\/\\\/moncompte.actu.fr&quot;,&quot;category&quot;:&quot;mon compte&quot;,&quot;from&quot;:&quot;article footer&quot;,&quot;name&quot;:&quot;Mon actu&quot;,&quot;type&quot;:&quot;cta&quot;}}\" target=\"_blank\">Mon Actu<\/a>.<\/p>\n","protected":false},"excerpt":{"rendered":"Par Amandine Vachez Publi\u00e9 le 5 janv. 2026 \u00e0 6h26 La semaine de la rentr\u00e9e scolaire devrait commencer&hellip;\n","protected":false},"author":2,"featured_media":641920,"comment_status":"","ping_status":"","sticky":false,"template":"","format":"standard","meta":{"footnotes":""},"categories":[2815],"tags":[1111,11,1777,674,1011,27,811,1307,2357,10584,12,25,104],"class_list":{"0":"post-641919","1":"post","2":"type-post","3":"status-publish","4":"format-standard","5":"has-post-thumbnail","7":"category-lille","8":"tag-actu","9":"tag-actualites","10":"tag-eu","11":"tag-europe","12":"tag-fr","13":"tag-france","14":"tag-hauts-de-france","15":"tag-lille","16":"tag-meteo-france","17":"tag-neige","18":"tag-news","19":"tag-republique-francaise","20":"tag-societe"},"share_on_mastodon":{"url":"https:\/\/pubeurope.com\/@fr\/115841174277328304","error":""},"_links":{"self":[{"href":"https:\/\/www.europesays.com\/fr\/wp-json\/wp\/v2\/posts\/641919","targetHints":{"allow":["GET"]}}],"collection":[{"href":"https:\/\/www.europesays.com\/fr\/wp-json\/wp\/v2\/posts"}],"about":[{"href":"https:\/\/www.europesays.com\/fr\/wp-json\/wp\/v2\/types\/post"}],"author":[{"embeddable":true,"href":"https:\/\/www.europesays.com\/fr\/wp-json\/wp\/v2\/users\/2"}],"replies":[{"embeddable":true,"href":"https:\/\/www.europesays.com\/fr\/wp-json\/wp\/v2\/comments?post=641919"}],"version-history":[{"count":0,"href":"https:\/\/www.europesays.com\/fr\/wp-json\/wp\/v2\/posts\/641919\/revisions"}],"wp:featuredmedia":[{"embeddable":true,"href":"https:\/\/www.europesays.com\/fr\/wp-json\/wp\/v2\/media\/641920"}],"wp:attachment":[{"href":"https:\/\/www.europesays.com\/fr\/wp-json\/wp\/v2\/media?parent=641919"}],"wp:term":[{"taxonomy":"category","embeddable":true,"href":"https:\/\/www.europesays.com\/fr\/wp-json\/wp\/v2\/categories?post=641919"},{"taxonomy":"post_tag","embeddable":true,"href":"https:\/\/www.europesays.com\/fr\/wp-json\/wp\/v2\/tags?post=641919"}],"curies":[{"name":"wp","href":"https:\/\/api.w.org\/{rel}","templated":true}]}}