{"id":641921,"date":"2026-01-05T06:53:10","date_gmt":"2026-01-05T06:53:10","guid":{"rendered":"https:\/\/www.europesays.com\/fr\/641921\/"},"modified":"2026-01-05T06:53:10","modified_gmt":"2026-01-05T06:53:10","slug":"lalerte-harcelement-qui-a-declenche-laudit-sur-le-service-couture-de-lopera-de-marseille","status":"publish","type":"post","link":"https:\/\/www.europesays.com\/fr\/641921\/","title":{"rendered":"L&rsquo;alerte harc\u00e8lement qui a d\u00e9clench\u00e9 l&rsquo;audit sur le service couture de l&rsquo;op\u00e9ra de Marseille"},"content":{"rendered":"<p>\t    L&rsquo;alerte harc\u00e8lement qui a d\u00e9clench\u00e9 l&rsquo;audit sur le service couture de l&rsquo;op\u00e9ra de Marseille &#8211; Marsactu<\/p>\n<p>&#13;<br \/>\n\t\t&#13;<\/p>\n<p>Nous utilisons des cookies pour vous garantir la meilleure exp\u00e9rience sur notre site. Vous pouvez choisir de refuser les cookies.J&rsquo;accepteNonEn savoir plus<\/p>\n<p>\t\t&#13;<\/p>\n","protected":false},"excerpt":{"rendered":"L&rsquo;alerte harc\u00e8lement qui a d\u00e9clench\u00e9 l&rsquo;audit sur le service couture de l&rsquo;op\u00e9ra de Marseille &#8211; Marsactu &#13; &#13;&hellip;\n","protected":false},"author":2,"featured_media":641922,"comment_status":"","ping_status":"","sticky":false,"template":"","format":"standard","meta":{"footnotes":""},"categories":[2814],"tags":[1111,11,1777,674,1011,27,74867,74868,884,12,74869,882,25,11337,4772],"class_list":{"0":"post-641921","1":"post","2":"type-post","3":"status-publish","4":"format-standard","5":"has-post-thumbnail","7":"category-marseille","8":"tag-actu","9":"tag-actualites","10":"tag-eu","11":"tag-europe","12":"tag-fr","13":"tag-france","14":"tag-harcelementmoral","15":"tag-igs","16":"tag-marseille","17":"tag-news","18":"tag-operademarseille","19":"tag-provence-alpes-cote-dazur","20":"tag-republique-francaise","21":"tag-villedemarseille","22":"tag-zalu"},"share_on_mastodon":{"url":"https:\/\/pubeurope.com\/@fr\/115841178282410081","error":""},"_links":{"self":[{"href":"https:\/\/www.europesays.com\/fr\/wp-json\/wp\/v2\/posts\/641921","targetHints":{"allow":["GET"]}}],"collection":[{"href":"https:\/\/www.europesays.com\/fr\/wp-json\/wp\/v2\/posts"}],"about":[{"href":"https:\/\/www.europesays.com\/fr\/wp-json\/wp\/v2\/types\/post"}],"author":[{"embeddable":true,"href":"https:\/\/www.europesays.com\/fr\/wp-json\/wp\/v2\/users\/2"}],"replies":[{"embeddable":true,"href":"https:\/\/www.europesays.com\/fr\/wp-json\/wp\/v2\/comments?post=641921"}],"version-history":[{"count":0,"href":"https:\/\/www.europesays.com\/fr\/wp-json\/wp\/v2\/posts\/641921\/revisions"}],"wp:featuredmedia":[{"embeddable":true,"href":"https:\/\/www.europesays.com\/fr\/wp-json\/wp\/v2\/media\/641922"}],"wp:attachment":[{"href":"https:\/\/www.europesays.com\/fr\/wp-json\/wp\/v2\/media?parent=641921"}],"wp:term":[{"taxonomy":"category","embeddable":true,"href":"https:\/\/www.europesays.com\/fr\/wp-json\/wp\/v2\/categories?post=641921"},{"taxonomy":"post_tag","embeddable":true,"href":"https:\/\/www.europesays.com\/fr\/wp-json\/wp\/v2\/tags?post=641921"}],"curies":[{"name":"wp","href":"https:\/\/api.w.org\/{rel}","templated":true}]}}