{"id":641923,"date":"2026-01-05T06:54:11","date_gmt":"2026-01-05T06:54:11","guid":{"rendered":"https:\/\/www.europesays.com\/fr\/641923\/"},"modified":"2026-01-05T06:54:11","modified_gmt":"2026-01-05T06:54:11","slug":"dormir-dehors-cest-un-souvenir-quon-ne-peut-pas-oublier-a-marseille-16-000-sans-abris-se-preparent-au-froid","status":"publish","type":"post","link":"https:\/\/www.europesays.com\/fr\/641923\/","title":{"rendered":"\u00ab\u00a0Dormir dehors, c&rsquo;est un souvenir qu&rsquo;on ne peut pas oublier\u00a0\u00bb : \u00e0 Marseille, 16.000 sans-abris se pr\u00e9parent au froid"},"content":{"rendered":"<p>La pr\u00e9fecture des Bouches-du-Rh\u00f4ne a activ\u00e9 depuis samedi soir la vigilance jaune \u00ab\u00a0grand froid\u00a0\u00bb et ouvre un gymnase. L&rsquo;association \u00ab\u00a0On se g\u00e8le dehors\u00a0\u00bb appelle \u00e0 ouvrir tous les gymnases de la ville de Marseille, tout l&rsquo;hiver, pour mettre \u00e0 l&rsquo;abri les 16.000 personnes SDF que compte Marseille.\n<\/p>\n<p>Une tasse de soupe et quelques rayons de soleil le r\u00e9chauffent. Mais lorsque Karim nous parle de ses nuits pass\u00e9es sur le sol glac\u00e9, il cherche ses mots et grelotte \u00e0 nouveau. \u00ab\u00a0Dormir dehors&#8230; je sais tr\u00e8s bien ce que \u00e7a veut dire, et <strong>c&rsquo;est un souvenir qu&rsquo;on ne peut pas oublier comme \u00e7a<\/strong>. Le matin, je me levais et j&rsquo;avais mal aux genoux. J&rsquo;avais mal&#8230; <strong>On aurait dit que j&rsquo;avais 100 ans<\/strong>\u00a0\u00bb raconte ce sans-abri,\u00a0 assis sur les marches \u00e0 c\u00f4t\u00e9 de la table de <a target=\"_blank\" rel=\"nofollow noopener noreferrer\" class=\"IciLink ici-link IciArticleLink g-ici-body-regular-1 underline brand svelte-1chfe2s\" href=\"https:\/\/www.facebook.com\/groups\/1301044896624863\">l&rsquo;association -On se g\u00e8le dehors-<\/a>\u00a0qui distribue des plats, boissons, et v\u00eatements chauds, chaque samedi devant le Monoprix sur la Canebi\u00e8re \u00e0 Marseille.<\/p>\n<p>Le froid glacial lui a laiss\u00e9 un souvenir imp\u00e9rissable. Un tr\u00e8s mauvais souvenir. \u00ab\u00a0J&rsquo;\u00e9tais oblig\u00e9 de <strong>me mettre dans un \u00e9tat second<\/strong>, c&rsquo;est \u00e0 dire de boire. Parce que quelqu&rsquo;un, \u00e0 jeun, qui dit arriver \u00e0 dormir dehors, je ne le crois pas. On ne dort pas dehors, c&rsquo;est un autre monde\u00a0\u00bb songe Karim, en remerciant une b\u00e9n\u00e9vole qui lui tend un gobelet de soupe aux l\u00e9gumes.<\/p>\n<p>loading<\/p>\n<p>Jusqu&rsquo;\u00e0 -11 degr\u00e9s ressentis dans les Bouches-du-Rh\u00f4ne cette semaine<\/p>\n<p>Dans les Bouches-du-Rh\u00f4ne, avec le mistral, les temp\u00e9ratures ressenties pourront atteindre jusqu&rsquo;\u00e0 -11 degr\u00e9s cette semaine, d&rsquo;apr\u00e8s\u00a0<a target=\"_blank\" rel=\"nofollow noopener noreferrer\" class=\"IciLink ici-link IciArticleLink g-ici-body-regular-1 underline brand svelte-1chfe2s\" href=\"https:\/\/www.facebook.com\/lameteodu13\/posts\/pfbid02mpg9ZPYSGEnhYBRgCpb5h3gv8JjvxMF3y6oYcAsuFePji3M53AGJ8r9TzMZ5bLjWl\">la M\u00e9t\u00e9o du 13.<\/a>\u00a0<strong>Les associations comme -On se g\u00e8le dehors-<\/strong> tentent d&rsquo;apporter un peu de chaleur aux personnes sans abri, pendant ces jours difficiles \u00e0 venir. Un plat chaud, des couvertures, quelques sourires, discuter, c&rsquo;est ce qu&rsquo;offre la dizaine de b\u00e9n\u00e9voles qui s&rsquo;active ce samedi-l\u00e0. Ils on servi et aid\u00e9 jusqu&rsquo;\u00e0 <strong>175 personnes<\/strong> fin d\u00e9cembre. Au moins une centaine chaque samedi. \u00ab\u00a0Mais bon, nous, on ne peut pas faire grand chose de plus\u00a0\u00bb regrette un b\u00e9n\u00e9vole, qui songe \u00e0 ce qui leur manque\u00a0: offrir un toit.<\/p>\n<p><strong>L&rsquo;association \u00ab\u00a0On se g\u00e8le dehors\u00a0\u00bb cherche des dons<\/strong>\u00a0: couvertures, pulls, nourriture\u00a0:\u00a0<a target=\"_blank\" rel=\"nofollow noopener noreferrer\" class=\"IciLink ici-link IciArticleLink g-ici-body-regular-1 underline brand svelte-1chfe2s\" href=\"https:\/\/www.helloasso.com\/associations\/on-se-gele-dehors\">elle a \u00e9galement ouvert une cagnotte en ligne<\/a>.<\/p>\n<p>\u00ab\u00a0Il faut ouvrir tous les gymnases, tout l&rsquo;hiver\u00a0\u00bb <img decoding=\"async\" src=\"https:\/\/www.europesays.com\/fr\/wp-content\/uploads\/2026\/01\/1767596051_284_1280.jpeg\" alt=\"illustration agrandir l'image\" style=\"--_image-preview:url('data:image\/jpeg;base64,\/9j\/2wBDACgcHiMeGSgjISMtKygwPGRBPDc3PHtYXUlkkYCZlo+AjIqgtObDoKrarYqMyP\/L2u71\/\/\/\/m8H\/\/\/\/6\/+b9\/\/j\/2wBDASstLTw1PHZBQXb4pYyl+Pj4+Pj4+Pj4+Pj4+Pj4+Pj4+Pj4+Pj4+Pj4+Pj4+Pj4+Pj4+Pj4+Pj4+Pj4+Pj4+Pj\/wAARCAAfACoDASIAAhEBAxEB\/8QAFwABAQEBAAAAAAAAAAAAAAAAAgEDAP\/EABgQAQEBAQEAAAAAAAAAAAAAAAABEQIS\/8QAFgEBAQEAAAAAAAAAAAAAAAAAAAEC\/8QAFREBAQAAAAAAAAAAAAAAAAAAABH\/2gAMAwEAAhEDEQA\/ANb0zvSddM7QaellY6coNddoSrqKFCnRsbQSiYqBSrou1IP\/2Q==');\" loading=\"lazy\" fetchpriority=\"low\" class=\"svelte-1cksh76 rounded\" onload=\"this.__e=event\" onerror=\"this.__e=event\"\/> Les b\u00e9n\u00e9voles de l&rsquo;association \u00ab\u00a0On se g\u00e8le dehors\u00a0\u00bb \u00e0 Marseille, en maraude chaque samedi matin \u00a9 Radio France &#8211; Maryline Ottmann  <\/p>\n<p><strong>Car dormir sous un toit par ce froid, \u00e7a change tout<\/strong>. Et \u00e7a, deux b\u00e9n\u00e9voles, Diego et Marie le mart\u00e8lent \u00e0 tue t\u00eate. \u00ab\u00a0Il faut qu&rsquo;on\u00a0rouvre les gymnase pour les personnes qui dorment dehors\u00a0\u00bb. Tout l&rsquo;hiver, ajoute Marie. \u00ab\u00a0<strong>Il faut ouvrir du 1\u1d49\u02b3 octobre au 31 mars tous les gymnases de Marseille<\/strong>. Heureusement qu&rsquo;il y a des b\u00e9n\u00e9voles quand m\u00eame, parce que sans les b\u00e9n\u00e9voles, il n&rsquo;y aurait pas tout \u00e7a. C&rsquo;est pas l&rsquo;\u00c9tat qui viendrait faire un caf\u00e9\u00a0\u00bb constate Marie, am\u00e8re. Face au manque de structures d&rsquo;h\u00e9bergement, Diego assume qu&rsquo;il cherche des b\u00e2timents ou locaux vacants pour loger des sans-abris cet hiver.<\/p>\n<p>loading<\/p>\n<p>Un caf\u00e9 fumant, elle en tend un \u00e0 Juan. Il dort depuis un an et demi dans la rue. \u00ab\u00a0Ils nous donnent la vie, l&rsquo;espoir de continuer encore, d&rsquo;\u00eatre l\u00e0, de se battre. Moi ce que je veux, c&rsquo;est avoir ma vie que j&rsquo;avais avant. Un toit, un travail. On regarde les guerres d&rsquo;ailleurs, mais on ne regarde pas ce qui se passe ici \u00e0 Marseille\u00a0\u00bb. Juan rappelle qu&rsquo;au del\u00e0 du froid, la rue est dure. Les agressions verbales, au couteau, avec armes ainsi que les vols sont monnaie courante.<\/p>\n<p>Le gymnase Vallier ouvert \u00e0 nouveau \u00e0 Marseille, 90 places<\/p>\n<p>En novembre dernier, <strong>ce gymnase avait accueilli jusqu&rsquo;\u00e0 90 personnes<\/strong>. Il est ouvert aux hommes isol\u00e9s depuis dimanche 4 janvier, 18h30. La pr\u00e9fecture des Bouches-du-Rh\u00f4ne mobilise par ailleurs \u00ab\u00a0des places d\u2019h\u00e9bergement d\u2019urgence temporaire pour accueillir les personnes vuln\u00e9rables vivant \u00e0 la rue\u00a0\u00bb, sans pr\u00e9ciser le nombre dans un communiqu\u00e9 transmis \u00e0 ICI Provence. Il revient aux services du 115 de d\u00e9cider de l&rsquo;urgence d&rsquo;une prise en charge et de l&rsquo;affectation d&rsquo;une personne \u00e0 un h\u00e9bergement d&rsquo;urgence dans un h\u00f4tel, ou dans une autre structure.<\/p>\n<p>\u00ab\u00a0L\u2019admission des publics accueillis au sein de ces structures se fera uniquement sur orientation du SIAO (Service int\u00e9gr\u00e9 d\u2019accueil et d\u2019orientation) des Bouches-du-Rh\u00f4ne avec le concours des partenaires du territoire. Cet <strong>accueil peut \u00eatre prolong\u00e9 aussi longtemps que les conditions m\u00e9t\u00e9orologiques l&rsquo;exigeront<\/strong>\u00a0\u00bb indique la pr\u00e9fecture.<\/p>\n<p>  <img decoding=\"async\" src=\"https:\/\/www.europesays.com\/fr\/wp-content\/uploads\/2026\/01\/1767596051_683_1280.jpeg\" alt=\"illustration agrandir l'image\" style=\"--_image-preview:url('data:image\/jpeg;base64,\/9j\/2wBDACgcHiMeGSgjISMtKygwPGRBPDc3PHtYXUlkkYCZlo+AjIqgtObDoKrarYqMyP\/L2u71\/\/\/\/m8H\/\/\/\/6\/+b9\/\/j\/2wBDASstLTw1PHZBQXb4pYyl+Pj4+Pj4+Pj4+Pj4+Pj4+Pj4+Pj4+Pj4+Pj4+Pj4+Pj4+Pj4+Pj4+Pj4+Pj4+Pj4+Pj\/wAARCAAXACoDASIAAhEBAxEB\/8QAGAABAQEBAQAAAAAAAAAAAAAAAAECAwX\/xAAYEAEBAQEBAAAAAAAAAAAAAAAAEgECEf\/EABcBAAMBAAAAAAAAAAAAAAAAAAABAgP\/xAAXEQEBAQEAAAAAAAAAAAAAAAAAEQEC\/9oADAMBAAIRAxEAPwD0N6Z3XO03pcZ1v1PWKSih5raM0UIvOmKSgWwKSgBlFADf\/9k=');\" loading=\"lazy\" fetchpriority=\"low\" class=\"svelte-1cksh76 rounded\" onload=\"this.__e=event\" onerror=\"this.__e=event\"\/> L&rsquo;association \u00ab\u00a0On se g\u00e8le dehors\u00a0\u00bb appelle aux dons \u00a9 Radio France &#8211; Maryline Ottmann  <\/p>\n<p>Les citoyens peuvent contribuer \u00e0 ce dispositif en signalant toute personne en d\u00e9tresse \u00e0 la rue en <strong>appelant le 115 (appel gratuit, 24h\/24).<\/strong><\/p>\n<p> (function(w, d) {     if (w.FB &#038;&#038; w.FB.XFBML &#038;&#038; w.FB.XFBML.parse) {         if (&lsquo;undefined&rsquo; == typeof w.__fbTimeout) {             w.__fbTimeout = setTimeout(function() {                 w.FB.XFBML.parse();                 w.__fbTimeout = undefined;             }, 1000);         }     } else if (&lsquo;undefined&rsquo; == typeof w.__fbTimeout) {         if (d.querySelectorAll(&lsquo;#fb-root&rsquo;).length === 0) {             var fbRoot = d.createElement(&lsquo;div&rsquo;);             fbRoot.id = &lsquo;fb-root&rsquo;;             d.querySelector(&lsquo;body&rsquo;).append(fbRoot);         }         if (d.querySelectorAll(&lsquo;#facebook-jssdk&rsquo;).length === 0) {             var fbScript = d.createElement(&lsquo;script&rsquo;);             fbScript.id = &lsquo;facebook-jssdk&rsquo;;             fbScript.src=\u00a0\u00bb\/\/connect.facebook.net\/fr_FR\/sdk.js#xfbml=1&#038;version=v2.8&#038;appId=593991304071705&Prime;;             fbScript.async = 1;             d.querySelector(&lsquo;head&rsquo;).append(fbScript);         }     } })(window, window.document); \\u003C\/script>\\\u00a0\u00bb,\\\u00a0\u00bbprovider\\\u00a0\u00bb:\\\u00a0\u00bbfacebook\\\u00a0\u00bb,\\\u00a0\u00bbdidomiPurposes\\\u00a0\u00bb:\\\u00a0\u00bbPour afficher ce contenu Facebook, vous devez accepter les cookies \\u003Cb>R\u00e9seaux Sociaux\\u003C\/b>.\\u003Cbr>\\u003Cbr>Ces cookies permettent de partager ou r\u00e9agir directement sur les r\u00e9seaux sociaux auxquels vous \u00eates connect\u00e9s ou d&rsquo;int\u00e9grer du contenu initialement post\u00e9 sur ces r\u00e9seaux sociaux. Ils permettent aussi aux r\u00e9seaux sociaux d&rsquo;utiliser vos visites sur nos sites et applications \u00e0 des fins de personnalisation et de ciblage publicitaire.\\\u00a0\u00bb,\\\u00a0\u00bbdidomiVendorId\\\u00a0\u00bb:\\\u00a0\u00bbc:facebookc-rgacRMQm\\\u00a0\u00bb}},{\\\u00a0\u00bbtype\\\u00a0\u00bb:\\\u00a0\u00bbimage\\\u00a0\u00bb,\\\u00a0\u00bbdata\\\u00a0\u00bb:{\\\u00a0\u00bbimages\\\u00a0\u00bb:[{\\\u00a0\u00bburl\\\u00a0\u00bb:\\\u00a0\u00bbhttps:\/\/www.francebleu.fr\/s3\/cruiser-production-eu3\/2026\/01\/28f05b51-9a93-4abd-ac44-e3a051c8c7f7\/600_sc_visuel-effet-flou.jpg\\\u00a0\u00bb,\\\u00a0\u00bburlWebp\\\u00a0\u00bb:\\\u00a0\u00bbhttps:\/\/www.francebleu.fr\/s3\/cruiser-production-eu3\/2026\/01\/28f05b51-9a93-4abd-ac44-e3a051c8c7f7\/600_sc_visuel-effet-flou.webp\\\u00a0\u00bb,\\\u00a0\u00bblegend\\\u00a0\u00bb:\\\u00a0\u00bbL&rsquo;association \\\\\\\u00a0\u00bbOn se g\u00e8le dehors\\\\\\\u00a0\u00bb appelle aux dons\\\u00a0\u00bb,\\\u00a0\u00bbauthor\\\u00a0\u00bb:\\\u00a0\u00bbMaryline Ottmann\\\u00a0\u00bb,\\\u00a0\u00bbcopyright\\\u00a0\u00bb:\\\u00a0\u00bbRadio France\\\u00a0\u00bb,\\\u00a0\u00bbwidth\\\u00a0\u00bb:600,\\\u00a0\u00bbheight\\\u00a0\u00bb:337,\\\u00a0\u00bbpreview\\\u00a0\u00bb:\\\u00a0\u00bb\/9j\/2wBDACgcHiMeGSgjISMtKygwPGRBPDc3PHtYXUlkkYCZlo+AjIqgtObDoKrarYqMyP\/L2u71\/\/\/\/m8H\/\/\/\/6\/+b9\/\/j\/2wBDASstLTw1PHZBQXb4pYyl+Pj4+Pj4+Pj4+Pj4+Pj4+Pj4+Pj4+Pj4+Pj4+Pj4+Pj4+Pj4+Pj4+Pj4+Pj4+Pj4+Pj\/wAARCAAXACoDASIAAhEBAxEB\/8QAGAABAQEBAQAAAAAAAAAAAAAAAAECAwX\/xAAYEAEBAQEBAAAAAAAAAAAAAAAAEgECEf\/EABcBAAMBAAAAAAAAAAAAAAAAAAABAgP\/xAAXEQEBAQEAAAAAAAAAAAAAAAAAEQEC\/9oADAMBAAIRAxEAPwD0N6Z3XO03pcZ1v1PWKSih5raM0UIvOmKSgWwKSgBlFADf\/9k=\\\u00a0\u00bb,\\\u00a0\u00bbdominant\\\u00a0\u00bb:\\\u00a0\u00bb#f8f8f8\\\u00a0\u00bb,\\\u00a0\u00bbid\\\u00a0\u00bb:\\\u00a0\u00bb28f05b51-9a93-4abd-ac44-e3a051c8c7f7\\\u00a0\u00bb}]}},{\\\u00a0\u00bbtype\\\u00a0\u00bb:\\\u00a0\u00bbtext\\\u00a0\u00bb,\\\u00a0\u00bbchildren\\\u00a0\u00bb:[{\\\u00a0\u00bbtype\\\u00a0\u00bb:\\\u00a0\u00bbtext\\\u00a0\u00bb,\\\u00a0\u00bbvalue\\\u00a0\u00bb:\\\u00a0\u00bbLes citoyens peuvent contribuer \u00e0 ce dispositif en signalant toute personne en d\u00e9tresse \u00e0 la rue en \\u003Cstrong>appelant le 115 (appel gratuit, 24h\/24).\\u003C\/strong>\\\u00a0\u00bb}]}]}},\\\u00a0\u00bbdisplay\\\u00a0\u00bb:{\\\u00a0\u00bbhighBanner\\\u00a0\u00bb:true}}\u00a0\u00bb}<\/p>\n","protected":false},"excerpt":{"rendered":"La pr\u00e9fecture des Bouches-du-Rh\u00f4ne a activ\u00e9 depuis samedi soir la vigilance jaune \u00ab\u00a0grand froid\u00a0\u00bb et ouvre un gymnase.&hellip;\n","protected":false},"author":2,"featured_media":641924,"comment_status":"","ping_status":"","sticky":false,"template":"","format":"standard","meta":{"footnotes":""},"categories":[2814],"tags":[1111,11,1777,674,1011,27,884,12,882,25],"class_list":{"0":"post-641923","1":"post","2":"type-post","3":"status-publish","4":"format-standard","5":"has-post-thumbnail","7":"category-marseille","8":"tag-actu","9":"tag-actualites","10":"tag-eu","11":"tag-europe","12":"tag-fr","13":"tag-france","14":"tag-marseille","15":"tag-news","16":"tag-provence-alpes-cote-dazur","17":"tag-republique-francaise"},"share_on_mastodon":{"url":"https:\/\/pubeurope.com\/@fr\/115841182348785769","error":""},"_links":{"self":[{"href":"https:\/\/www.europesays.com\/fr\/wp-json\/wp\/v2\/posts\/641923","targetHints":{"allow":["GET"]}}],"collection":[{"href":"https:\/\/www.europesays.com\/fr\/wp-json\/wp\/v2\/posts"}],"about":[{"href":"https:\/\/www.europesays.com\/fr\/wp-json\/wp\/v2\/types\/post"}],"author":[{"embeddable":true,"href":"https:\/\/www.europesays.com\/fr\/wp-json\/wp\/v2\/users\/2"}],"replies":[{"embeddable":true,"href":"https:\/\/www.europesays.com\/fr\/wp-json\/wp\/v2\/comments?post=641923"}],"version-history":[{"count":0,"href":"https:\/\/www.europesays.com\/fr\/wp-json\/wp\/v2\/posts\/641923\/revisions"}],"wp:featuredmedia":[{"embeddable":true,"href":"https:\/\/www.europesays.com\/fr\/wp-json\/wp\/v2\/media\/641924"}],"wp:attachment":[{"href":"https:\/\/www.europesays.com\/fr\/wp-json\/wp\/v2\/media?parent=641923"}],"wp:term":[{"taxonomy":"category","embeddable":true,"href":"https:\/\/www.europesays.com\/fr\/wp-json\/wp\/v2\/categories?post=641923"},{"taxonomy":"post_tag","embeddable":true,"href":"https:\/\/www.europesays.com\/fr\/wp-json\/wp\/v2\/tags?post=641923"}],"curies":[{"name":"wp","href":"https:\/\/api.w.org\/{rel}","templated":true}]}}