{"id":641929,"date":"2026-01-05T06:58:12","date_gmt":"2026-01-05T06:58:12","guid":{"rendered":"https:\/\/www.europesays.com\/fr\/641929\/"},"modified":"2026-01-05T06:58:12","modified_gmt":"2026-01-05T06:58:12","slug":"neige-et-verglas-23-departements-en-vigilance-orange-dont-ceux-dile-de-france","status":"publish","type":"post","link":"https:\/\/www.europesays.com\/fr\/641929\/","title":{"rendered":"Neige et verglas\u00a0: 23 d\u00e9partements en vigilance orange, dont ceux d\u2019\u00cele-de-France"},"content":{"rendered":"<p class=\"\">M\u00e9t\u00e9o France, qui <a href=\"https:\/\/www.leparisien.fr\/meteo\/neige-et-verglas-sept-departements-places-en-vigilance-orange-04-01-2026-GA6SLQKZBRB2BJIR5WKGELXLNE.php\" target=\"_self\" rel=\"noopener\">alertait dimanche soir sur un \u00ab \u00e9pisode neigeux<\/a> suffisamment notable pour occasionner des difficult\u00e9s de circulation \u00bb, a \u00e9tendu la vigilance orange \u00ab neige et verglas \u00bb \u00e0 23 d\u00e9partements, dont tous ceux d\u2019\u00eele-de-France.<\/p>\n<p class=\"\">Quelques centim\u00e8tres de neige sont tomb\u00e9s sur certains d\u00e9partements c\u00f4tiers de la Manche dans la nuit, en particulier la Seine-Maritime. Il g\u00e8le assez fortement sur la majeure partie du pays, et on rel\u00e8ve par exemple -4 \u00e0 -5\u00b0 par exemple en r\u00e9gion parisienne.<\/p>\n<p class=\"\">Des chutes de neige vont continuer \u00e0 se produire dans la matin\u00e9e de ce lundi sur les d\u00e9partements c\u00f4tiers de la Manche, essentiellement entre Bretagne et Normandie, pr\u00e9voit M\u00e9t\u00e9o France. La tenue au sol est rapide compte tenu des temp\u00e9ratures n\u00e9gatives.<\/p>\n<p>Localement 5 centim\u00e8tres en r\u00e9gion parisienne<\/p>\n<p class=\"\">Au cours de l\u2019apr\u00e8s-midi de lundi, ces chutes de neige s\u2019\u00e9tendent vers le sud en direction des Pays de Loire et du Bassin parisien. Puis elles gagnent vers Poitou-Charentes en soir\u00e9e. Au cours de cet \u00e9pisode, on attend, jusqu\u2019\u00e0 2 \u00e0 3 centim\u00e8tres sur la r\u00e9gion parisienne et l\u2019Oise, localement 5 centim\u00e8tres.<\/p>\n<p class=\"\">La Normandie pourrait recevoir jusqu\u2019\u00e0 10 centim\u00e8tres sur les hauteurs, jusqu\u2019\u00e0 5 \u00e0 10 centim\u00e8tres sont possibles sur la Bretagne. Le maximum est envisag\u00e9 avec 15 centim\u00e8tres de neige pour la Vend\u00e9e et la Charente-Maritime, les d\u00e9partements les plus expos\u00e9s.<\/p>\n<p class=\"\">Dans la nuit de lundi \u00e0 mardi, apr\u00e8s les chutes de neige, les gel\u00e9es seront encore marqu\u00e9es, ce qui rendra les conditions de circulation tr\u00e8s d\u00e9licates jusqu\u2019\u00e0 mardi matin.<\/p>\n","protected":false},"excerpt":{"rendered":"M\u00e9t\u00e9o France, qui alertait dimanche soir sur un \u00ab \u00e9pisode neigeux suffisamment notable pour occasionner des difficult\u00e9s de&hellip;\n","protected":false},"author":2,"featured_media":641930,"comment_status":"","ping_status":"","sticky":false,"template":"","format":"standard","meta":{"footnotes":""},"categories":[1592],"tags":[1111,11,1777,674,1011,27,662,2487,12,626,25],"class_list":{"0":"post-641929","1":"post","2":"type-post","3":"status-publish","4":"format-standard","5":"has-post-thumbnail","7":"category-ile-de-france","8":"tag-actu","9":"tag-actualites","10":"tag-eu","11":"tag-europe","12":"tag-fr","13":"tag-france","14":"tag-ile-de-france","15":"tag-meteo","16":"tag-news","17":"tag-paris","18":"tag-republique-francaise"},"share_on_mastodon":{"url":"https:\/\/pubeurope.com\/@fr\/115841197895088245","error":""},"_links":{"self":[{"href":"https:\/\/www.europesays.com\/fr\/wp-json\/wp\/v2\/posts\/641929","targetHints":{"allow":["GET"]}}],"collection":[{"href":"https:\/\/www.europesays.com\/fr\/wp-json\/wp\/v2\/posts"}],"about":[{"href":"https:\/\/www.europesays.com\/fr\/wp-json\/wp\/v2\/types\/post"}],"author":[{"embeddable":true,"href":"https:\/\/www.europesays.com\/fr\/wp-json\/wp\/v2\/users\/2"}],"replies":[{"embeddable":true,"href":"https:\/\/www.europesays.com\/fr\/wp-json\/wp\/v2\/comments?post=641929"}],"version-history":[{"count":0,"href":"https:\/\/www.europesays.com\/fr\/wp-json\/wp\/v2\/posts\/641929\/revisions"}],"wp:featuredmedia":[{"embeddable":true,"href":"https:\/\/www.europesays.com\/fr\/wp-json\/wp\/v2\/media\/641930"}],"wp:attachment":[{"href":"https:\/\/www.europesays.com\/fr\/wp-json\/wp\/v2\/media?parent=641929"}],"wp:term":[{"taxonomy":"category","embeddable":true,"href":"https:\/\/www.europesays.com\/fr\/wp-json\/wp\/v2\/categories?post=641929"},{"taxonomy":"post_tag","embeddable":true,"href":"https:\/\/www.europesays.com\/fr\/wp-json\/wp\/v2\/tags?post=641929"}],"curies":[{"name":"wp","href":"https:\/\/api.w.org\/{rel}","templated":true}]}}