{"id":641931,"date":"2026-01-05T06:59:09","date_gmt":"2026-01-05T06:59:09","guid":{"rendered":"https:\/\/www.europesays.com\/fr\/641931\/"},"modified":"2026-01-05T06:59:09","modified_gmt":"2026-01-05T06:59:09","slug":"la-chasse-aux-petits-prix-debute-bientot-les-dates-a-paris-et-en-ile-de-france","status":"publish","type":"post","link":"https:\/\/www.europesays.com\/fr\/641931\/","title":{"rendered":"la chasse aux petits prix d\u00e9bute bient\u00f4t, les dates \u00e0 Paris et en \u00cele-de-France"},"content":{"rendered":"<p>                    Par<br \/>\n        <strong><br \/>\n            <a href=\"https:\/\/actu.fr\/auteur\/redaction-paris\" title=\"Consulter tous les articles de R\u00e9daction Paris\" target=\"_blank\" rel=\"noopener\">R\u00e9daction Paris<\/a><br \/>\n                    <\/strong><\/p>\n<p>        Publi\u00e9 le<\/p>\n<p>            5 janv. 2026 \u00e0 7h14        <\/p>\n<p>Apr\u00e8s les f\u00eates de fin d\u2019ann\u00e9e qui ont grev\u00e9 le budget, les <strong>soldes d\u2019hiver<\/strong> offrent un coup de pouce bienvenu pour les f\u00e9rus de <a href=\"https:\/\/actu.fr\/ile-de-france\/creteil_94028\/on-est-a-la-pointe-de-la-nouveaute-les-secrets-de-jouvence-de-creteil-soleil-50-ans-et-toujours-tendance_61620355.html\" target=\"_blank\" rel=\"noopener\">shopping<\/a>. Si certains d\u00e9partements b\u00e9n\u00e9ficient de dates d\u00e9rogatoires ce n\u2019est pas le cas de Paris, des Hauts-de-Seine, du Val-de-Marne et de la Seine-Saint-Denis o\u00f9 les promotions d\u00e9buteront ce<strong> mercredi 7 janvier 2026<\/strong>.<\/p>\n<p>Un mois de bonnes affaires\u00a0<\/p>\n<p class=\" wall-content\">Franciliens et Franciliennes auront <strong>jusqu\u2019au mardi 3 f\u00e9vrier 2026<\/strong>, soit un peu moins d\u2019un mois, pour faire leurs bonnes affaires.\u00a0<\/p>\n<p class=\" wall-content\">Ces dates s\u2019appliquent pour les achats en boutique et en ligne. \u00ab Pour le commerce en ligne ou la vente \u00e0 distance (e-commerce), les dates des soldes sont align\u00e9es sur les dates nationales du commerce traditionnel, quel que soit le lieu du si\u00e8ge de l\u2019entreprise \u00bb, pr\u00e9cise le minist\u00e8re de l\u2019\u00c9conomie.<\/p>\n<p class=\" wall-content\">En revanche, les habitants de Meurthe\u2011et\u2011Moselle, de la Meuse, de la Moselle et des Vosges profiteront en avance des rabais. Les soldes ont commenc\u00e9 le 2 janvier et se termineront le 29.<\/p>\n<p class=\" wall-content\">Personnalisez votre actualit\u00e9 en ajoutant vos villes et m\u00e9dias en favori avec <a href=\"https:\/\/moncompte.actu.fr\" title=\"D\u00e9couvez Mon Actu\" rel=\"nofollow noopener\" data-trk=\"{&quot;cta&quot;:{&quot;action&quot;:&quot;https:\\\/\\\/moncompte.actu.fr&quot;,&quot;category&quot;:&quot;mon compte&quot;,&quot;from&quot;:&quot;article footer&quot;,&quot;name&quot;:&quot;Mon actu&quot;,&quot;type&quot;:&quot;cta&quot;}}\" target=\"_blank\">Mon Actu<\/a>.<\/p>\n","protected":false},"excerpt":{"rendered":"Par R\u00e9daction Paris Publi\u00e9 le 5 janv. 2026 \u00e0 7h14 Apr\u00e8s les f\u00eates de fin d\u2019ann\u00e9e qui ont&hellip;\n","protected":false},"author":2,"featured_media":641932,"comment_status":"","ping_status":"","sticky":false,"template":"","format":"standard","meta":{"footnotes":""},"categories":[1888],"tags":[1111,1928,11,1927,215,33,1777,674,1011,27,12,1926,626,1925,2922,25,11772],"class_list":{"0":"post-641931","1":"post","2":"type-post","3":"status-publish","4":"format-standard","5":"has-post-thumbnail","7":"category-paris","8":"tag-actu","9":"tag-actu-paris","10":"tag-actualites","11":"tag-actualites-paris","12":"tag-commerce","13":"tag-economie","14":"tag-eu","15":"tag-europe","16":"tag-fr","17":"tag-france","18":"tag-news","19":"tag-news-paris","20":"tag-paris","21":"tag-paris-news","22":"tag-pouvoir-dachat","23":"tag-republique-francaise","24":"tag-soldes"},"share_on_mastodon":{"url":"https:\/\/pubeurope.com\/@fr\/115841201835188425","error":""},"_links":{"self":[{"href":"https:\/\/www.europesays.com\/fr\/wp-json\/wp\/v2\/posts\/641931","targetHints":{"allow":["GET"]}}],"collection":[{"href":"https:\/\/www.europesays.com\/fr\/wp-json\/wp\/v2\/posts"}],"about":[{"href":"https:\/\/www.europesays.com\/fr\/wp-json\/wp\/v2\/types\/post"}],"author":[{"embeddable":true,"href":"https:\/\/www.europesays.com\/fr\/wp-json\/wp\/v2\/users\/2"}],"replies":[{"embeddable":true,"href":"https:\/\/www.europesays.com\/fr\/wp-json\/wp\/v2\/comments?post=641931"}],"version-history":[{"count":0,"href":"https:\/\/www.europesays.com\/fr\/wp-json\/wp\/v2\/posts\/641931\/revisions"}],"wp:featuredmedia":[{"embeddable":true,"href":"https:\/\/www.europesays.com\/fr\/wp-json\/wp\/v2\/media\/641932"}],"wp:attachment":[{"href":"https:\/\/www.europesays.com\/fr\/wp-json\/wp\/v2\/media?parent=641931"}],"wp:term":[{"taxonomy":"category","embeddable":true,"href":"https:\/\/www.europesays.com\/fr\/wp-json\/wp\/v2\/categories?post=641931"},{"taxonomy":"post_tag","embeddable":true,"href":"https:\/\/www.europesays.com\/fr\/wp-json\/wp\/v2\/tags?post=641931"}],"curies":[{"name":"wp","href":"https:\/\/api.w.org\/{rel}","templated":true}]}}