{"id":641939,"date":"2026-01-05T07:03:17","date_gmt":"2026-01-05T07:03:17","guid":{"rendered":"https:\/\/www.europesays.com\/fr\/641939\/"},"modified":"2026-01-05T07:03:17","modified_gmt":"2026-01-05T07:03:17","slug":"loeil-de-moscou-ce-que-laffaire-dolina-nous-dit-de-la-societe-et-du-pouvoir-russes","status":"publish","type":"post","link":"https:\/\/www.europesays.com\/fr\/641939\/","title":{"rendered":"L\u2019\u0152il de Moscou\u00a0: ce que &lsquo;l\u2019affaire Dolina&rsquo; nous dit de la soci\u00e9t\u00e9 et du pouvoir russes"},"content":{"rendered":"<p>Ce qui lui a permis, dans un premier temps, de retourner la situation en sa faveur. Faisant semble-t-il preuve de plus de z\u00e8le qu\u2019\u00e0 l\u2019accoutum\u00e9e, les enqu\u00eateurs ont d\u2019abord retrouv\u00e9 les escrocs ayant manipul\u00e9 Dolina (il ne s\u2019agissait cependant que d\u2019ex\u00e9cutants). Surtout, la plaignante a obtenu de la justice qu\u2019elle annule la transaction immobili\u00e8re\u2026 sans avoir toutefois \u00e0 rembourser l\u2019acheteur, qui \u00e9tait pourtant \u00e0 l\u2019\u00e9vidence de bonne foi. C\u2019est \u00e0 ce moment que l\u2019affaire Dolina prend de l\u2019ampleur, notamment sur les r\u00e9seaux sociaux. Elle devient politique puisque face \u00e0 ce qui est largement ressenti dans le pays comme une injustice (ou une justice de caste), la Douma d\u2019Etat invite Dolina \u00e0 s\u2019expliquer lors d\u2019une table-ronde sur les escroqueries immobili\u00e8res. Le tout-Moscou commence \u00e0 sp\u00e9culer\u00a0: Vladimir Poutine pourra-t-il ignorer la question <a href=\"https:\/\/www.rtbf.be\/article\/poutine-assure-que-les-troupes-russes-avancent-sur-tout-le-front-en-ukraine-11651074\" target=\"_blank\" rel=\"noopener\">lors de sa conf\u00e9rence de presse annuelle du 19\u00a0d\u00e9cembre\u00a0?<\/a> Jusqu\u2019au coup de th\u00e9\u00e2tre\u00a0: saisie par Polina Lourier, l\u2019acheteur de l\u2019appartement de Larissa Dolina, la Cour supr\u00eame de Russie annule, le 16\u00a0d\u00e9cembre, toutes les d\u00e9cisions judiciaires ant\u00e9rieures et reconna\u00eet la validit\u00e9 de la transaction immobili\u00e8re (et donc les droits de propri\u00e9t\u00e9 de l\u2019acqu\u00e9reur). Puis, le 25\u00a0d\u00e9cembre, un tribunal de Moscou prononce l\u2019expulsion de Dolina, d\u00e9cision qui devait \u00eatre appliqu\u00e9e apr\u00e8s les f\u00eates de fin d\u2019ann\u00e9e.<\/p>\n","protected":false},"excerpt":{"rendered":"Ce qui lui a permis, dans un premier temps, de retourner la situation en sa faveur. Faisant semble-t-il&hellip;\n","protected":false},"author":2,"featured_media":641940,"comment_status":"","ping_status":"","sticky":false,"template":"","format":"standard","meta":{"footnotes":""},"categories":[1591],"tags":[11,1887,12,1885,1886,132],"class_list":{"0":"post-641939","1":"post","2":"type-post","3":"status-publish","4":"format-standard","5":"has-post-thumbnail","7":"category-russie","8":"tag-actualites","9":"tag-federation-de-russie","10":"tag-news","11":"tag-russia","12":"tag-russian-federation","13":"tag-russie"},"share_on_mastodon":{"url":"https:\/\/pubeurope.com\/@fr\/115841217636513414","error":""},"_links":{"self":[{"href":"https:\/\/www.europesays.com\/fr\/wp-json\/wp\/v2\/posts\/641939","targetHints":{"allow":["GET"]}}],"collection":[{"href":"https:\/\/www.europesays.com\/fr\/wp-json\/wp\/v2\/posts"}],"about":[{"href":"https:\/\/www.europesays.com\/fr\/wp-json\/wp\/v2\/types\/post"}],"author":[{"embeddable":true,"href":"https:\/\/www.europesays.com\/fr\/wp-json\/wp\/v2\/users\/2"}],"replies":[{"embeddable":true,"href":"https:\/\/www.europesays.com\/fr\/wp-json\/wp\/v2\/comments?post=641939"}],"version-history":[{"count":0,"href":"https:\/\/www.europesays.com\/fr\/wp-json\/wp\/v2\/posts\/641939\/revisions"}],"wp:featuredmedia":[{"embeddable":true,"href":"https:\/\/www.europesays.com\/fr\/wp-json\/wp\/v2\/media\/641940"}],"wp:attachment":[{"href":"https:\/\/www.europesays.com\/fr\/wp-json\/wp\/v2\/media?parent=641939"}],"wp:term":[{"taxonomy":"category","embeddable":true,"href":"https:\/\/www.europesays.com\/fr\/wp-json\/wp\/v2\/categories?post=641939"},{"taxonomy":"post_tag","embeddable":true,"href":"https:\/\/www.europesays.com\/fr\/wp-json\/wp\/v2\/tags?post=641939"}],"curies":[{"name":"wp","href":"https:\/\/api.w.org\/{rel}","templated":true}]}}