{"id":64194,"date":"2025-04-30T10:57:07","date_gmt":"2025-04-30T10:57:07","guid":{"rendered":"https:\/\/www.europesays.com\/fr\/64194\/"},"modified":"2025-04-30T10:57:07","modified_gmt":"2025-04-30T10:57:07","slug":"atp-rafael-nadal-sur-carlos-alcaraz-je-souhaite-et-je-crois-vraiment-quil-va-avoir-lune-des-meilleures-carrieres-de-tous-les-temps","status":"publish","type":"post","link":"https:\/\/www.europesays.com\/fr\/64194\/","title":{"rendered":"ATP > Rafael Nadal sur Carlos Alcaraz : \u00ab\u00a0Je souhaite et je crois vraiment qu&rsquo;il va avoir l&rsquo;une des meilleures carri\u00e8res de tous les temps\u00a0\u00bb"},"content":{"rendered":"<p>Interrog\u00e9 par <a href=\"https:\/\/edition.cnn.com\/2025\/04\/29\/sport\/rafael-nadal-jannik-sinner-innocent-spt-intl\/index.html\" data-wpel-link=\"external\" target=\"_blank\" rel=\"nofollow external noopener\">CNN Sports<\/a> au sujet des nombreuses compa\u00adrai\u00adsons faites entre Carlos Alcaraz et lui\u2010m\u00eame, Rafael Nadal (contrai\u00adre\u00adment \u00e0 son compa\u00adtriote) ne s\u2019en \u00e9tonne pas.\u00a0<\/p>\n<p>Si Carlos Alcaraz a avou\u00e9 dans son docu\u00admen\u00adtaire sur Netflix \u00ab\u202fCarlos Alcaraz\u00a0: A mi manera\u202f\u00bb ne pas vouloir \u00eatre per\u00e7u comme le succes\u00adseur de Nadal, le Roi de la terre battue promet un avenir glorieux au jeune Espagnol.<\/p>\n<p><strong>\u00ab\u202fNous avons tous re\u00e7u la pres\u00adsion des m\u00e9dias et de l\u2019es\u00adpoir que les gens ont en nous, mais je pense qu\u2019en fin de compte, nous sommes des \u00eatres humains et nous savons comment g\u00e9rer cela. Je ne pense pas que pour Carlos ce soit un probl\u00e8me de supporter cette pres\u00adsion. C\u2019est un grand joueur et il a une grande famille derri\u00e8re lui.<\/strong> <strong>Je pense qu\u2019il se d\u00e9brouille tr\u00e8s bien, qu\u2019il m\u00e8ne une carri\u00e8re extra\u00ador\u00addi\u00adnaire et qu\u2019il gagnera encore beau\u00adcoup plus s\u2019il ne se blesse pas \u2013 c\u2019est la chose la plus impor\u00adtante. Je souhaite et je crois vrai\u00adment qu\u2019il va avoir l\u2019une des meilleures carri\u00e8res de tous les\u00a0temps.\u202f\u00bb<\/strong><\/p>\n<p class=\"post-published-date\" style=\"color: silver; font-size: 75%; text-align: left;\">Publi\u00e9 le mercredi 30 avril 2025 \u00e0 10:45<\/p>\n","protected":false},"excerpt":{"rendered":"Interrog\u00e9 par CNN Sports au sujet des nombreuses compa\u00adrai\u00adsons faites entre Carlos Alcaraz et lui\u2010m\u00eame, Rafael Nadal (contrai\u00adre\u00adment&hellip;\n","protected":false},"author":2,"featured_media":64195,"comment_status":"","ping_status":"","sticky":false,"template":"","format":"standard","meta":{"footnotes":""},"categories":[1415],"tags":[1744,1011,27,1960,60,1467],"class_list":{"0":"post-64194","1":"post","2":"type-post","3":"status-publish","4":"format-standard","5":"has-post-thumbnail","7":"category-tennis","8":"tag-alcaraz","9":"tag-fr","10":"tag-france","11":"tag-nadal","12":"tag-sports","13":"tag-tennis"},"share_on_mastodon":{"url":"https:\/\/pubeurope.com\/@fr\/114426559970188709","error":""},"_links":{"self":[{"href":"https:\/\/www.europesays.com\/fr\/wp-json\/wp\/v2\/posts\/64194","targetHints":{"allow":["GET"]}}],"collection":[{"href":"https:\/\/www.europesays.com\/fr\/wp-json\/wp\/v2\/posts"}],"about":[{"href":"https:\/\/www.europesays.com\/fr\/wp-json\/wp\/v2\/types\/post"}],"author":[{"embeddable":true,"href":"https:\/\/www.europesays.com\/fr\/wp-json\/wp\/v2\/users\/2"}],"replies":[{"embeddable":true,"href":"https:\/\/www.europesays.com\/fr\/wp-json\/wp\/v2\/comments?post=64194"}],"version-history":[{"count":0,"href":"https:\/\/www.europesays.com\/fr\/wp-json\/wp\/v2\/posts\/64194\/revisions"}],"wp:featuredmedia":[{"embeddable":true,"href":"https:\/\/www.europesays.com\/fr\/wp-json\/wp\/v2\/media\/64195"}],"wp:attachment":[{"href":"https:\/\/www.europesays.com\/fr\/wp-json\/wp\/v2\/media?parent=64194"}],"wp:term":[{"taxonomy":"category","embeddable":true,"href":"https:\/\/www.europesays.com\/fr\/wp-json\/wp\/v2\/categories?post=64194"},{"taxonomy":"post_tag","embeddable":true,"href":"https:\/\/www.europesays.com\/fr\/wp-json\/wp\/v2\/tags?post=64194"}],"curies":[{"name":"wp","href":"https:\/\/api.w.org\/{rel}","templated":true}]}}