{"id":641941,"date":"2026-01-05T07:04:08","date_gmt":"2026-01-05T07:04:08","guid":{"rendered":"https:\/\/www.europesays.com\/fr\/641941\/"},"modified":"2026-01-05T07:04:08","modified_gmt":"2026-01-05T07:04:08","slug":"des-bombardements-russes-visant-lukraine-ont-fait-au-moins-deux-morts-a-kiev-et-dans-sa-peripherie","status":"publish","type":"post","link":"https:\/\/www.europesays.com\/fr\/641941\/","title":{"rendered":"Des bombardements russes visant l\u2019Ukraine ont fait au moins deux morts \u00e0 Kiev et dans sa p\u00e9riph\u00e9rie"},"content":{"rendered":"<p>Des bombardements russes visant l\u2019Ukraine ont fait au moins deux morts \u00e0 Kiev et dans sa p\u00e9riph\u00e9rie, ont rapport\u00e9 les autorit\u00e9s locales lundi, \u00e0 la veille d\u2019une r\u00e9union des alli\u00e9s de Kiev pour tenter de relancer les efforts diplomatiques de r\u00e8glement du conflit.<\/p>\n<p>Des alertes antia\u00e9riennes ont r\u00e9sonn\u00e9 sur tout le territoire national au cours de la nuit et l\u2019arm\u00e9e a averti de nombreux mouvements de missiles et drones russes.<\/p>\n<p>\u00c0 Kiev, une clinique priv\u00e9e a \u00e9t\u00e9 touch\u00e9e, provoquant un incendie et faisant un mort et trois bless\u00e9s, selon les services de secours qui ont diffus\u00e9 des images d\u2019un immeuble avec une fa\u00e7ade \u00e9ventr\u00e9e et d\u2019\u00e9vacuations de patients sur des brancards.<\/p>\n<p>Dans la p\u00e9riph\u00e9rie, les bombardements ont touch\u00e9 plusieurs habitations et \u00ab\u00a0infrastructures critiques\u00a0\u00bb, tuant un homme n\u00e9 en 1951 dans la localit\u00e9 de Fastiv, selon le responsable de l\u2019administration militaire r\u00e9gionale Mykola Kalachnyk sur Telegram.<\/p>\n<p>Les frappes ont provoqu\u00e9 des coupures de courant dans la zone, n\u00e9cessitant le lancement de syst\u00e8mes de secours pour maintenir les fournitures en eau et chauffage, a pr\u00e9cis\u00e9 le responsable, alors que les temp\u00e9ratures sont tomb\u00e9es \u00e0 -8\u00b0C pendant la nuit dans la capitale.<\/p>\n<p>Ces attaques interviennent \u00e0 la veille d\u2019une r\u00e9union \u00e0 Paris de pays alli\u00e9s de Kiev pour tenter d\u2019avancer en vue d\u2019un r\u00e8glement du conflit le plus sanglant en Europe depuis la Seconde Guerre mondiale.<\/p>\n<p>Pour pr\u00e9parer la rencontre, des conseillers \u00e0 la s\u00e9curit\u00e9 de 15 pays, dont la France, l\u2019Allemagne et le Canada, ainsi que des repr\u00e9sentants de l\u2019UE et de l\u2019<a href=\"https:\/\/www.ledevoir.com\/otan\" target=\"_blank\" rel=\"noopener\">OTAN<\/a>, se sont r\u00e9unis dans la capitale ukrainienne samedi.<\/p>\n<p>L\u2019\u00e9missaire de <a href=\"https:\/\/www.ledevoir.com\/donald-trump\" target=\"_blank\" rel=\"noopener\">Donald Trump<\/a>, Steve Witkoff, a particip\u00e9 \u00e0 distance aux discussions, consacr\u00e9es aux d\u00e9tails de la derni\u00e8re mouture du plan de sortie du conflit avec la Russie.<\/p>\n<p>Une autre r\u00e9union, pr\u00e9paratoire, entre chefs d\u2019\u00e9tat-major, est pr\u00e9vue lundi.<\/p>\n<p>Drones<\/p>\n<p>Cette s\u00e9rie de discussions vise \u00e0 \u00ab\u00a0apporter une contribution suppl\u00e9mentaire \u00e0 la d\u00e9fense [ukrainienne] et \u00e0 acc\u00e9l\u00e9rer la fin de la guerre\u00a0\u00bb, a d\u00e9clar\u00e9 dimanche soir le pr\u00e9sident <a href=\"https:\/\/www.ledevoir.com\/volodymyr-zelensky\" target=\"_blank\" rel=\"noopener\">Volodymyr Zelensky<\/a>.<\/p>\n<p>\u00ab\u00a0L\u2019Ukraine sera pr\u00eate pour les deux voies possibles\u00a0: la diplomatie, que nous recherchons, ou la poursuite d\u2019une d\u00e9fense active si la pression exerc\u00e9e par nos partenaires sur la Russie s\u2019av\u00e8re insuffisante\u00a0\u00bb, a-t-il ajout\u00e9.<\/p>\n<p>Bombard\u00e9e quotidiennement depuis pr\u00e8s de quatre ans, l\u2019Ukraine riposte de son c\u00f4t\u00e9 en lan\u00e7ant des drones vers le territoire russe, visant notamment les infrastructures \u00e9nerg\u00e9tiques qui financent l\u2019effort de guerre russe.<\/p>\n<p>L\u2019arm\u00e9e russe a indiqu\u00e9 pendant le week-end avoir abattu plusieurs centaines de drones ukrainiens, un nombre inhabituellement \u00e9lev\u00e9, dont plusieurs autour de la capitale.<\/p>\n<p>L\u2019\u00e9lan diplomatique impuls\u00e9 par le pr\u00e9sident am\u00e9ricain Donald Trump a \u00e9t\u00e9 gripp\u00e9 par des all\u00e9gations de Moscou accusant Kiev d\u2019avoir vis\u00e9 avec 91 drones, dans la nuit du 28 au 29\u00a0d\u00e9cembre, une r\u00e9sidence hautement s\u00e9curis\u00e9e du dirigeant russe <a href=\"https:\/\/www.ledevoir.com\/vladimir-poutine\" target=\"_blank\" rel=\"noopener\">Vladimir Poutine<\/a>.<\/p>\n<p>Kiev a qualifi\u00e9 cette accusation de \u00ab\u00a0mensonge\u00a0\u00bb et estim\u00e9 qu\u2019elle visait \u00e0 servir de pr\u00e9texte pour de nouvelles frappes contre l\u2019Ukraine et \u00e0 saper les pourparlers diplomatiques. Les Europ\u00e9ens ont \u00e9galement exprim\u00e9 des doutes sur la v\u00e9racit\u00e9 de l\u2019attaque.<\/p>\n<p>\u00ab\u00a0Je ne pense pas que cette frappe ait eu lieu\u00a0\u00bb, a \u00e9galement d\u00e9clar\u00e9 Donald Trump dimanche soir \u00e0 bord de son avion pr\u00e9sidentiel, notant que \u00ab\u00a0personne ne savait pour l\u2019heure\u00a0\u00bb si les all\u00e9gations russes \u00e9taient vraies.<\/p>\n<p>Le Kremlin avait pr\u00e9venu mardi que \u00ab\u00a0les cons\u00e9quences\u00a0\u00bb de cette attaque se traduiraient par \u00ab\u00a0un durcissement de la position de n\u00e9gociation\u00a0\u00bb de la Russie.<\/p>\n","protected":false},"excerpt":{"rendered":"Des bombardements russes visant l\u2019Ukraine ont fait au moins deux morts \u00e0 Kiev et dans sa p\u00e9riph\u00e9rie, ont&hellip;\n","protected":false},"author":2,"featured_media":641942,"comment_status":"","ping_status":"","sticky":false,"template":"","format":"standard","meta":{"footnotes":""},"categories":[1590],"tags":[11,1777,674,12,220],"class_list":{"0":"post-641941","1":"post","2":"type-post","3":"status-publish","4":"format-standard","5":"has-post-thumbnail","7":"category-ukraine","8":"tag-actualites","9":"tag-eu","10":"tag-europe","11":"tag-news","12":"tag-ukraine"},"share_on_mastodon":{"url":"https:\/\/pubeurope.com\/@fr\/115841221534819649","error":""},"_links":{"self":[{"href":"https:\/\/www.europesays.com\/fr\/wp-json\/wp\/v2\/posts\/641941","targetHints":{"allow":["GET"]}}],"collection":[{"href":"https:\/\/www.europesays.com\/fr\/wp-json\/wp\/v2\/posts"}],"about":[{"href":"https:\/\/www.europesays.com\/fr\/wp-json\/wp\/v2\/types\/post"}],"author":[{"embeddable":true,"href":"https:\/\/www.europesays.com\/fr\/wp-json\/wp\/v2\/users\/2"}],"replies":[{"embeddable":true,"href":"https:\/\/www.europesays.com\/fr\/wp-json\/wp\/v2\/comments?post=641941"}],"version-history":[{"count":0,"href":"https:\/\/www.europesays.com\/fr\/wp-json\/wp\/v2\/posts\/641941\/revisions"}],"wp:featuredmedia":[{"embeddable":true,"href":"https:\/\/www.europesays.com\/fr\/wp-json\/wp\/v2\/media\/641942"}],"wp:attachment":[{"href":"https:\/\/www.europesays.com\/fr\/wp-json\/wp\/v2\/media?parent=641941"}],"wp:term":[{"taxonomy":"category","embeddable":true,"href":"https:\/\/www.europesays.com\/fr\/wp-json\/wp\/v2\/categories?post=641941"},{"taxonomy":"post_tag","embeddable":true,"href":"https:\/\/www.europesays.com\/fr\/wp-json\/wp\/v2\/tags?post=641941"}],"curies":[{"name":"wp","href":"https:\/\/api.w.org\/{rel}","templated":true}]}}