{"id":641943,"date":"2026-01-05T07:05:16","date_gmt":"2026-01-05T07:05:16","guid":{"rendered":"https:\/\/www.europesays.com\/fr\/641943\/"},"modified":"2026-01-05T07:05:16","modified_gmt":"2026-01-05T07:05:16","slug":"direct-apres-la-capture-de-maduro-la-presidente-par-interim-du-venezuela-veut-des-relations-equilibrees-et-respectueuses-avec-trump-et-les-usa","status":"publish","type":"post","link":"https:\/\/www.europesays.com\/fr\/641943\/","title":{"rendered":"DIRECT- apr\u00e8s la capture de Maduro, la pr\u00e9sidente par int\u00e9rim du Venezuela veut des relations \u00ab\u00a0\u00e9quilibr\u00e9es et respectueuses\u00a0\u00bb avec Trump et les USA"},"content":{"rendered":"<p><a href=\"https:\/\/www.dhnet.be\/actu\/belgique\/2026\/01\/04\/entre-maduro-voyou-et-action-illegale-nos-politiques-sont-divises-sur-laction-americaine-au-venezuela-2SFS3WN46FG2TDXXXWK3CQEHJ4\/\" target=\"_self\" class=\"ap-StoryInterstitialLink ap-StoryElement ap-StoryElement--mb\" rel=\"noopener\">Entre \u00ab\u00a0Maduro voyou\u00a0\u00bb et \u00ab\u00a0action ill\u00e9gale\u00a0\u00bb, nos politiques sont divis\u00e9s sur l&rsquo;action am\u00e9ricaine au Venezuela<\/a><\/p>\n<p class=\"ap-StoryElement ap-StoryElement--mb ap-StoryText\">Un peu plus t\u00f4t dimanche, Donald Trump a affirm\u00e9 que les \u00c9tats-Unis \u00e9taient d\u00e9sormais \u00ab\u00a0aux commandes\u00a0\u00bb dans le pays, mena\u00e7ant Delcy Rodr\u00edguez d&rsquo;un sort pire que celui r\u00e9serv\u00e9 \u00e0 Nicol\u00e1s Maduro, le pr\u00e9sident d\u00e9chu captur\u00e9 et exfiltr\u00e9 qui s&rsquo;appr\u00eate \u00e0 \u00eatre pr\u00e9sent\u00e9 \u00e0 un juge.<\/p>\n<p class=\"ap-StoryElement ap-StoryElement--mb ap-StoryText\">Apr\u00e8s des mois de frappes sur des embarcations accus\u00e9es de trafiquer de la drogue, les \u00c9tats-Unis ont men\u00e9 samedi une op\u00e9ration d&rsquo;enl\u00e8vement de Nicol\u00e1s Maduro et de son \u00e9pouse Cilia Flores accus\u00e9s de \u00ab\u00a0narcoterrorisme\u00a0\u00bb.<\/p>\n<p><a href=\"https:\/\/www.dhnet.be\/actu\/monde\/2026\/01\/04\/direct-maduro-a-atterri-aux-etats-unis-le-nouveau-maire-de-new-york-condamne-lassaut-RR2BUJ657NF5DDX7OWVXWGL4LY\/\" target=\"_self\" class=\"ap-StoryInterstitialLink ap-StoryElement ap-StoryElement--mb\" rel=\"noopener\">Le fils de Nicolas Maduro prend la parole: \u00ab\u00a0l&rsquo;histoire dira qui ont \u00e9t\u00e9 les tra\u00eetres\u00a0\u00bb<\/a><\/p>\n<p class=\"ap-StoryElement ap-StoryElement--mb ap-StoryText\">Delcy Rodr\u00edguez, \u00e0 qui la Cour supr\u00eame du Venezuela a confi\u00e9 le pouvoir par int\u00e9rim, a r\u00e9uni dimanche soir son premier conseil des ministres.<\/p>\n<p class=\"ap-StoryElement ap-StoryElement--mb ap-StoryText\">\u00ab\u00a0Pr\u00e9sident Donald Trump, nos peuples et notre r\u00e9gion m\u00e9ritent la paix et le dialogue, pas la guerre\u00a0\u00bb, a interpell\u00e9 Mme Rodr\u00edguez sur Telegram. \u00ab\u00a0Cela a toujours \u00e9t\u00e9 le message du pr\u00e9sident Nicol\u00e1s Maduro, et c&rsquo;est maintenant le message de tout le Venezuela\u00a0\u00bb.<\/p>\n<p><b>Suivez les derni\u00e8res informations en direct : <\/b>        <\/p>\n<p>La pr\u00e9sidente par int\u00e9rim cr\u00e9e une commission pour la lib\u00e9ration de Maduro<\/p>\n<p>La pr\u00e9sidente par int\u00e9rim du Venezuela Delcy Rodr\u00edguez a cr\u00e9\u00e9 dimanche une commission pour la lib\u00e9ration du pr\u00e9sident d\u00e9chu Nicol\u00e1s Maduro et de son \u00e9pouse Cilia Flores, captur\u00e9s et exfiltr\u00e9s par les \u00c9tats-Unis.\u00a0<\/p>\n<p>Accus\u00e9 de trafic de drogue et de terrorisme, M. Maduro a \u00e9t\u00e9 incarc\u00e9r\u00e9 samedi dans une prison de New York et doit compara\u00eetre lundi devant un juge de la ville.\u00a0<\/p>\n<p>Une commission \u00ab\u00a0de haut niveau\u00a0\u00bb a \u00e9t\u00e9 pr\u00e9sent\u00e9e par le ministre de l&rsquo;Information, Freddy \u00d1\u00e1\u00f1ez, qui en fera partie. Elle sera pr\u00e9sid\u00e9e par Jorge Rodr\u00edguez, pr\u00e9sident de l&rsquo;Assembl\u00e9e nationale, et le ministre des Affaires \u00e9trang\u00e8res Iv\u00e1n Gil.\u00a0<\/p>\n<p>En parall\u00e8le, Mme Rodr\u00edguez a plaid\u00e9 dimanche pour des relations \u00ab\u00a0\u00e9quilibr\u00e9es et respectueuses\u00a0\u00bb avec les \u00c9tats-Unis, dans un message sur Telegram.<\/p>\n<p>Elle a \u00e9galement r\u00e9uni dimanche son premier Conseil des ministres, au lendemain de sa prise de poste soutenue par la Cour supr\u00eame v\u00e9n\u00e9zu\u00e9lienne et les forces militaires.<\/p>\n<p>Des ONG demandent l&rsquo;extradition en Argentine de Maduro pour crimes contre l&rsquo;humanit\u00e9<\/p>\n<p>Des ONG ont appel\u00e9 dimanche la justice argentine \u00e0 demander l&rsquo;extradition de Nicol\u00e1s Maduro vers ce pays d&rsquo;Am\u00e9rique du Sud afin que le pr\u00e9sident v\u00e9n\u00e9zu\u00e9lien y soit poursuivi pour crimes contre l&rsquo;humanit\u00e9, selon un document consult\u00e9 par l&rsquo;AFP.<\/p>\n<p>Le p\u00e9trole recule d&rsquo;environ 1% apr\u00e8s l&rsquo;op\u00e9ration am\u00e9ricaine au Venezuela<\/p>\n<p>Les cours du p\u00e9trole ont recul\u00e9 d&rsquo;environ 1% lundi, en d\u00e9but d&rsquo;\u00e9changes asiatiques, apr\u00e8s l&rsquo;enl\u00e8vement du pr\u00e9sident du Venezuela Nicol\u00e1s Maduro lors d&rsquo;une op\u00e9ration militaire am\u00e9ricaine et face \u00e0 l&rsquo;intention de Washington d&rsquo;exploiter les gigantesques r\u00e9serves de brut du pays.<\/p>\n<p>Silence du Venezuela sur le bilan de l&rsquo;attaque am\u00e9ricaine, 32 Cubains tu\u00e9s<\/p>\n<p>Les h\u00f4pitaux au Venezuela ont refus\u00e9 dimanche de fournir toute information sur les morts et les bless\u00e9s lors de l&rsquo;attaque am\u00e9ricaine samedi, qui a conduit \u00e0 la capture du pr\u00e9sident Nicolas Maduro.<\/p>\n<p>\u00ab\u00a0Nous avons ordre de ne pas fournir d&rsquo;informations\u00a0\u00bb: c&rsquo;est la r\u00e9ponse fournie \u00e0 l&rsquo;AFP dimanche au principal h\u00f4pital militaire du pays. L&rsquo;agence de presse fran\u00e7aise s&rsquo;est rendue dans sept centres m\u00e9dicaux de Caracas sans pouvoir y entrer ni acc\u00e9der aux donn\u00e9es, tandis que circulaient des rapports officieux faisant \u00e9tat de dizaines de d\u00e9c\u00e8s.<\/p>\n<p>   Une organisation regroupant des m\u00e9decins au Venezuela a fait \u00e9tat aupr\u00e8s de l&rsquo;AFP d&rsquo;environ 70 morts et 90 bless\u00e9s. Une source militaire anonyme a indiqu\u00e9 qu&rsquo;il y avait au moins 15 tu\u00e9s.<\/p>\n<p>   Le quotidien New York Times parle, lui, de 80 d\u00e9c\u00e8s, citant une source au sein du gouvernement ; tandis qu&rsquo;un journaliste v\u00e9n\u00e9zu\u00e9lien a publi\u00e9 une liste de 18 noms de militaires et membres du corps de s\u00e9curit\u00e9 de Maduro tu\u00e9s, selon lui.<\/p>\n<p>   Les autorit\u00e9s n&rsquo;ont pas encore fourni de bilan officiel. L&rsquo;AFP a demand\u00e9 \u00e0 trois reprises au gouvernement les chiffres, sans recevoir pour l&rsquo;instant de r\u00e9ponse.<\/p>\n<p>   De son c\u00f4t\u00e9, le gouvernement cubain a indiqu\u00e9 dimanche que 32 de ses ressortissants avaient \u00e9t\u00e9 tu\u00e9s \u00ab\u00a0au cours des combats\u00a0\u00bb lors de l&rsquo;op\u00e9ration militaire am\u00e9ricaine. Dans le m\u00eame temps, le locataire du Bureau ovale a affirm\u00e9 aux journalistes \u00e0 bord d&rsquo;Air Force One que \u00ab\u00a0beaucoup de Cubains\u00a0\u00bb ont perdu la vie, ajoutant qu&rsquo;il y avait \u00ab\u00a0malheureusement beaucoup de morts dans l&rsquo;autre camp\u00a0\u00bb.<\/p>\n<p>Urrutia lance un appel \u00e0 l&rsquo;arm\u00e9e et \u00e0 la lib\u00e9ration des prisonniers politiques<\/p>\n<p>Edmundo Gonz\u00e1lez Urrutia, vainqueur de la pr\u00e9sidentielle de 2024 au Venezuela selon l&rsquo;opposition, a estim\u00e9 dimanche que la capture du pr\u00e9sident Nicolas Maduro \u00e9tait un \u00ab\u00a0pas important mais pas suffisant\u00a0\u00bb vers la \u00ab\u00a0normalisation\u00a0\u00bb du pays.<\/p>\n<p>\u00ab\u00a0La normalisation r\u00e9elle du pays ne sera possible que lorsque tous les V\u00e9n\u00e9zu\u00e9liens priv\u00e9s de libert\u00e9 pour des raisons politiques (&#8230;) seront lib\u00e9r\u00e9s et que la volont\u00e9 majoritaire exprim\u00e9e par le peuple v\u00e9n\u00e9zu\u00e9lien le 28 juillet (2024) sera respect\u00e9e, sans ambigu\u00eft\u00e9\u00a0\u00bb, a-t-il d\u00e9clar\u00e9 dans une vid\u00e9o depuis son exil en Espagne. M. Gonz\u00e1lez Urrutia, qui se consid\u00e8re pr\u00e9sident \u00e9lu du Venezuela, a r\u00e9it\u00e9r\u00e9 son appel \u00e0 l&rsquo;arm\u00e9e, lui demandant \u00ab\u00a0de respecter et de faire respecter\u00a0\u00bb le r\u00e9sultat des \u00e9lections.<\/p>\n<p>Trump r\u00e9it\u00e8re son app\u00e9tit pour le Groenland<\/p>\n<p>Concernant le Groenland, convoit\u00e9 par Donald Trump pour ses importantes ressources mini\u00e8res et son emplacement strat\u00e9gique, le milliardaire r\u00e9publicain a r\u00e9affirm\u00e9 dimanche soir son souhait de le voir passer sous la coupe am\u00e9ricaine, apr\u00e8s que la Premi\u00e8re ministre danoise a exhort\u00e9 les \u00c9tats-Unis \u00e0 \u00ab\u00a0cesser leurs menaces\u00a0\u00bb d&rsquo;annexer le territoire ce week-end.<\/p>\n<p>\u00ab\u00a0Nous avons besoin du Groenland du point de vue de la s\u00e9curit\u00e9 nationale, et le Danemark ne sera pas en mesure de s&rsquo;en occuper\u00a0\u00bb, a-t-il insist\u00e9.<\/p>\n<p>Trump assure que les Etats-Unis \u00ab\u00a0sont aux commandes\u00a0\u00bb<\/p>\n<p>Donald Trump a r\u00e9affirm\u00e9 dimanche que les Etats-Unis \u00e9taient d\u00e9sormais \u00ab\u00a0aux commandes\u00a0\u00bb au Venezuela \u00e0 la suite de la capture du pr\u00e9sident Nicolas Maduro.<\/p>\n<p>\u00ab\u00a0On a affaire \u00e0 des gens qui viennent d&rsquo;\u00eatre investis. Ne me demandez pas qui est aux commandes, car je vous donnerai une r\u00e9ponse qui sera tr\u00e8s controvers\u00e9e\u00a0\u00bb, a d\u00e9clar\u00e9 le pr\u00e9sident am\u00e9ricain \u00e0 bord d&rsquo;Air Force One, en r\u00e9ponse \u00e0 un journaliste lui demandant s&rsquo;il avait parl\u00e9 \u00e0 la dirigeante par int\u00e9rim Delcy Rodriguez.<\/p>\n<p>\u00ab\u00a0Cela signifie que nous sommes aux commandes\u00a0\u00bb, a-t-il ajout\u00e9 face \u00e0 l&rsquo;insistance des journalistes.<\/p>\n<p>Trump affirme que Cuba est \u00ab\u00a0pr\u00eat \u00e0 tomber\u00a0\u00bb<\/p>\n<p>Le pr\u00e9sident Donald Trump a affirm\u00e9 dimanche que Cuba \u00e9tait \u00ab\u00a0pr\u00eat \u00e0 tomber\u00a0\u00bb apr\u00e8s la capture du pr\u00e9sident v\u00e9n\u00e9zu\u00e9lien Nicolas Maduro par les Etats-Unis, mais a minimis\u00e9 la n\u00e9cessit\u00e9 d&rsquo;une intervention militaire am\u00e9ricaine sur l&rsquo;\u00eele.\u00a0<\/p>\n<p>\u00ab\u00a0Cuba est pr\u00eat \u00e0 tomber\u00a0\u00bb, a d\u00e9clar\u00e9 M. Trump aux journalistes \u00e0 bord d&rsquo;Air Force One, estimant qu&rsquo;il serait difficile pour ce pays de \u00ab\u00a0tenir le coup\u00a0\u00bb sans les revenus issus du p\u00e9trole v\u00e9n\u00e9zu\u00e9lien.\u00a0<\/p>\n<p>\u00ab\u00a0Je ne pense pas que nous ayons besoin d&rsquo;agir. Il semble que tout s&rsquo;\u00e9croule\u00a0\u00bb, a-t-il ajout\u00e9.<\/p>\n<p>D\u00e9but du live<\/p>\n<p>Bonjour \u00e0 tous et bienvenue dans ce live !<\/p>\n<p>            Load more        <\/p>\n<p>    <a href=\"https:\/\/www.dhnet.be\/actu\/monde\/2026\/01\/04\/les-etats-unis-nont-pas-atteint-leur-objectif-politique-pourquoi-donald-trump-ne-peut-pas-crier-victoire-malgre-son-succes-militaire-au-venezuela-647FUMQ3XFBAHHMUTK3EDAYWU4\/\" target=\"_self\" class=\"ap-StoryInterstitialLink ap-StoryElement ap-StoryElement--mb\" rel=\"noopener\">\u00ab\u00a0Les \u00c9tats-Unis n&rsquo;ont pas atteint leur objectif politique\u00a0\u00bb : pourquoi Donald Trump ne peut pas crier victoire malgr\u00e9 son succ\u00e8s militaire au Venezuela<\/a><\/p>\n","protected":false},"excerpt":{"rendered":"Entre \u00ab\u00a0Maduro voyou\u00a0\u00bb et \u00ab\u00a0action ill\u00e9gale\u00a0\u00bb, nos politiques sont divis\u00e9s sur l&rsquo;action am\u00e9ricaine au Venezuela Un peu plus&hellip;\n","protected":false},"author":2,"featured_media":641944,"comment_status":"","ping_status":"","sticky":false,"template":"","format":"standard","meta":{"footnotes":""},"categories":[1589],"tags":[11,2120,312,73,1866,12,1864,1865,1863,308,337],"class_list":{"0":"post-641943","1":"post","2":"type-post","3":"status-publish","4":"format-standard","5":"has-post-thumbnail","7":"category-etats-unis","8":"tag-actualites","9":"tag-conflit","10":"tag-diplomatie","11":"tag-etats-unis","12":"tag-etats-unis-damerique","13":"tag-news","14":"tag-united-states","15":"tag-united-states-of-america","16":"tag-us","17":"tag-usa","18":"tag-venezuela"},"share_on_mastodon":{"url":"https:\/\/pubeurope.com\/@fr\/115841225455019336","error":""},"_links":{"self":[{"href":"https:\/\/www.europesays.com\/fr\/wp-json\/wp\/v2\/posts\/641943","targetHints":{"allow":["GET"]}}],"collection":[{"href":"https:\/\/www.europesays.com\/fr\/wp-json\/wp\/v2\/posts"}],"about":[{"href":"https:\/\/www.europesays.com\/fr\/wp-json\/wp\/v2\/types\/post"}],"author":[{"embeddable":true,"href":"https:\/\/www.europesays.com\/fr\/wp-json\/wp\/v2\/users\/2"}],"replies":[{"embeddable":true,"href":"https:\/\/www.europesays.com\/fr\/wp-json\/wp\/v2\/comments?post=641943"}],"version-history":[{"count":0,"href":"https:\/\/www.europesays.com\/fr\/wp-json\/wp\/v2\/posts\/641943\/revisions"}],"wp:featuredmedia":[{"embeddable":true,"href":"https:\/\/www.europesays.com\/fr\/wp-json\/wp\/v2\/media\/641944"}],"wp:attachment":[{"href":"https:\/\/www.europesays.com\/fr\/wp-json\/wp\/v2\/media?parent=641943"}],"wp:term":[{"taxonomy":"category","embeddable":true,"href":"https:\/\/www.europesays.com\/fr\/wp-json\/wp\/v2\/categories?post=641943"},{"taxonomy":"post_tag","embeddable":true,"href":"https:\/\/www.europesays.com\/fr\/wp-json\/wp\/v2\/tags?post=641943"}],"curies":[{"name":"wp","href":"https:\/\/api.w.org\/{rel}","templated":true}]}}