{"id":641946,"date":"2026-01-05T07:07:56","date_gmt":"2026-01-05T07:07:56","guid":{"rendered":"https:\/\/www.europesays.com\/fr\/641946\/"},"modified":"2026-01-05T07:07:56","modified_gmt":"2026-01-05T07:07:56","slug":"30-millions-deuros-voles-dans-une-banque-en-allemagne-selon-la-police","status":"publish","type":"post","link":"https:\/\/www.europesays.com\/fr\/641946\/","title":{"rendered":"30 millions d\u2019euros vol\u00e9s dans une banque en Allemagne selon la police"},"content":{"rendered":"<p>30 millions d\u2019euros vol\u00e9s dans une banque en Allemagne selon la policeSur le m\u00eame sujet<a href=\"https:\/\/www.bfmtv.com\/economie\/replay-emissions\/le-grand-entretien\/video-le-grand-entretien-l-europe-genee-face-a-l-offensive-americaine-05-01_VN-202601050197.html\" title=\"Le Grand entretien : L&#039;Europe g\u00ean\u00e9e face \u00e0 l&#039;offensive am\u00e9ricaine - 05\/01\" target=\"_blank\" rel=\"noopener\"><img width=\"16\" height=\"9\" class=\"lozad\"  alt=\"Le Grand entretien : L'Europe g\u00ean\u00e9e face \u00e0 l'offensive am\u00e9ricaine - 05\/01\"\/>11:19Le Grand entretien : L&rsquo;Europe g\u00ean\u00e9e face \u00e0 l&rsquo;offensive am\u00e9ricaine &#8211; 05\/01<\/a><a href=\"https:\/\/www.bfmtv.com\/international\/europe\/suisse\/video-on-a-fait-tous-les-hopitaux-un-par-un-au-telephone-le-temoignage-du-pere-de-gaetan-serveur-gravement-blesse-dans-l-incendie-a-crans-montana_VN-202601050186.html\" title=\"&quot;On a fait tous les h\u00f4pitaux un par un au t\u00e9l\u00e9phone&quot;: le t\u00e9moignage du p\u00e8re de Ga\u00ebtan, serveur gravement bless\u00e9 dans l&#039;incendie \u00e0 Crans-Montana\" target=\"_blank\" rel=\"noopener\"><img width=\"16\" height=\"9\" class=\"lozad\"  alt=\"&quot;On a fait tous les h\u00f4pitaux un par un au t\u00e9l\u00e9phone&quot;: le t\u00e9moignage du p\u00e8re de Ga\u00ebtan, serveur gravement bless\u00e9 dans l'incendie \u00e0 Crans-Montana\"\/>4:17&Prime;On a fait tous les h\u00f4pitaux un par un au t\u00e9l\u00e9phone\u00a0\u00bb: le t\u00e9moignage du p\u00e8re de Ga\u00ebtan, serveur gravement bless\u00e9 dans l&rsquo;incendie \u00e0 Crans-Montana<\/a><a href=\"https:\/\/www.bfmtv.com\/economie\/replay-emissions\/good-morning-business\/video-l-europe-genee-face-a-l-offensive-americaine_VN-202601050182.html\" title=\"L&#039;Europe g\u00ean\u00e9e face \u00e0 l&#039;offensive am\u00e9ricaine \" target=\"_blank\" rel=\"noopener\"><img width=\"16\" height=\"9\" class=\"lozad\"  alt=\"L'Europe g\u00ean\u00e9e face \u00e0 l'offensive am\u00e9ricaine \"\/>1:13L&rsquo;Europe g\u00ean\u00e9e face \u00e0 l&rsquo;offensive am\u00e9ricaine<\/a><a href=\"https:\/\/www.bfmtv.com\/international\/amerique-nord\/etats-unis\/video-venezuela-le-groenland-l-iran-l-ukraine-ou-encore-le-taiwan-dans-le-viseur-de-donald-trump_VN-202601050153.html\" title=\"\u00c9DITO - Groenland, Iran...quelle sera la prochaine cible de Donald Trump?\" target=\"_blank\" rel=\"noopener\"><img width=\"16\" height=\"9\" class=\"lozad\"  alt=\"\u00c9DITO - Groenland, Iran...quelle sera la prochaine cible de Donald Trump?\"\/>3:45\u00c9DITO &#8211; Groenland, Iran&#8230;quelle sera la prochaine cible de Donald Trump?<\/a><a href=\"https:\/\/www.bfmtv.com\/economie\/replay-emissions\/le-monde-qui-bouge\/video-annalisa-cappellini-apres-maduro-qui-pour-diriger-le-venezuela-05-01_VN-202601050143.html\" title=\"Annalisa Cappellini : Apr\u00e8s Maduro, qui pour diriger le Venezuela ? - 05\/01\" target=\"_blank\" rel=\"noopener\"><img width=\"16\" height=\"9\" class=\"lozad\"  alt=\"Annalisa Cappellini : Apr\u00e8s Maduro, qui pour diriger le Venezuela ? - 05\/01\"\/>4:14Annalisa Cappellini : Apr\u00e8s Maduro, qui pour diriger le Venezuela ? &#8211; 05\/01<\/a><a href=\"https:\/\/www.bfmtv.com\/international\/moyen-orient\/iran\/video-trump-continue-de-menacer-le-cuba-le-groenland-ou-encore-l-iran_VN-202601050123.html\" title=\"Apr\u00e8s le Venezuela, Donald Trump continue de menacer Cuba, le Groenland ou encore l&#039;Iran\" target=\"_blank\" rel=\"noopener\"><img width=\"16\" height=\"9\" class=\"lozad\"  alt=\"Apr\u00e8s le Venezuela, Donald Trump continue de menacer Cuba, le Groenland ou encore l'Iran\"\/>1:41Apr\u00e8s le Venezuela, Donald Trump continue de menacer Cuba, le Groenland ou encore l&rsquo;Iran<\/a><a href=\"https:\/\/www.bfmtv.com\/international\/amerique-nord\/etats-unis\/video-iran-cuba-groenland-donald-trump-enchaine-les-menaces-apres-la-capture-de-nicolas-maduro_VN-202601050087.html\" title=\"Iran, Cuba, Groenland...Donald Trump encha\u00eene les menaces apr\u00e8s la capture de Nicol\u00e1s Maduro\" target=\"_blank\" rel=\"noopener\"><img width=\"16\" height=\"9\" class=\"lozad\"  alt=\"Iran, Cuba, Groenland...Donald Trump encha\u00eene les menaces apr\u00e8s la capture de Nicol\u00e1s Maduro\"\/>1:55Iran, Cuba, Groenland&#8230;Donald Trump encha\u00eene les menaces apr\u00e8s la capture de Nicol\u00e1s Maduro<\/a><a href=\"https:\/\/www.bfmtv.com\/international\/europe\/suisse\/video-5-jours-apres-l-incendie-a-crans-montana-en-suisse-des-zones-d-ombre-demeurent_VN-202601050065.html\" title=\"5 jours apr\u00e8s l&#039;incendie \u00e0 Crans-Montana en Suisse, des zones d&#039;ombre demeurent\" target=\"_blank\" rel=\"noopener\"><img width=\"16\" height=\"9\" class=\"lozad\"  alt=\"5 jours apr\u00e8s l'incendie \u00e0 Crans-Montana en Suisse, des zones d'ombre demeurent\"\/>0:435 jours apr\u00e8s l&rsquo;incendie \u00e0 Crans-Montana en Suisse, des zones d&rsquo;ombre demeurent<\/a><a href=\"https:\/\/www.bfmtv.com\/international\/europe\/suisse\/video-incendie-a-crans-montana-40-personnes-sont-decedees-dont-9-francais-selon-le-dernier-bilan_VN-202601050059.html\" title=\"Incendie \u00e0 Crans-Montana: 40 personnes sont d\u00e9c\u00e9d\u00e9es, dont 9 Fran\u00e7ais, selon le dernier bilan\" target=\"_blank\" rel=\"noopener\"><img width=\"16\" height=\"9\" class=\"lozad\"  alt=\"Incendie \u00e0 Crans-Montana: 40 personnes sont d\u00e9c\u00e9d\u00e9es, dont 9 Fran\u00e7ais, selon le dernier bilan\"\/>1:25Incendie \u00e0 Crans-Montana: 40 personnes sont d\u00e9c\u00e9d\u00e9es, dont 9 Fran\u00e7ais, selon le dernier bilan<\/a><a href=\"https:\/\/www.bfmtv.com\/replay-emissions\/bfm-grand-soir\/video-maduro-capture-l-incroyable-operation-americaine-04-01_VN-202601040352.html\" title=\"Maduro captur\u00e9 : l\u2019incroyable op\u00e9ration am\u00e9ricaine - 04\/01\" target=\"_blank\" rel=\"noopener\"><img width=\"16\" height=\"9\" class=\"lozad\"  alt=\"Maduro captur\u00e9 : l\u2019incroyable op\u00e9ration am\u00e9ricaine - 04\/01\"\/>16:43Maduro captur\u00e9 : l\u2019incroyable op\u00e9ration am\u00e9ricaine &#8211; 04\/01<\/a><a href=\"https:\/\/www.bfmtv.com\/international\/europe\/suisse\/video-incendie-a-crans-montana-la-station-de-ski-rend-hommage-aux-victimes-sur-son-compte-instagram_VN-202601040345.html\" title=\"Incendie \u00e0 Crans-Montana: la station de ski rend hommage aux victimes sur son compte Instagram\" target=\"_blank\" rel=\"noopener\"><img width=\"16\" height=\"9\" class=\"lozad\"  alt=\"Incendie \u00e0 Crans-Montana: la station de ski rend hommage aux victimes sur son compte Instagram\"\/>0:45Incendie \u00e0 Crans-Montana: la station de ski rend hommage aux victimes sur son compte Instagram<\/a><a href=\"https:\/\/www.bfmtv.com\/replay-emissions\/bfm-grand-soir\/video-suisse-le-bilan-s-alourdit-a-9-morts-francais-04-01_VN-202601040342.html\" title=\"Suisse : le bilan s&#039;alourdit \u00e0 9 morts fran\u00e7ais - 04\/01\" target=\"_blank\" rel=\"noopener\"><img width=\"16\" height=\"9\" class=\"lozad\"  alt=\"Suisse : le bilan s'alourdit \u00e0 9 morts fran\u00e7ais - 04\/01\"\/>5:33Suisse : le bilan s&rsquo;alourdit \u00e0 9 morts fran\u00e7ais &#8211; 04\/01<\/a><a href=\"https:\/\/www.bfmtv.com\/international\/amerique-nord\/etats-unis\/video-la-maison-blanche-intensifie-sa-communication-sur-les-reseaux-sociaux-apres-la-capture-de-nicolas-maduro_VN-202601040339.html\" title=\"La Maison Blanche intensifie sa communication sur les r\u00e9seaux sociaux apr\u00e8s la capture de Nicolas Maduro\" target=\"_blank\" rel=\"noopener\"><img width=\"16\" height=\"9\" class=\"lozad\"  alt=\"La Maison Blanche intensifie sa communication sur les r\u00e9seaux sociaux apr\u00e8s la capture de Nicolas Maduro\"\/>1:49La Maison Blanche intensifie sa communication sur les r\u00e9seaux sociaux apr\u00e8s la capture de Nicolas Maduro<\/a><a href=\"https:\/\/www.bfmtv.com\/replay-emissions\/bfm-grand-soir\/video-nicolas-maduro-les-dessous-de-l-operation-04-01_VN-202601040337.html\" title=\"Nicolas Maduro : les dessous de l\u2019op\u00e9ration - 04\/01\" target=\"_blank\" rel=\"noopener\"><img width=\"16\" height=\"9\" class=\"lozad\"  alt=\"Nicolas Maduro : les dessous de l\u2019op\u00e9ration - 04\/01\"\/>15:15Nicolas Maduro : les dessous de l\u2019op\u00e9ration &#8211; 04\/01<\/a><a class=\"jumpToVideo\" target=\"_blank\"><img class=\"thumbnailPreview\"\/><\/a><\/p>\n","protected":false},"excerpt":{"rendered":"30 millions d\u2019euros vol\u00e9s dans une banque en Allemagne selon la policeSur le m\u00eame sujet11:19Le Grand entretien :&hellip;\n","protected":false},"author":2,"featured_media":641947,"comment_status":"","ping_status":"","sticky":false,"template":"","format":"standard","meta":{"footnotes":""},"categories":[1587],"tags":[11,672,1804,1805,1803,1777,674,1801,12,1802],"class_list":{"0":"post-641946","1":"post","2":"type-post","3":"status-publish","4":"format-standard","5":"has-post-thumbnail","7":"category-allemagne","8":"tag-actualites","9":"tag-allemagne","10":"tag-bundesrepublik-deutschland","11":"tag-de","12":"tag-deutschland","13":"tag-eu","14":"tag-europe","15":"tag-germany","16":"tag-news","17":"tag-republique-federale-dallemagne"},"share_on_mastodon":{"url":"https:\/\/pubeurope.com\/@fr\/115841237184100177","error":""},"_links":{"self":[{"href":"https:\/\/www.europesays.com\/fr\/wp-json\/wp\/v2\/posts\/641946","targetHints":{"allow":["GET"]}}],"collection":[{"href":"https:\/\/www.europesays.com\/fr\/wp-json\/wp\/v2\/posts"}],"about":[{"href":"https:\/\/www.europesays.com\/fr\/wp-json\/wp\/v2\/types\/post"}],"author":[{"embeddable":true,"href":"https:\/\/www.europesays.com\/fr\/wp-json\/wp\/v2\/users\/2"}],"replies":[{"embeddable":true,"href":"https:\/\/www.europesays.com\/fr\/wp-json\/wp\/v2\/comments?post=641946"}],"version-history":[{"count":0,"href":"https:\/\/www.europesays.com\/fr\/wp-json\/wp\/v2\/posts\/641946\/revisions"}],"wp:featuredmedia":[{"embeddable":true,"href":"https:\/\/www.europesays.com\/fr\/wp-json\/wp\/v2\/media\/641947"}],"wp:attachment":[{"href":"https:\/\/www.europesays.com\/fr\/wp-json\/wp\/v2\/media?parent=641946"}],"wp:term":[{"taxonomy":"category","embeddable":true,"href":"https:\/\/www.europesays.com\/fr\/wp-json\/wp\/v2\/categories?post=641946"},{"taxonomy":"post_tag","embeddable":true,"href":"https:\/\/www.europesays.com\/fr\/wp-json\/wp\/v2\/tags?post=641946"}],"curies":[{"name":"wp","href":"https:\/\/api.w.org\/{rel}","templated":true}]}}