{"id":641960,"date":"2026-01-05T07:17:16","date_gmt":"2026-01-05T07:17:16","guid":{"rendered":"https:\/\/www.europesays.com\/fr\/641960\/"},"modified":"2026-01-05T07:17:16","modified_gmt":"2026-01-05T07:17:16","slug":"pronostic-james-duckworth-alex-michelsen-atp-brisbane","status":"publish","type":"post","link":"https:\/\/www.europesays.com\/fr\/641960\/","title":{"rendered":"Pronostic James Duckworth Alex Michelsen &#8211; ATP Brisbane"},"content":{"rendered":"<p class=\"text-xs leading-5 text-gray-400 mb-2\">\n                        Publi\u00e9 le 04\/01\/2026 07:18<br \/>\n                        \u00a0par<br \/>\n                                                            <a href=\"https:\/\/www.sportytrader.com\/auteur\/leo-measson-54\/\" target=\"_blank\" rel=\"noopener\">L\u00e9o Measson<\/a><\/p>\n<p>                                                    |<br \/>\n                            Modifi\u00e9 le<br \/>\n                                04\/01\/2026<br \/>\n                                \u00e0 23:15<\/p>\n<p>                                                                                                            dans<br \/>\n                                <a data-trans=\"tips.published.sport %sport%\" href=\"https:\/\/www.sportytrader.com\/pronostics\/tennis\/\" target=\"_blank\" rel=\"noopener\"><br \/>\n                                    Pronostics Tennis<br \/>\n                                <\/a><\/p>\n<p>Le tout premier tournoi ATP 250 de la saison 2026 va d\u00e9buter cette semaine dans la ville australienne de Brisbane ! Et pour les 16e de finale, le public pourra supporter le local australien de 33 ans\u00a0James Duckworth qui affrontera l&rsquo;Am\u00e9ricain de 21 ans\u00a0Alex Michelsen pour tenter de se qualifier pour les 8e de finale.<\/p>\n<p>Entr\u00e9 par les qualifications, James Duckworth a d\u00e9j\u00e0 jou\u00e9 presque 3h en 2026 en remportant ses deux matchs face \u00e0 son compatriote T. Schoolkate puis face au Fran\u00e7ais Terence\u00a0Atmane. Habitu\u00e9 \u00e0 jouer devant son public, l&rsquo;Australien a termin\u00e9 sa saison 2025 par 3 Challengers \u00e0 domicile \u00e0 Brisbane, \u00e0 Sydney o\u00f9 il a su remporter le titre puis \u00e0 Playford 2 o\u00f9 il a atteint les demi-finales face \u00e0 D. Sweeny (182e mondial).\u00a0<\/p>\n<p>Alex Michelsen, de son c\u00f4t\u00e9, a connu de nombreuses d\u00e9faites en fin de saison mais a su gard\u00e9 sa place dans le top 40. N&rsquo;ayant plus jou\u00e9 depuis le mois d&rsquo;octobre, l&rsquo;Am\u00e9ricain devrait arriver avide de victoire et de temps de jeu. Capable de beaux exploits comme \u00e0 Toronto o\u00f9 il avait battu le top 10 Lorenzo Musetti, Alex Michelsen d\u00e9montrer toute son exp\u00e9rience des tournois de ce niveau en dominant assez rapidement son adversaire afin de se qualifier pour le tour suivant.<\/p>\n","protected":false},"excerpt":{"rendered":"Publi\u00e9 le 04\/01\/2026 07:18 \u00a0par L\u00e9o Measson | Modifi\u00e9 le 04\/01\/2026 \u00e0 23:15 dans Pronostics Tennis Le tout&hellip;\n","protected":false},"author":2,"featured_media":641961,"comment_status":"","ping_status":"","sticky":false,"template":"","format":"standard","meta":{"footnotes":""},"categories":[1415],"tags":[34348,74873,1011,27,74872,1817,1821,60,1467],"class_list":{"0":"post-641960","1":"post","2":"type-post","3":"status-publish","4":"format-standard","5":"has-post-thumbnail","7":"category-tennis","8":"tag-alex-michelsen","9":"tag-atp-brisbane","10":"tag-fr","11":"tag-france","12":"tag-james-duckworth","13":"tag-pronostic","14":"tag-pronostics","15":"tag-sports","16":"tag-tennis"},"share_on_mastodon":{"url":"https:\/\/pubeurope.com\/@fr\/115841272536520988","error":""},"_links":{"self":[{"href":"https:\/\/www.europesays.com\/fr\/wp-json\/wp\/v2\/posts\/641960","targetHints":{"allow":["GET"]}}],"collection":[{"href":"https:\/\/www.europesays.com\/fr\/wp-json\/wp\/v2\/posts"}],"about":[{"href":"https:\/\/www.europesays.com\/fr\/wp-json\/wp\/v2\/types\/post"}],"author":[{"embeddable":true,"href":"https:\/\/www.europesays.com\/fr\/wp-json\/wp\/v2\/users\/2"}],"replies":[{"embeddable":true,"href":"https:\/\/www.europesays.com\/fr\/wp-json\/wp\/v2\/comments?post=641960"}],"version-history":[{"count":0,"href":"https:\/\/www.europesays.com\/fr\/wp-json\/wp\/v2\/posts\/641960\/revisions"}],"wp:featuredmedia":[{"embeddable":true,"href":"https:\/\/www.europesays.com\/fr\/wp-json\/wp\/v2\/media\/641961"}],"wp:attachment":[{"href":"https:\/\/www.europesays.com\/fr\/wp-json\/wp\/v2\/media?parent=641960"}],"wp:term":[{"taxonomy":"category","embeddable":true,"href":"https:\/\/www.europesays.com\/fr\/wp-json\/wp\/v2\/categories?post=641960"},{"taxonomy":"post_tag","embeddable":true,"href":"https:\/\/www.europesays.com\/fr\/wp-json\/wp\/v2\/tags?post=641960"}],"curies":[{"name":"wp","href":"https:\/\/api.w.org\/{rel}","templated":true}]}}