{"id":641974,"date":"2026-01-05T07:28:29","date_gmt":"2026-01-05T07:28:29","guid":{"rendered":"https:\/\/www.europesays.com\/fr\/641974\/"},"modified":"2026-01-05T07:28:29","modified_gmt":"2026-01-05T07:28:29","slug":"chateau-gontier-un-realisateur-mayennais-a-filme-la-vie-dune-arriere-grand-mere-legendaire-derriere-son-comptoir","status":"publish","type":"post","link":"https:\/\/www.europesays.com\/fr\/641974\/","title":{"rendered":"Ch\u00e2teau-Gontier. Un r\u00e9alisateur mayennais a film\u00e9 la vie d&rsquo;une arri\u00e8re-grand-m\u00e8re l\u00e9gendaire derri\u00e8re son comptoir"},"content":{"rendered":"<p>\t\t\t\t\t\t\tCommunes.<\/p>\n<p>\t\t\t\t\tLe r\u00e9alisateur mayennais Pierrick Bourgault viendra pr\u00e9senter son premier long-m\u00e9trage documentaire \u00e0 Ch\u00e2teau-Gontier, jeudi 8 janvier, autour de projections-causeries et d&rsquo;une s\u00e9ance de d\u00e9dicace organis\u00e9e avec la librairie M&rsquo;lire Anjou.\t\t\t\t<\/p>\n<p>\n\t\t\t\t\tPubli\u00e9 le<br \/>\n\t\t\t\t\t04\/01\/2026 \u00e0 17h30 &#8211; Par Cl\u00e9mentine Mari\u00e9\t\t\t\t\t<\/p>\n<p>\t\t\t\t\t\t\t\t<img decoding=\"async\" class=\"media illustration\" src=\"https:\/\/www.europesays.com\/fr\/wp-content\/uploads\/2026\/01\/1767598109_992_.jpeg\" width=\"1200\" height=\"578\" loading=\"eager\" fetchpriority=\"high\" alt=\"Ch\u00e2teau-Gontier. Un r\u00e9alisateur mayennais a film\u00e9 la vie d'une arri\u00e8re-grand-m\u00e8re l\u00e9gendaire derri\u00e8re son comptoir\"\/><\/p>\n<p>\t\t\t\t\t\t\t\t\t\t\t\t\t\t\tJeudi 8 janvier \u00e0 14h30 et 20h15, projection-causerie d'\u00a0\u00bbAu fabuleux bistrot de Jeannine\u00a0\u00bb\u00a0au cin\u00e9ma Le Palace \u00e0 Ch\u00e2teau-Gontier. &#8211; Image transmise<\/p>\n","protected":false},"excerpt":{"rendered":"Communes. Le r\u00e9alisateur mayennais Pierrick Bourgault viendra pr\u00e9senter son premier long-m\u00e9trage documentaire \u00e0 Ch\u00e2teau-Gontier, jeudi 8 janvier, autour&hellip;\n","protected":false},"author":2,"featured_media":641975,"comment_status":"","ping_status":"","sticky":false,"template":"","format":"standard","meta":{"footnotes":""},"categories":[1354],"tags":[58,59,1346,1011,27,1360],"class_list":{"0":"post-641974","1":"post","2":"type-post","3":"status-publish","4":"format-standard","5":"has-post-thumbnail","7":"category-films","8":"tag-divertissement","9":"tag-entertainment","10":"tag-films","11":"tag-fr","12":"tag-france","13":"tag-movies"},"share_on_mastodon":{"url":"https:\/\/pubeurope.com\/@fr\/115841315909139741","error":""},"_links":{"self":[{"href":"https:\/\/www.europesays.com\/fr\/wp-json\/wp\/v2\/posts\/641974","targetHints":{"allow":["GET"]}}],"collection":[{"href":"https:\/\/www.europesays.com\/fr\/wp-json\/wp\/v2\/posts"}],"about":[{"href":"https:\/\/www.europesays.com\/fr\/wp-json\/wp\/v2\/types\/post"}],"author":[{"embeddable":true,"href":"https:\/\/www.europesays.com\/fr\/wp-json\/wp\/v2\/users\/2"}],"replies":[{"embeddable":true,"href":"https:\/\/www.europesays.com\/fr\/wp-json\/wp\/v2\/comments?post=641974"}],"version-history":[{"count":0,"href":"https:\/\/www.europesays.com\/fr\/wp-json\/wp\/v2\/posts\/641974\/revisions"}],"wp:featuredmedia":[{"embeddable":true,"href":"https:\/\/www.europesays.com\/fr\/wp-json\/wp\/v2\/media\/641975"}],"wp:attachment":[{"href":"https:\/\/www.europesays.com\/fr\/wp-json\/wp\/v2\/media?parent=641974"}],"wp:term":[{"taxonomy":"category","embeddable":true,"href":"https:\/\/www.europesays.com\/fr\/wp-json\/wp\/v2\/categories?post=641974"},{"taxonomy":"post_tag","embeddable":true,"href":"https:\/\/www.europesays.com\/fr\/wp-json\/wp\/v2\/tags?post=641974"}],"curies":[{"name":"wp","href":"https:\/\/api.w.org\/{rel}","templated":true}]}}