{"id":641976,"date":"2026-01-05T07:29:12","date_gmt":"2026-01-05T07:29:12","guid":{"rendered":"https:\/\/www.europesays.com\/fr\/641976\/"},"modified":"2026-01-05T07:29:12","modified_gmt":"2026-01-05T07:29:12","slug":"comment-gagner-entre-12-et-14-ans-desperance-de-vie-dapres-une-etude","status":"publish","type":"post","link":"https:\/\/www.europesays.com\/fr\/641976\/","title":{"rendered":"Comment gagner entre 12 et 14\u00a0ans d\u2019esp\u00e9rance de vie, d\u2019apr\u00e8s une \u00e9tude\u00a0?"},"content":{"rendered":"<p>    La r\u00e9daction vous conseille<\/p>\n<p>14\u00a0ans de plus pour les femmes, 12\u00a0ans pour les hommes<\/p>\n<p>Selon les chercheurs, le constat est irr\u00e9vocable. \u00c0 partir de 50\u00a0ans, une personne ne pr\u00e9sentant aucun de ces facteurs pourrait vivre 14\u00a0ans <a href=\"https:\/\/www.larepubliquedespyrenees.fr\/sante\/esperance-de-vie-pourquoi-les-femmes-vivent-elles-plus-longtemps-que-les-hommes-26497837.php\" target=\"_blank\" rel=\"noopener\">de plus pour les femmes<\/a> et 12\u00a0ans de plus pour les hommes, qu\u2019une personne impact\u00e9e par un des cinq facteurs cit\u00e9s plus haut. Mieux encore, ces ann\u00e9es suppl\u00e9mentaires seraient surtout v\u00e9cues en meilleure sant\u00e9, avec un risque d\u2019infarctus et d\u2019accident vasculaire c\u00e9r\u00e9bral moindre.<\/p>\n<p>Deux facteurs se d\u00e9tachent nettement\u00a0: le contr\u00f4le de la tension art\u00e9rielle et l\u2019arr\u00eat du tabac. Le premier permet de gagner le plus d\u2019ann\u00e9es sans maladie cardiovasculaire tandis que le second fait gagner le plus d\u2019ann\u00e9es de vie (5 \u00e0 6 ann\u00e9es de vie en moyenne, soit mieux que n\u2019importe m\u00e9dicament). Selon la pr\u00e9sence de ces facteurs, le risque de mourir avant 90\u00a0ans passe de 53 \u00e0 88\u00a0% pour les femmes et de 68 \u00e0 94\u00a0% chez les hommes, d\u2019apr\u00e8s les chercheurs.<\/p>\n<p>    La r\u00e9daction vous conseille<\/p>\n<p>Par ailleurs, plus l\u2019\u00e2ge avance, plus les diff\u00e9rences observ\u00e9es sont consid\u00e9rables. Preuve que ces facteurs influencent tr\u00e8s s\u00e9rieusement la courbe de survie. Si d\u00e8s lors agir reste d\u00e9terminant, les b\u00e9n\u00e9fices sont r\u00e9els, quel que soit l\u2019\u00e2ge auquel on d\u00e9cide de changer. Il n\u2019est donc jamais trop tard pour modifier son mode de vie, afin de vivre plus longtemps et en meilleure sant\u00e9.<\/p>\n","protected":false},"excerpt":{"rendered":"La r\u00e9daction vous conseille 14\u00a0ans de plus pour les femmes, 12\u00a0ans pour les hommes Selon les chercheurs, le&hellip;\n","protected":false},"author":2,"featured_media":641977,"comment_status":"","ping_status":"","sticky":false,"template":"","format":"standard","meta":{"footnotes":""},"categories":[10],"tags":[1011,27,72,71],"class_list":{"0":"post-641976","1":"post","2":"type-post","3":"status-publish","4":"format-standard","5":"has-post-thumbnail","7":"category-sante","8":"tag-fr","9":"tag-france","10":"tag-health","11":"tag-sante"},"share_on_mastodon":{"url":"https:\/\/pubeurope.com\/@fr\/115841319873145404","error":""},"_links":{"self":[{"href":"https:\/\/www.europesays.com\/fr\/wp-json\/wp\/v2\/posts\/641976","targetHints":{"allow":["GET"]}}],"collection":[{"href":"https:\/\/www.europesays.com\/fr\/wp-json\/wp\/v2\/posts"}],"about":[{"href":"https:\/\/www.europesays.com\/fr\/wp-json\/wp\/v2\/types\/post"}],"author":[{"embeddable":true,"href":"https:\/\/www.europesays.com\/fr\/wp-json\/wp\/v2\/users\/2"}],"replies":[{"embeddable":true,"href":"https:\/\/www.europesays.com\/fr\/wp-json\/wp\/v2\/comments?post=641976"}],"version-history":[{"count":0,"href":"https:\/\/www.europesays.com\/fr\/wp-json\/wp\/v2\/posts\/641976\/revisions"}],"wp:featuredmedia":[{"embeddable":true,"href":"https:\/\/www.europesays.com\/fr\/wp-json\/wp\/v2\/media\/641977"}],"wp:attachment":[{"href":"https:\/\/www.europesays.com\/fr\/wp-json\/wp\/v2\/media?parent=641976"}],"wp:term":[{"taxonomy":"category","embeddable":true,"href":"https:\/\/www.europesays.com\/fr\/wp-json\/wp\/v2\/categories?post=641976"},{"taxonomy":"post_tag","embeddable":true,"href":"https:\/\/www.europesays.com\/fr\/wp-json\/wp\/v2\/tags?post=641976"}],"curies":[{"name":"wp","href":"https:\/\/api.w.org\/{rel}","templated":true}]}}