{"id":641984,"date":"2026-01-05T07:33:30","date_gmt":"2026-01-05T07:33:30","guid":{"rendered":"https:\/\/www.europesays.com\/fr\/641984\/"},"modified":"2026-01-05T07:33:30","modified_gmt":"2026-01-05T07:33:30","slug":"plus-grande-quune-tesla-model-s-au-prix-dune-model-3-frandroid","status":"publish","type":"post","link":"https:\/\/www.europesays.com\/fr\/641984\/","title":{"rendered":"plus grande qu\u2019une Tesla Model S au prix d\u2019une Model 3 \u2014 Frandroid"},"content":{"rendered":"<p><strong>De passage \u00e0 Canton, en Chine, nous avons pu approcher la toute nouvelle Xpeng P7+ qui arrive en France. Derri\u00e8re ce nom qui \u00e9voque une simple mise \u00e0 jour se cache en r\u00e9alit\u00e9 une berline \u00e9lectrique particuli\u00e8rement aff\u00fbt\u00e9e pour le march\u00e9 europ\u00e9en. Habitabilit\u00e9 royale, recharge \u00e9clair et tarifs agressifs : voici nos premi\u00e8res impressions.<\/strong><\/p>\n<p><a href=\"https:\/\/images.frandroid.com\/wp-content\/uploads\/2026\/01\/xpeng-p7-robin-minia.jpeg\" target=\"_blank\" class=\"article-content__figure\" rel=\"noopener\"><img fetchpriority=\"high\" decoding=\"async\" loading=\"eager\" width=\"1200\" height=\"800\" src=\"https:\/\/www.europesays.com\/fr\/wp-content\/uploads\/2026\/01\/xpeng-p7-robin-minia.jpeg\" alt=\"\" class=\"wp-image-2926979 wp-image wp-image\"  \/><\/a>Xpeng P7+ (2026) \/\/ Source : Robin Wycke pour Frandroid<\/p>\n<p><a href=\"https:\/\/www.frandroid.com\/produits\/xpeng\" target=\"_blank\" rel=\"noopener\">Xpeng<\/a> n\u2019est plus tout \u00e0 fait un inconnu par chez nous. Apr\u00e8s avoir lanc\u00e9 les SUV <a href=\"https:\/\/www.frandroid.com\/produits\/voitures\/xpeng\/2792559-xpeng-g6-2025\" target=\"_blank\" rel=\"noopener\">G6<\/a> et <a href=\"https:\/\/www.frandroid.com\/produits\/voitures\/xpeng\/2792835-xpeng-g9-2025\" target=\"_blank\" rel=\"noopener\">G9<\/a>, le constructeur chinois s\u2019attaque au gros morceau : la berline routi\u00e8re. La <a href=\"https:\/\/www.frandroid.com\/produits\/voitures\/xpeng\/1437549-xpeng-p7\" target=\"_blank\" rel=\"noopener\">P7<\/a> existait d\u00e9j\u00e0, tout comme la version <a href=\"https:\/\/www.frandroid.com\/produits\/voitures\/xpeng\/2364966-xpeng-p7-plus\" target=\"_blank\" rel=\"noopener\">P7+<\/a> commercialis\u00e9e en Chine, <a href=\"https:\/\/www.frandroid.com\/marques\/xpeng\/2595935_on-a-roule-avec-la-xpeng-p7-une-tesla-model-s-pour-le-prix-dune-model-3\" target=\"_blank\" rel=\"noopener\">qu\u2019on avait pu tester longuement sur route ouverte<\/a> sur place.<\/p>\n<p><a href=\"https:\/\/images.frandroid.com\/wp-content\/uploads\/2026\/01\/xpeng-p7-frandroid-2026-00023.jpg\" target=\"_blank\" class=\"article-content__figure\" rel=\"noopener\"><img loading=\"lazy\" decoding=\"async\" width=\"1200\" height=\"800\" src=\"https:\/\/www.europesays.com\/fr\/wp-content\/uploads\/2026\/01\/xpeng-p7-frandroid-2026-00023-1200x800.jpg\" alt=\"\" class=\"wp-image-2926967 wp-image\"  \/><\/a>Xpeng P7+ (2026) \/\/ Source : Xpeng<\/p>\n<p>Mais cette <a href=\"https:\/\/www.frandroid.com\/marques\/xpeng\/2922649_xpeng-devoile-la-nouvelle-p7-electrique-qui-arrive-en-europe-1-550-km-dautonomie-et-une-recharge-en-12-minutes\" target=\"_blank\" rel=\"noopener\">nouvelle version P7+ 2026 pens\u00e9e pour l\u2019international<\/a> rebat les cartes. Robin, notre vid\u00e9aste expert des voitures \u00e9lectriques a pu passer un moment avec elle sur ses terres natales, en studio, et le moins que l\u2019on puisse dire, c\u2019est qu\u2019elle a de s\u00e9rieux arguments pour venir taquiner la r\u00e9f\u00e9rence am\u00e9ricaine, notamment avec une grille tarifaire d\u00e9sormais connue pour la France.<\/p>\n<p>Vid\u00e9o : notre d\u00e9couverte<\/p>\n<p>\n<iframe loading=\"lazy\" title=\"Voici la XPENG P7+ version Fran\u00e7aise ! Une Tesla Model S au prix d&#039;une Model 3\" width=\"1200\" height=\"675\" src=\"https:\/\/www.youtube.com\/embed\/xGuVcXUX9bk?feature=oembed\" frameborder=\"0\" allow=\"accelerometer; autoplay; clipboard-write; encrypted-media; gyroscope; picture-in-picture; web-share\" referrerpolicy=\"strict-origin-when-cross-origin\" allowfullscreen><\/iframe>\n<\/p>\n<p>Un design qui s\u2019affine (surtout derri\u00e8re)<\/p>\n<p>Au premier coup d\u2019\u0153il, la filiation avec la pr\u00e9c\u00e9dente P7+ est \u00e9vidente. On retrouve cette signature lumineuse traversante \u00e0 l\u2019avant, typique de la marque \u00ab\u00a0Robot Face\u00a0\u00bb. Mais en y regardant de plus pr\u00e8s, le bouclier avant a \u00e9t\u00e9 retravaill\u00e9 avec une lame noire plus carr\u00e9e, plus agressive, qui int\u00e8gre des volets actifs pour le refroidissement. C\u2019est subtil, mais \u00e7a modernise la face avant.<\/p>\n<p><a href=\"https:\/\/images.frandroid.com\/wp-content\/uploads\/2026\/01\/xpeng-p7-frandroid-2026-00020.jpg\" target=\"_blank\" class=\"article-content__figure\" rel=\"noopener\"><img loading=\"lazy\" decoding=\"async\" width=\"1200\" height=\"800\" src=\"https:\/\/www.europesays.com\/fr\/wp-content\/uploads\/2026\/01\/xpeng-p7-frandroid-2026-00020-1200x800.jpg\" alt=\"\" class=\"wp-image-2926961 wp-image\"  \/><\/a>Xpeng P7+ (2026) \/\/ Source : Xpeng<\/p>\n<p>C\u2019est surtout \u00e0 l\u2019arri\u00e8re que le coup de crayon a \u00e9t\u00e9 le plus efficace. Fini le design un peu vieillot de l\u2019ancienne version : on a d\u00e9sormais droit \u00e0 un bandeau LED continu, beaucoup plus fin et moderne. \u00c7a lui donne une gueule plus technologique qui lui manquait un peu, le tout avec un coefficient de tra\u00een\u00e9e (Cd) de 0,211.<\/p>\n<p><a href=\"https:\/\/images.frandroid.com\/wp-content\/uploads\/2026\/01\/xpeng-p7-frandroid-2026-00022.jpg\" target=\"_blank\" class=\"article-content__figure\" rel=\"noopener\"><img loading=\"lazy\" decoding=\"async\" width=\"1200\" height=\"800\" src=\"https:\/\/www.europesays.com\/fr\/wp-content\/uploads\/2026\/01\/xpeng-p7-frandroid-2026-00022-1200x800.jpg\" alt=\"\" class=\"wp-image-2926965 wp-image\"  \/><\/a>Xpeng P7+ (2026) \/\/ Source : Xpeng<\/p>\n<p>C\u00f4t\u00e9 gabarit, on change de cat\u00e9gorie. Avec\u00a0<strong>5,07 m\u00e8tres de long<\/strong>, elle d\u00e9passe all\u00e8grement une Tesla Model 3 (4,72 m). On est sur un beau b\u00e9b\u00e9, plus proche d\u2019une Model S (4,97 m\u00e8tres) dans les dimensions, ce qui pr\u00e9sage du bon pour l\u2019espace \u00e0 bord.<\/p>\n<p>\t\t\t\t\t\t<a href=\"https:\/\/images.frandroid.com\/wp-content\/uploads\/2026\/01\/xpeng-p7-frandroid-2026-00016.jpg\" itemprop=\"url\" target=\"_blank\" rel=\"noopener\"><\/p>\n<p>\t\t\t\t\t\t\t<img decoding=\"async\" class=\"wp-image\" src=\"https:\/\/www.europesays.com\/fr\/wp-content\/uploads\/2026\/01\/xpeng-p7-frandroid-2026-00016.jpg\"  width=\"616\" height=\"410\" loading=\"lazy\" data-original-width=\"616\" data-original-height=\"410\" itemprop=\"http:\/\/schema.org\/image\" title=\"Xpeng P7+ Frandroid 2026 - 00016\" alt=\"Xpeng P7+ (2026) \/\/ Source : Xpeng\" style=\"width: 616px; height: 410px;\"\/><br \/>\n\t\t\t\t\t\t<\/a><\/p>\n<p>\n\t\t\t\t\t\t\t\tXpeng P7+ (2026) \/\/ Source : Xpeng\t\t\t\t\t\t\t<\/p>\n<p>\t\t\t\t\t\t<a href=\"https:\/\/images.frandroid.com\/wp-content\/uploads\/2026\/01\/xpeng-p7-frandroid-2026-00025.jpg\" itemprop=\"url\" target=\"_blank\" rel=\"noopener\"><\/p>\n<p>\t\t\t\t\t\t\t<img decoding=\"async\" class=\"wp-image\" src=\"https:\/\/www.europesays.com\/fr\/wp-content\/uploads\/2026\/01\/xpeng-p7-frandroid-2026-00025.jpg\"  width=\"304\" height=\"203\" loading=\"lazy\" data-original-width=\"304\" data-original-height=\"203\" itemprop=\"http:\/\/schema.org\/image\" title=\"Xpeng P7+ Frandroid 2026 - 00025\" alt=\"Xpeng P7+ (2026) \/\/ Source : Xpeng\" style=\"width: 304px; height: 203px;\"\/><br \/>\n\t\t\t\t\t\t<\/a><\/p>\n<p>\n\t\t\t\t\t\t\t\tXpeng P7+ (2026) \/\/ Source : Xpeng\t\t\t\t\t\t\t<\/p>\n<p>\t\t\t\t\t\t<a href=\"https:\/\/images.frandroid.com\/wp-content\/uploads\/2026\/01\/xpeng-p7-france-2026-00001.jpg\" itemprop=\"url\" target=\"_blank\" rel=\"noopener\"><\/p>\n<p>\t\t\t\t\t\t\t<img decoding=\"async\" class=\"wp-image\" src=\"https:\/\/www.europesays.com\/fr\/wp-content\/uploads\/2026\/01\/xpeng-p7-france-2026-00001.jpg\"  width=\"304\" height=\"203\" loading=\"lazy\" data-original-width=\"304\" data-original-height=\"203\" itemprop=\"http:\/\/schema.org\/image\" title=\"Xpeng P7+ France 2026 - 00001\" alt=\"Xpeng P7+ (2026) \/\/ Source : Robin Wycke pour Frandroid\" style=\"width: 304px; height: 203px;\"\/><br \/>\n\t\t\t\t\t\t<\/a><\/p>\n<p>\n\t\t\t\t\t\t\t\tXpeng P7+ (2026) \/\/ Source : Robin Wycke pour Frandroid\t\t\t\t\t\t\t<\/p>\n<p>Habitabilit\u00e9 : le confort \u00ab\u00a0Z\u00e9ro Gravit\u00e9\u00a0\u00bb<\/p>\n<p>L\u2019avantage d\u2019une voiture de plus de 5 m\u00e8tres avec un empattement de 3 m\u00e8tres, c\u2019est \u00e9videmment l\u2019espace. \u00c0 l\u2019arri\u00e8re, l\u2019espace aux jambes est tout simplement gigantesque. C\u2019est souvent la sp\u00e9cialit\u00e9 des constructeurs chinois, et Xpeng ne d\u00e9roge pas \u00e0 la r\u00e8gle.<\/p>\n<p><a href=\"https:\/\/images.frandroid.com\/wp-content\/uploads\/2026\/01\/xpeng-p7-frandroid-2026-00015.jpg\" target=\"_blank\" class=\"article-content__figure\" rel=\"noopener\"><img loading=\"lazy\" decoding=\"async\" width=\"1200\" height=\"801\" src=\"https:\/\/www.europesays.com\/fr\/wp-content\/uploads\/2026\/01\/xpeng-p7-frandroid-2026-00015-1200x801.jpg\" alt=\"\" class=\"wp-image-2926951 wp-image\"  \/><\/a>Xpeng P7+ (2026) \/\/ Source : Xpeng<\/p>\n<p>Mais la vraie star de l\u2019habitacle, c\u2019est le si\u00e8ge passager (et conducteur selon les versions) avec son mode\u00a0<strong>\u00ab\u00a0Z\u00e9ro Gravit\u00e9\u00a0\u00bb<\/strong>. En appuyant sur un bouton, le si\u00e8ge s\u2019allonge quasi int\u00e9gralement, l\u2019assise remonte pour soutenir les jambes\u2026 on est litt\u00e9ralement couch\u00e9. Avec le toit vitr\u00e9 panoramique au-dessus pour regarder le ciel (ou les \u00e9toiles), c\u2019est une invitation \u00e0 la sieste pendant les (courtes) sessions de recharge.<\/p>\n<p><a href=\"https:\/\/images.frandroid.com\/wp-content\/uploads\/2026\/01\/xpeng-p7-frandroid-2026-00028.jpg\" target=\"_blank\" class=\"article-content__figure\" rel=\"noopener\"><img loading=\"lazy\" decoding=\"async\" width=\"1200\" height=\"800\" src=\"https:\/\/www.europesays.com\/fr\/wp-content\/uploads\/2026\/01\/xpeng-p7-frandroid-2026-00028-1200x800.jpg\" alt=\"\" class=\"wp-image-2926977 wp-image\"  \/><\/a><\/p>\n<p>Le coffre est un autre point fort : contrairement \u00e0 la Model 3 qui a une malle, la P7+ offre un\u00a0<strong>hayon<\/strong>, ce qui facilite grandement le chargement. Le volume officiel est g\u00e9n\u00e9reux :\u00a0<strong>573 dm3<\/strong>\u00a0(725 litres), et jusqu\u2019\u00e0\u00a0<strong>1931 dm3 (2 221 litres)<\/strong>\u00a0une fois les si\u00e8ges rabattus. Xpeng a m\u00eame fait la d\u00e9mo en rentrant 30 valises cabines en couchant les si\u00e8ges. C\u2019est immense.<\/p>\n<p>Infodivertissement : fluide et complet<\/p>\n<p>\u00c0 bord, l\u2019agencement \u00e9volue dans le bon sens. On conserve l\u2019\u00e9cran central de 15,6 pouces et l\u2019instrumentation num\u00e9rique (le m\u00eame que sur la nouvelle P7 chinoise) derri\u00e8re le volant, mais la nouvelle P7+ ajoute enfin ce qui manquait cruellement : un\u00a0<strong>affichage t\u00eate haute (HUD)<\/strong>. C\u2019est un confort de conduite ind\u00e9niable pour garder les yeux sur la route.<\/p>\n<p><a href=\"https:\/\/images.frandroid.com\/wp-content\/uploads\/2026\/01\/xpeng-p7-frandroid-2026-00005.jpg\" target=\"_blank\" class=\"article-content__figure\" rel=\"noopener\"><img loading=\"lazy\" decoding=\"async\" width=\"1200\" height=\"801\" src=\"https:\/\/www.europesays.com\/fr\/wp-content\/uploads\/2026\/01\/xpeng-p7-frandroid-2026-00005-1200x801.jpg\" alt=\"\" class=\"wp-image-2926931 wp-image\"  \/><\/a>Xpeng P7+ (2026) \/\/ Source : Xpeng<\/p>\n<p>Sous le capot num\u00e9rique, Xpeng a int\u00e9gr\u00e9 une nouvelle puce Turing. Pour faire simple : c\u2019est trois fois plus puissant que la g\u00e9n\u00e9ration pr\u00e9c\u00e9dente. L\u2019interface est fluide, r\u00e9active, et tout est pr\u00eat pour g\u00e9rer la masse de donn\u00e9es des capteurs.<\/p>\n<p><a href=\"https:\/\/images.frandroid.com\/wp-content\/uploads\/2026\/01\/xpeng-p7-frandroid-2026-00001.jpg\" target=\"_blank\" class=\"article-content__figure\" rel=\"noopener\"><img loading=\"lazy\" decoding=\"async\" width=\"1200\" height=\"800\" src=\"https:\/\/www.europesays.com\/fr\/wp-content\/uploads\/2026\/01\/xpeng-p7-frandroid-2026-00001-1200x800.jpg\" alt=\"\" class=\"wp-image-2926923 wp-image\"  \/><\/a>Xpeng P7+ (2026) \/\/ Source : Xpeng<\/p>\n<p>Aides \u00e0 la conduite : la vision Tesla<\/p>\n<p>Xpeng a fait un choix technique int\u00e9ressant qui le rapproche de Tesla : l\u2019abandon du LiDAR. Tout le syst\u00e8me repose d\u00e9sormais sur la vision par cam\u00e9ra (la voiture en compte 11) et les radars, le tout g\u00e9r\u00e9 par la solution maison \u00ab\u00a0AI Eagle Eye Vision\u00a0\u00bb.<\/p>\n<p><a href=\"https:\/\/images.frandroid.com\/wp-content\/uploads\/2026\/01\/xpeng-p7-france-2026-00009.jpg\" target=\"_blank\" class=\"article-content__figure\" rel=\"noopener\"><img loading=\"lazy\" decoding=\"async\" width=\"1200\" height=\"802\" src=\"https:\/\/www.europesays.com\/fr\/wp-content\/uploads\/2026\/01\/xpeng-p7-france-2026-00009-1200x802.jpg\" alt=\"\" class=\"wp-image-2926891 wp-image\"  \/><\/a>Xpeng P7+ (2026) \/\/ Source : Robin Wycke pour Frandroid<\/p>\n<p>Le constructeur promet que le syst\u00e8me est capable de voir plus loin et plus pr\u00e9cis\u00e9ment qu\u2019avant. Si la conduite autonome totale (XNGP) reste un sujet complexe l\u00e9galement en Europe, le mat\u00e9riel est l\u00e0, et Xpeng a pour habitude de ne pas facturer ces options au prix fort, voire de les inclure de s\u00e9rie. Un tacle direct \u00e0 la politique tarifaire de l\u2019am\u00e9ricain.<\/p>\n<p>Moteurs et performances<\/p>\n<p>La gamme fran\u00e7aise s\u2019articule autour de trois versions aux performances bien distinctes :<\/p>\n<ul class=\"wp-block-list\">\n<li><strong>Standard Range Pro<\/strong>\u00a0: Propulsion de\u00a0<strong>245 ch<\/strong>\u00a0(180 kW). Le 0 \u00e0 100 km\/h est abattu en 6,9 secondes.<\/li>\n<li><strong>Long Range Pro<\/strong>\u00a0: Propulsion plus muscl\u00e9e de\u00a0<strong>313 ch<\/strong>\u00a0(230 kW), qui descend le chrono \u00e0 6,2 secondes.<\/li>\n<li><strong>Performance AWD Pro<\/strong>\u00a0: La version sportive \u00e0 quatre roues motrices cumule\u00a0<strong>503 ch<\/strong>\u00a0(370 kW) pour un 0 \u00e0 100 km\/h exp\u00e9di\u00e9 en seulement\u00a0<strong>4,3 secondes<\/strong>.<\/li>\n<\/ul>\n<p><a href=\"https:\/\/images.frandroid.com\/wp-content\/uploads\/2026\/01\/xpeng-p7-france-2026-00008.jpg\" target=\"_blank\" class=\"article-content__figure\" rel=\"noopener\"><img loading=\"lazy\" decoding=\"async\" width=\"1200\" height=\"802\" src=\"https:\/\/www.europesays.com\/fr\/wp-content\/uploads\/2026\/01\/xpeng-p7-france-2026-00008-1200x802.jpg\" alt=\"\" class=\"wp-image-2926889 wp-image\"  \/><\/a>Xpeng P7+ (2026) \/\/ Source : Robin Wycke pour Frandroid<\/p>\n<p>C\u00f4t\u00e9 consommation, Xpeng annonce des chiffres WLTP d\u00e9cevants face \u00e0 Tesla, s\u2019\u00e9chelonnant de\u00a0<strong>15,2 kWh\/100 km<\/strong>\u00a0pour l\u2019entr\u00e9e de gamme \u00e0 17,4 kWh\/100 km pour la version Performance. Des consommations sup\u00e9rieures \u00e0 celles d\u2019une Tesla Model Y.<\/p>\n<p>Batterie et recharge : l\u2019argument massue<\/p>\n<p>C\u2019est ici que la P7+ frappe tr\u00e8s fort. La voiture repose sur une architecture 800 volts avec des batteries LFP (Lithium-Fer-Phosphate, sans cobalt).<\/p>\n<ul class=\"wp-block-list\">\n<li><strong>Batterie 61,7 kWh<\/strong>\u00a0(Standard) : Autonomie\u00a0<strong>WLTP de 455 km<\/strong>.<\/li>\n<li><strong>Batterie 74,9 kWh<\/strong>\u00a0(Long Range &amp; Performance) : Autonomie\u00a0<strong>WLTP de 530 km<\/strong>\u00a0(500 km pour la version Performance).<\/li>\n<\/ul>\n<p><a href=\"https:\/\/images.frandroid.com\/wp-content\/uploads\/2026\/01\/xpeng-p7-frandroid-2026-00024.jpg\" target=\"_blank\" class=\"article-content__figure\" rel=\"noopener\"><img loading=\"lazy\" decoding=\"async\" width=\"1200\" height=\"800\" src=\"https:\/\/www.europesays.com\/fr\/wp-content\/uploads\/2026\/01\/xpeng-p7-frandroid-2026-00024-1200x800.jpg\" alt=\"\" class=\"wp-image-2926969 wp-image\"  \/><\/a>Xpeng P7+ (2026) \/\/ Source : Xpeng<\/p>\n<p>Si l\u2019autonomie peut para\u00eetre juste face \u00e0 certaines concurrentes \u00e0 grosse batterie (750 km pour la Tesla Model 3 Grande AUtonomie), Xpeng mise tout sur la vitesse de charge. Gr\u00e2ce \u00e0 une puissance de charge pic de\u00a0<strong>350 kW<\/strong>\u00a0(petite batterie) \u00e0\u00a0<strong>446 kW<\/strong>\u00a0(grosse batterie), le\u00a0<strong>10 \u00e0 80 % est exp\u00e9di\u00e9 en seulement 12 minutes<\/strong>. Sur un trajet Paris \u2013 Marseille, la pause recharge devient plus courte que la pause caf\u00e9 \/ pipi.<\/p>\n<p>Prix et disponibilit\u00e9 : \u00e0 partir de 45 990 \u20ac<\/p>\n<p>Les tarifs fran\u00e7ais viennent de tomber et ils sont agressifs pour une berline de 5 m\u00e8tres sur\u00e9quip\u00e9e :<\/p>\n<ul class=\"wp-block-list\">\n<li><strong>Standard Range Pro : 45 990 euros<\/strong><\/li>\n<li><strong>Long Range Pro : 49 990 euros<\/strong><\/li>\n<li><strong>Performance AWD Pro : 53 990 euros<\/strong><\/li>\n<\/ul>\n<p>\u00c0\u00a0<strong>45 990 <\/strong>euros, la P7+ se place frontalement face \u00e0 la Tesla Model 3 Propulsion, mais en offrant beaucoup plus d\u2019espace, un hayon, et une technologie de charge 800 volts bien sup\u00e9rieure.<\/p>\n<p><a href=\"https:\/\/images.frandroid.com\/wp-content\/uploads\/2026\/01\/xpeng-p7-france-2026-00005.jpg\" target=\"_blank\" class=\"article-content__figure\" rel=\"noopener\"><img loading=\"lazy\" decoding=\"async\" width=\"1200\" height=\"802\" src=\"https:\/\/www.europesays.com\/fr\/wp-content\/uploads\/2026\/01\/xpeng-p7-france-2026-00005-1200x802.jpg\" alt=\"\" class=\"wp-image-2926883 wp-image\"  \/><\/a>Xpeng P7+ (2026) \/\/ Source : Robin Wycke pour Frandroid<\/p>\n<p>Reste \u00e0 voir si l\u2019autonomie un peu plus faible de la version de base sera un frein pour les acheteurs, ou si la charge ultra-rapide suffira \u00e0 convaincre. Surtout quand en face, la Tesla Model 3 d\u00e9marre \u00e0 36 990 euros.<\/p>\n<p>De notre c\u00f4t\u00e9, on attend de pouvoir la conduire sur route ouverte, pour nous faire un avis plus pr\u00e9cis. Mais ce qui est s\u00fbr, c\u2019est que cette nouvelle Xpeng P7+ apporte un vent de fraicheur dans l\u2019univers des berlines \u00e9lectriques sous la barre des 50 000 euros en France.<\/p>\n","protected":false},"excerpt":{"rendered":"De passage \u00e0 Canton, en Chine, nous avons pu approcher la toute nouvelle Xpeng P7+ qui arrive en&hellip;\n","protected":false},"author":2,"featured_media":641985,"comment_status":"","ping_status":"","sticky":false,"template":"","format":"standard","meta":{"footnotes":""},"categories":[6],"tags":[35,33,34,1011,27,73897,50884],"class_list":{"0":"post-641984","1":"post","2":"type-post","3":"status-publish","4":"format-standard","5":"has-post-thumbnail","7":"category-economie","8":"tag-business","9":"tag-economie","10":"tag-economy","11":"tag-fr","12":"tag-france","13":"tag-xpeng-p7-plus","14":"tag-xpeng-p7"},"share_on_mastodon":{"url":"https:\/\/pubeurope.com\/@fr\/115841336183771588","error":""},"_links":{"self":[{"href":"https:\/\/www.europesays.com\/fr\/wp-json\/wp\/v2\/posts\/641984","targetHints":{"allow":["GET"]}}],"collection":[{"href":"https:\/\/www.europesays.com\/fr\/wp-json\/wp\/v2\/posts"}],"about":[{"href":"https:\/\/www.europesays.com\/fr\/wp-json\/wp\/v2\/types\/post"}],"author":[{"embeddable":true,"href":"https:\/\/www.europesays.com\/fr\/wp-json\/wp\/v2\/users\/2"}],"replies":[{"embeddable":true,"href":"https:\/\/www.europesays.com\/fr\/wp-json\/wp\/v2\/comments?post=641984"}],"version-history":[{"count":0,"href":"https:\/\/www.europesays.com\/fr\/wp-json\/wp\/v2\/posts\/641984\/revisions"}],"wp:featuredmedia":[{"embeddable":true,"href":"https:\/\/www.europesays.com\/fr\/wp-json\/wp\/v2\/media\/641985"}],"wp:attachment":[{"href":"https:\/\/www.europesays.com\/fr\/wp-json\/wp\/v2\/media?parent=641984"}],"wp:term":[{"taxonomy":"category","embeddable":true,"href":"https:\/\/www.europesays.com\/fr\/wp-json\/wp\/v2\/categories?post=641984"},{"taxonomy":"post_tag","embeddable":true,"href":"https:\/\/www.europesays.com\/fr\/wp-json\/wp\/v2\/tags?post=641984"}],"curies":[{"name":"wp","href":"https:\/\/api.w.org\/{rel}","templated":true}]}}