{"id":641993,"date":"2026-01-05T07:37:19","date_gmt":"2026-01-05T07:37:19","guid":{"rendered":"https:\/\/www.europesays.com\/fr\/641993\/"},"modified":"2026-01-05T07:37:19","modified_gmt":"2026-01-05T07:37:19","slug":"saint-etienne-figure-du-sport-automobile-fernand-verriere-sen-est-alle","status":"publish","type":"post","link":"https:\/\/www.europesays.com\/fr\/641993\/","title":{"rendered":"Saint-\u00c9tienne. Figure du sport automobile, Fernand Verri\u00e8re s\u2019en est all\u00e9"},"content":{"rendered":"<p>Le sport automobile r\u00e9gional a perdu une grande personnalit\u00e9 ce dimanche 4 janvier. Fernand Verri\u00e8re, est d\u00e9c\u00e9d\u00e9, \u00e0 82 ans, des suites d\u2019une longue maladie.<\/p>\n<p>Les plus jeunes n\u2019auront entendu parler de lui qu\u2019\u00e0 travers sa passion pour les rallyes. Mais la g\u00e9n\u00e9ration pr\u00e9c\u00e9dente aura \u00e9galement d\u00e9couvert, d\u00e8s les ann\u00e9es 70, son amour du sport et du football en particulier. <a href=\"https:\/\/www.leprogres.fr\/loire-42-edition-saint-etienne-metropole\/2018\/02\/21\/pleins-feux-sur-fernand-verriere\" target=\"_blank\" rel=\"noopener\">Joueur, dirigeant puis pr\u00e9sident du COT Terrenoire (de 1971 \u00e0 1982)<\/a>, Fernand Verri\u00e8re \u00e9tait une personnalit\u00e9 bien ancr\u00e9e dans ce quartier de Saint-Etienne. Il a d\u00e9but\u00e9 sa carri\u00e8re professionnelle au garage Daguerre comme apprenti m\u00e9cano, avant de travailler un peu plus tard au garage Fourneyron o\u00f9 il r\u00e9parait des bateaux \u00e0 Saint-Victor-sur-Loire. Pour s\u2019\u00e9tablir ensuite \u00e0 son compte rue de Lyon \u00e0 Terrenoire. Avec son complice Jean-Paul Verne, fondateur de la classe foot de Terrenoire, il a beaucoup \u0153uvr\u00e9 en faveur des jeunes.<\/p>\n<p>L\u00e0-bas, il \u00e9tait connu comme le loup blanc. Une expression qui lui allait comme un gant. D\u2019ailleurs, on ne citait jamais o\u00f9 se situait son garage. Tout le monde disait : \u00ab On va chez Fernand, on se retrouve l\u00e0-bas \u00bb. Un point stop pour tous les passionn\u00e9s de rallyes automobile.<\/p>\n<p>  La passion du rallye et lien fort avec son ami G\u00e9rard Farison<\/p>\n<p>Affable, farceur, il n\u2019engendrait pas la m\u00e9lancolie. Et il fallait pr\u00e9senter un bon sens de l\u2019humour \u00e0 qui le c\u00f4toyait. Ceux qui prenaient tout au premier degr\u00e9, \u00e9taient vite d\u00e9rout\u00e9s. Dans un milieu auto o\u00f9 l\u2019on est prompt \u00e0 rouler des m\u00e9caniques, il fallait savoir en imposer. Il avait le sens des responsabilit\u00e9s et fut ainsi le pr\u00e9sident de l\u2019ASA Forez (1996-2000) mais aussi \u00e9lu \u00e0 la Ligue Rh\u00f4ne-Alpes comme directeur de course ou superviseur, et un fervent soutien de la coupe de France des rallyes. Son temp\u00e9rament bien tremp\u00e9, lui a valu quelques inimiti\u00e9s, mais ce sont ces forts caract\u00e8res qui font avancer la soci\u00e9t\u00e9.<\/p>\n<p>Il savait aussi se montrer \u00e0 l\u2019\u00e9coute. Il s\u2019enqu\u00e9rait de tout et de tous. Comme avec Marie-No\u00eblle Faure, un poids plume dans le baquet de droite de sa R5 Turbo Tour de Corse. De ce duo pilote &#8211; copilote, elle lui d\u00e9montrera que la force ne se mesure pas uniquement par la masse musculaire. En tout, l\u2019\u00e9quipage remportera plusieurs dizaines d\u2019\u00e9preuves entre 1982 et 1992.<\/p>\n<p>Dans la vie de tous les jours, il formait avec Monique, son \u00e9pouse, un couple chaleureux, bienveillant, tourn\u00e9 vers le sens du partage. Avec une parfaite r\u00e9partition des t\u00e2ches. Ils ont transmis ces valeurs \u00e0 leurs enfants \u00e0 une \u00e9poque o\u00f9 ce terme n\u2019\u00e9tait pas encore galvaud\u00e9. Puis il a aussi nou\u00e9 des liens inali\u00e9nables, avec le footballeur de l\u2019ASSE de l\u2019\u00e9pop\u00e9e 76, G\u00e9rard Farison. Un autre Terran\u00e9en.<\/p>\n<p>  \u00c0 Eindhoven en voiture en un temps record<\/p>\n<p><a href=\"https:\/\/www.leprogres.fr\/sport\/2021\/07\/30\/asse-gerard-farison-cet-attachant-tachan\" target=\"_blank\" rel=\"noopener\">C\u2019est lui qui a permis \u00e0 Tachan (alors joueur amateur au COT) de signer avec l\u2019ASSE<\/a>, un contrat de non-sollicitation sur la fen\u00eatre de son garage. Le foot et l\u2019automobile ont guid\u00e9 sa vie. Alors, quand il pouvait concilier les deux\u2026 Comme lors de cette mont\u00e9e expresse (tr\u00e8s), vers Eindhoven en voiture lors de la demi-finale retour des clubs Champions. \u00ab Nous \u00e9tions partis \u00e0 3 h 30 du matin et \u00e0 midi, on buvait l\u2019ap\u00e9ro sur place. Et encore, nous avions \u00e9t\u00e9 stopp\u00e9s durant une heure \u00e0 la fronti\u00e8re parce que je n\u2019avais pas le \u201cF\u201d sur la Mercedes \u00bb, plaisantait-il. Il sera aussi du d\u00e9placement \u00e0 Glasgow, m\u00eame si son ami G\u00e9rard Farison, la jambe dans le pl\u00e2tre, ne pouvait \u00eatre sur le terrain. Le sport automobile a perdu un personnage attachant, les Terran\u00e9ens, une figure.<\/p>\n<p>Ce rallyman \u00e9m\u00e9rite a marqu\u00e9 son dernier point stop, ce dimanche 4 janvier 2026. \u00c0 Monique son \u00e9pouse, Val\u00e9rie, Laurent et Gr\u00e9gory ses enfants, \u00e0 notre confr\u00e8re Yves et \u00e0 l\u2019ensemble de sa famille, notre journal pr\u00e9sente ses sinc\u00e8res condol\u00e9ances.<\/p>\n","protected":false},"excerpt":{"rendered":"Le sport automobile r\u00e9gional a perdu une grande personnalit\u00e9 ce dimanche 4 janvier. Fernand Verri\u00e8re, est d\u00e9c\u00e9d\u00e9, \u00e0&hellip;\n","protected":false},"author":2,"featured_media":641994,"comment_status":"","ping_status":"","sticky":false,"template":"","format":"standard","meta":{"footnotes":""},"categories":[9653],"tags":[1111,11,4000,1976,2430,7539,1777,674,63,1011,27,12,25,4001,7538,517],"class_list":{"0":"post-641993","1":"post","2":"type-post","3":"status-publish","4":"format-standard","5":"has-post-thumbnail","7":"category-saint-etienne","8":"tag-actu","9":"tag-actualites","10":"tag-asse-as-saint-etienne-football","11":"tag-auto-moto","12":"tag-auvergne-rhone-alpes","13":"tag-edition-loire-sud","14":"tag-eu","15":"tag-europe","16":"tag-football","17":"tag-fr","18":"tag-france","19":"tag-news","20":"tag-republique-francaise","21":"tag-saint-etienne","22":"tag-saint-etienne-ville","23":"tag-sport"},"share_on_mastodon":{"url":"https:\/\/pubeurope.com\/@fr\/115841351229246835","error":""},"_links":{"self":[{"href":"https:\/\/www.europesays.com\/fr\/wp-json\/wp\/v2\/posts\/641993","targetHints":{"allow":["GET"]}}],"collection":[{"href":"https:\/\/www.europesays.com\/fr\/wp-json\/wp\/v2\/posts"}],"about":[{"href":"https:\/\/www.europesays.com\/fr\/wp-json\/wp\/v2\/types\/post"}],"author":[{"embeddable":true,"href":"https:\/\/www.europesays.com\/fr\/wp-json\/wp\/v2\/users\/2"}],"replies":[{"embeddable":true,"href":"https:\/\/www.europesays.com\/fr\/wp-json\/wp\/v2\/comments?post=641993"}],"version-history":[{"count":0,"href":"https:\/\/www.europesays.com\/fr\/wp-json\/wp\/v2\/posts\/641993\/revisions"}],"wp:featuredmedia":[{"embeddable":true,"href":"https:\/\/www.europesays.com\/fr\/wp-json\/wp\/v2\/media\/641994"}],"wp:attachment":[{"href":"https:\/\/www.europesays.com\/fr\/wp-json\/wp\/v2\/media?parent=641993"}],"wp:term":[{"taxonomy":"category","embeddable":true,"href":"https:\/\/www.europesays.com\/fr\/wp-json\/wp\/v2\/categories?post=641993"},{"taxonomy":"post_tag","embeddable":true,"href":"https:\/\/www.europesays.com\/fr\/wp-json\/wp\/v2\/tags?post=641993"}],"curies":[{"name":"wp","href":"https:\/\/api.w.org\/{rel}","templated":true}]}}