{"id":641999,"date":"2026-01-05T07:44:19","date_gmt":"2026-01-05T07:44:19","guid":{"rendered":"https:\/\/www.europesays.com\/fr\/641999\/"},"modified":"2026-01-05T07:44:19","modified_gmt":"2026-01-05T07:44:19","slug":"une-premiere-depuis-sept-ans","status":"publish","type":"post","link":"https:\/\/www.europesays.com\/fr\/641999\/","title":{"rendered":"une premi\u00e8re depuis sept ans"},"content":{"rendered":"<p>                    Par<br \/>\n        <strong><br \/>\n            <a href=\"https:\/\/actu.fr\/auteur\/lucas-bertolotto\" title=\"Consulter tous les articles de Lucas Bertolotto\" target=\"_blank\" rel=\"noopener\">Lucas Bertolotto<\/a><br \/>\n                    <\/strong><\/p>\n<p>        Publi\u00e9 le<\/p>\n<p>            4 janv. 2026 \u00e0 23h33        <\/p>\n<p>C\u2019est une v\u00e9ritable gifle re\u00e7ue par le <strong>Rugby Club Toulonnais<\/strong>. Comme depuis quelques semaines, le club varois n\u2019a pas brill\u00e9 \u00e0 l\u2019ext\u00e9rieur dimanche soir sur le terrain de <strong>La Rochelle<\/strong> et s\u2019est lourdement inclin\u00e9 (0-66). C\u2019est m\u00eame la plus grosse d\u00e9faite de la saison pour les hommes de <strong>Pierre Mignoni<\/strong> qui avait fait le pari <a href=\"https:\/\/actu.fr\/sports\/rugby\/pro\/toevalu-sreckovic-moreau-gracieux-le-rct-assume-sa-jeune-garde-pour-se-rendre-a-la-rochelle_63647937.html\" target=\"_blank\" rel=\"noopener\">de la jeunesse<\/a> pour cette <a href=\"https:\/\/actu.fr\/sports\/rugby\/pro\/paris-sur-le-podium-les-talonneurs-voient-triple-ce-qu-il-faut-retenir-de-la-14e-journee-de-top-14_63647814.html\" target=\"_blank\" rel=\"noopener\">quatorzi\u00e8me journ\u00e9e<\/a> de Top 14.<\/p>\n<p>Un score qui fera date pour le RC Toulon<\/p>\n<p class=\" wall-content\">Les d\u00e9placements se suivent et se ressemblent pour le <strong>RC Toulon<\/strong>. Si Pierre Mignoni a d\u00fb appr\u00e9cier l\u2019engagement mis par ses jeunes joueurs ce dimanche \u00e0 <strong>La Rochelle<\/strong>, il ne doit pas \u00eatre satisfait d\u2019encaisser une nouvelle claque \u00e0 l\u2019ext\u00e9rieur, la pire de la saison. Les Varois repartent Fanny de Charente-Maritime, une premi\u00e8re depuis sept ans.\u00a0<\/p>\n<p class=\" wall-content\">\n<p class=\" wall-content\">Il n\u2019y a pas eu match ce dimanche pour les jeunes joueurs du <strong>RCT<\/strong> face aux doubles champions d\u2019Europe 2022 et 2023. L\u2019\u00e9cart \u00e9tait cons\u00e9quent sur le terrain comme au tableau d\u2019affichage avec dix essais encaiss\u00e9s au total par les Toulonnais au stade Marcel-Deflandre. Au-del\u00e0 de la barre symbolique des soixante points largement d\u00e9pass\u00e9e, c\u2019est le compteur de <strong>Toulon<\/strong> bloqu\u00e9 \u00e0 z\u00e9ro qui pourrait faire mal.\u00a0<\/p>\n<blockquote class=\"ac-article-quote wall-content\">\n<p>\u00ab Les points vont couter cher, c&rsquo;est clair, car on sait que le Top 14 est de plus en plus relev\u00e9 et serr\u00e9. Mais on a des blessures, c&rsquo;\u00e9tait un choix du staff de faire \u00e7a et on fera les comptes \u00e0 la fin de la saison. \u00bb<\/p>\n<p>    <strong>Mathieu Smaili<\/strong><br \/>\n        Trois-quarts centre de Toulon au micro de Canal+    <\/p><\/blockquote>\n<p class=\" wall-content\">Il faut remonter au 30 d\u00e9cembre 2018 pour retrouver la trace d\u2019une formation toulonnaise incapable d\u2019inscrire le moindre point lors d\u2019un match de <strong>Top 14<\/strong>. Ce soir-l\u00e0, Guilhem Guirado, Louis Carbonel, <strong>Mathieu Bastareaud<\/strong> ou encore Josua Tuisova s\u2019\u00e9taient lourdement inclin\u00e9s chez le <strong>Stade Toulousain<\/strong> mais n\u2019avaient encaiss\u00e9 \u00ab\u00a0que\u00a0\u00bb 39 points (39-0).<\/p>\n<p class=\" wall-content\">\u00ab On venait surtout pour chercher un \u00e9tat d\u2019esprit, a confi\u00e9 <strong>Mathieu Smaili<\/strong> au micro de Canal+ \u00e0 l\u2019issue de la partie. Les jeunes se sont envoy\u00e9s mais on connait La Rochelle et quand ils sont en confiance comme \u00e7a, \u00e7a devient compliqu\u00e9. Je pense qu\u2019il y avait une marge de diff\u00e9rence m\u00eame si on a essay\u00e9, on s\u2019est accroch\u00e9s et on n\u2019a pas l\u00e2ch\u00e9. Le score est dur ce soir mais c\u2019est comme \u00e7a. \u00bb<\/p>\n<p>La Rochelle n\u2019avait plus connu un tel \u00e9cart depuis 2021<\/p>\n<p class=\" wall-content\">Lors de l\u2019ann\u00e9e 2013, le <strong>RC Toulon<\/strong> \u00e9tait \u00e9galement reparti Fanny \u00e0 deux reprises de d\u00e9placements en Top 14. Un premier revers \u00e0 <strong>Bordeaux<\/strong> le 9 f\u00e9vrier (0-41), puis un second bien moins cons\u00e9quent chez le <strong>Stade Fran\u00e7ais<\/strong> le 30 novembre (0-23). Il faut vraiment regarder loin dans les ann\u00e9es pr\u00e9c\u00e9dentes pour retrouver une telle d\u00e9b\u00e2cle varoise, le 15 avril 2006 sur le terrain de <strong>Montpellier<\/strong> (0-65).<\/p>\n<p>Votre r\u00e9gion, votre actu !<\/p>\n<p>Recevez chaque jour les infos qui comptent pour vous.<\/p>\n<p>\t<a href=\"https:\/\/actu.fr\/newsletter\" class=\"ac-btn ac-btn--corner ac-btn--medium ac-btn--blue800\" target=\"_blank\" rel=\"noopener\">S&rsquo;incrire<\/a><\/p>\n<p class=\" wall-content\">\n<p class=\" wall-content\">De son c\u00f4t\u00e9, le <strong>Stade Rochelais<\/strong> a repris des couleurs ce dimanche devant son public apr\u00e8s <a href=\"https:\/\/actu.fr\/sports\/rugby\/top-14\/top-14-toulouse-champion-d-automne-le-recital-d-antoine-dupont-face-a-la-rochelle_63628735.html\" target=\"_blank\" rel=\"noopener\">sa d\u00e9ception<\/a> \u00e0 Toulouse une semaine plut\u00f4t. Un succ\u00e8s retentissant pour le club de <strong>Nolann Le Garrec<\/strong>, auteur de 24 points, qui n\u2019avait plus inflig\u00e9 une correction pareille depuis le 15 mai 2021 contre <strong>Agen<\/strong> (59-0).<\/p>\n<p class=\" wall-content\">Personnalisez votre actualit\u00e9 en ajoutant vos villes et m\u00e9dias en favori avec <a href=\"https:\/\/moncompte.actu.fr\" title=\"D\u00e9couvez Mon Actu\" rel=\"nofollow noopener\" data-trk=\"{&quot;cta&quot;:{&quot;action&quot;:&quot;https:\\\/\\\/moncompte.actu.fr&quot;,&quot;category&quot;:&quot;mon compte&quot;,&quot;from&quot;:&quot;article footer&quot;,&quot;name&quot;:&quot;Mon actu&quot;,&quot;type&quot;:&quot;cta&quot;}}\" target=\"_blank\">Mon Actu<\/a>.<\/p>\n","protected":false},"excerpt":{"rendered":"Par Lucas Bertolotto Publi\u00e9 le 4 janv. 2026 \u00e0 23h33 C\u2019est une v\u00e9ritable gifle re\u00e7ue par le Rugby&hellip;\n","protected":false},"author":2,"featured_media":642000,"comment_status":"","ping_status":"","sticky":false,"template":"","format":"standard","meta":{"footnotes":""},"categories":[9619],"tags":[1111,11,1777,674,1011,27,12,3788,882,6717,25,479,60,6365,478,2310],"class_list":{"0":"post-641999","1":"post","2":"type-post","3":"status-publish","4":"format-standard","5":"has-post-thumbnail","7":"category-toulon","8":"tag-actu","9":"tag-actualites","10":"tag-eu","11":"tag-europe","12":"tag-fr","13":"tag-france","14":"tag-news","15":"tag-pro","16":"tag-provence-alpes-cote-dazur","17":"tag-rct-rugby-club-toulonnais","18":"tag-republique-francaise","19":"tag-rugby","20":"tag-sports","21":"tag-stade-rochelais","22":"tag-top-14","23":"tag-toulon"},"share_on_mastodon":{"url":"https:\/\/pubeurope.com\/@fr\/115841378786157055","error":""},"_links":{"self":[{"href":"https:\/\/www.europesays.com\/fr\/wp-json\/wp\/v2\/posts\/641999","targetHints":{"allow":["GET"]}}],"collection":[{"href":"https:\/\/www.europesays.com\/fr\/wp-json\/wp\/v2\/posts"}],"about":[{"href":"https:\/\/www.europesays.com\/fr\/wp-json\/wp\/v2\/types\/post"}],"author":[{"embeddable":true,"href":"https:\/\/www.europesays.com\/fr\/wp-json\/wp\/v2\/users\/2"}],"replies":[{"embeddable":true,"href":"https:\/\/www.europesays.com\/fr\/wp-json\/wp\/v2\/comments?post=641999"}],"version-history":[{"count":0,"href":"https:\/\/www.europesays.com\/fr\/wp-json\/wp\/v2\/posts\/641999\/revisions"}],"wp:featuredmedia":[{"embeddable":true,"href":"https:\/\/www.europesays.com\/fr\/wp-json\/wp\/v2\/media\/642000"}],"wp:attachment":[{"href":"https:\/\/www.europesays.com\/fr\/wp-json\/wp\/v2\/media?parent=641999"}],"wp:term":[{"taxonomy":"category","embeddable":true,"href":"https:\/\/www.europesays.com\/fr\/wp-json\/wp\/v2\/categories?post=641999"},{"taxonomy":"post_tag","embeddable":true,"href":"https:\/\/www.europesays.com\/fr\/wp-json\/wp\/v2\/tags?post=641999"}],"curies":[{"name":"wp","href":"https:\/\/api.w.org\/{rel}","templated":true}]}}