{"id":64200,"date":"2025-04-30T11:01:09","date_gmt":"2025-04-30T11:01:09","guid":{"rendered":"https:\/\/www.europesays.com\/fr\/64200\/"},"modified":"2025-04-30T11:01:09","modified_gmt":"2025-04-30T11:01:09","slug":"cyclisme-tour-de-romandie-decathlon-ag2r-la-mondiale-deja-decimee-2-coureurs-en-moins","status":"publish","type":"post","link":"https:\/\/www.europesays.com\/fr\/64200\/","title":{"rendered":"Cyclisme. Tour de Romandie &#8211; Decathlon AG2R La Mondiale d\u00e9j\u00e0 d\u00e9cim\u00e9e&#8230; 2 coureurs en moins"},"content":{"rendered":"<p>C&rsquo;est avec seulement cinq coureurs sur les sept s\u00e9lectionn\u00e9s de base que l&rsquo;\u00e9quipe\u00a0<strong>Decathlon AG2R La Mondiale<\/strong> va se pr\u00e9senter au d\u00e9part de la 1\u00e8re \u00e9tape du <strong><a href=\"https:\/\/www.cyclismactu.net\/..\/news-cyclisme-route-tour-de-romandie-la-1ere-etape-en-ligne-parcours-profil-favoris-87598.html\" target=\"_blank\" rel=\"noopener\">Tour de Romandie<\/a><\/strong> ce mercredi 30 avril. Alors qu&rsquo;on a seulement disput\u00e9 3,44 km sur cette 78e \u00e9dition suite au prologue de la veille remport\u00e9 par\u00a0<strong><a href=\"https:\/\/www.cyclismactu.net\/..\/news-cyclisme-route-tour-de-romandie-sam-watson-j-ai-appris-que-participerais-hier-87597.html\" target=\"_blank\" rel=\"noopener\">Samuel Watson<\/a><\/strong>\u00a0(INEOS Grenadiers), la formation fran\u00e7aise a d\u00e9j\u00e0 perdu deux \u00e9l\u00e9ments pour cause de maladie. C&rsquo;est d&rsquo;abord l&rsquo;Italien <strong>Andrea Vendrame<\/strong>\u00a0qui a d\u00e9clar\u00e9 forfait juste avant le d\u00e9part du prologue et n&rsquo;a pas pu \u00eatre remplac\u00e9, alors qu&rsquo;il aurait pu avoir un beau coup \u00e0 jouer pour une victoire d&rsquo;\u00e9tape lors des prochains jours.<\/p>\n<p>Vid\u00e9o &#8211; Le r\u00e9sum\u00e9 du prologue de ce Tour de Romandie Lire la suite de l&rsquo;article&#13;<\/p>\n<p>\u00a0<\/p>\n<p>&#13;<br \/>\nDeux abandons pour maladie&#8230; un virus chez Decathlon AG2R La Mondiale ?&#13;<\/p>\n<p>Puis ce mercredi matin, c&rsquo;est au tour de <strong>L\u00e9o Bisiaux<\/strong>\u00a0d&rsquo;\u00eatre contraint \u00e0 l&rsquo;abandon, lui aussi pour cause de maladie. Avant-dernier du prologue avec un temps qui en dit long sur son \u00e9tat de sant\u00e9 (1&rsquo;49\u00a0\u00bb de retard sur\u00a0Watson\u00a0en un peu plus de 3 km), le jeune Fran\u00e7ais n&rsquo;a logiquement pas pris le d\u00e9part de la 1\u00e8re \u00e9tape entre\u00a0M\u00fcnchenstein et\u00a0Fribourg. Il ne reste donc en course pour les six jours de comp\u00e9tition \u00e0 venir sur l&rsquo;\u00e9preuve helv\u00e8te qu&rsquo;<strong>Aur\u00e9lien Paret-Peintre<\/strong>, <strong>Stefan Bissegger<\/strong>,\u00a0<strong>Beno\u00eet Cosnefroy<\/strong>,\u00a0<strong>Callum Scotson<\/strong> et\u00a0<strong>Johannes Staune-Mittet<\/strong>. En esp\u00e9rant que la liste des forfaits ne s&rsquo;allonge pas d&rsquo;ici l\u00e0, car avec deux malades en moins de 24h, il est possible qu&rsquo;un virus tourne au sein de la s\u00e9lection fran\u00e7aise. M\u00eame si la performance collective de la veille semble plut\u00f4t rassurante de ce point de vue (Bissegger 4e,\u00a0Cosnefroy 21e,\u00a0Paret-Peintre 27e).<\/p>\n<p>&#13;<\/p>\n<p>\u00a0<\/p>\n<p>&#13;<br \/>\nLe parcours de la 1\u00e8re \u00e9tape&#13;<\/p>\n<p><strong>Mercredi 30 avril<\/strong>\u00a0&#8211;\u00a0\u00c9tape 1\u00a0: M\u00fcnchenstein &#8211; Fribourg \/ 194.4\u00a0km<\/p>\n<p>&#13;<\/p>\n<p><img decoding=\"async\" src=\"https:\/\/www.europesays.com\/fr\/wp-content\/uploads\/2025\/04\/romandie1.jpg\" style=\"max-width:100%;max-height:100%;\" alt=\"image\" loading=\"lazy\"\/><\/p>\n<p>Tour de Romandie &#8211; Classement<\/p>\n","protected":false},"excerpt":{"rendered":"C&rsquo;est avec seulement cinq coureurs sur les sept s\u00e9lectionn\u00e9s de base que l&rsquo;\u00e9quipe\u00a0Decathlon AG2R La Mondiale va se&hellip;\n","protected":false},"author":2,"featured_media":64201,"comment_status":"","ping_status":"","sticky":false,"template":"","format":"standard","meta":{"footnotes":""},"categories":[1411],"tags":[1154,207,211,1011,27,209,60,210,10073,212,208,213],"class_list":{"0":"post-64200","1":"post","2":"type-post","3":"status-publish","4":"format-standard","5":"has-post-thumbnail","7":"category-cyclisme","8":"tag-cycling","9":"tag-cyclisme","10":"tag-ffc","11":"tag-fr","12":"tag-france","13":"tag-route","14":"tag-sports","15":"tag-tour-de-france","16":"tag-tour-de-romandie","17":"tag-uci","18":"tag-velo","19":"tag-world-tour"},"share_on_mastodon":{"url":"https:\/\/pubeurope.com\/@fr\/114426575804753238","error":""},"_links":{"self":[{"href":"https:\/\/www.europesays.com\/fr\/wp-json\/wp\/v2\/posts\/64200","targetHints":{"allow":["GET"]}}],"collection":[{"href":"https:\/\/www.europesays.com\/fr\/wp-json\/wp\/v2\/posts"}],"about":[{"href":"https:\/\/www.europesays.com\/fr\/wp-json\/wp\/v2\/types\/post"}],"author":[{"embeddable":true,"href":"https:\/\/www.europesays.com\/fr\/wp-json\/wp\/v2\/users\/2"}],"replies":[{"embeddable":true,"href":"https:\/\/www.europesays.com\/fr\/wp-json\/wp\/v2\/comments?post=64200"}],"version-history":[{"count":0,"href":"https:\/\/www.europesays.com\/fr\/wp-json\/wp\/v2\/posts\/64200\/revisions"}],"wp:featuredmedia":[{"embeddable":true,"href":"https:\/\/www.europesays.com\/fr\/wp-json\/wp\/v2\/media\/64201"}],"wp:attachment":[{"href":"https:\/\/www.europesays.com\/fr\/wp-json\/wp\/v2\/media?parent=64200"}],"wp:term":[{"taxonomy":"category","embeddable":true,"href":"https:\/\/www.europesays.com\/fr\/wp-json\/wp\/v2\/categories?post=64200"},{"taxonomy":"post_tag","embeddable":true,"href":"https:\/\/www.europesays.com\/fr\/wp-json\/wp\/v2\/tags?post=64200"}],"curies":[{"name":"wp","href":"https:\/\/api.w.org\/{rel}","templated":true}]}}