{"id":642009,"date":"2026-01-05T07:53:12","date_gmt":"2026-01-05T07:53:12","guid":{"rendered":"https:\/\/www.europesays.com\/fr\/642009\/"},"modified":"2026-01-05T07:53:12","modified_gmt":"2026-01-05T07:53:12","slug":"shlomo-miza-rdo-a-rennes-futur-organise-une-nuit-electro-et-hard-techno-exceptionnelle-le-17-janvier","status":"publish","type":"post","link":"https:\/\/www.europesays.com\/fr\/642009\/","title":{"rendered":"Shl\u00f8mo, Miza, RD\u00d8&#8230; \u00c0 Rennes, FUTUR organise une nuit \u00e9lectro et hard techno exceptionnelle le 17 janvier"},"content":{"rendered":"<p>                    Par<br \/>\n        <strong><br \/>\n            <a href=\"https:\/\/actu.fr\/auteur\/brian-legoff\" title=\"Consulter tous les articles de Brian Le Goff\" target=\"_blank\" rel=\"noopener\">Brian Le Goff<\/a><br \/>\n                    <\/strong><\/p>\n<p>        Publi\u00e9 le<\/p>\n<p>            5 janv. 2026 \u00e0 6h02        <\/p>\n<p>Proposer une <strong>exp\u00e9rience culturelle forte, \u00e0 la crois\u00e9e de la musique, du visuel et de l\u2019\u00e9v\u00e9nementiel,<\/strong> tout en valorisant la dynamique de la sc\u00e8ne \u00e9lectronique locale et nationale. Tel est<strong> l\u2019objectif du collectif rennais Futur<\/strong> avec Arena 17.<\/p>\n<p class=\" wall-content\"><a href=\"https:\/\/www.instagram.com\/p\/DTDURpJDb_8\/embed\" title=\"Ouvrir le lien sur Instagram\" target=\"_blank\" rel=\"noopener\">Visualiser le contenu sur Instagram<\/a><\/p>\n<p>Sc\u00e9nographie immersive et grosse programmation<\/p>\n<p class=\" wall-content\">L\u2019\u00e9v\u00e9nement, pr\u00e9vu le samedi 17\u00a0janvier 2026, est une nuit de musique \u00e9lectro et hard techno \u00e0 la Glaz Arena, \u00e0 Cesson-S\u00e9vign\u00e9, \u00e0 l\u2019est de Rennes. Dans une <strong>sc\u00e9nographie immersive pens\u00e9e sp\u00e9cifiquement pour le lieu,<\/strong> l\u2019organisation pr\u00e9voit une grosse programmation\u2009:<\/p>\n<p class=\" wall-content\">\n<p class=\" wall-content\">\n<p class=\" wall-content\">\n<p class=\" wall-content\">\n<p class=\" wall-content\">\n<p>Votre r\u00e9gion, votre actu !<\/p>\n<p>Recevez chaque jour les infos qui comptent pour vous.<\/p>\n<p>\t<a href=\"https:\/\/actu.fr\/newsletter\" class=\"ac-btn ac-btn--corner ac-btn--medium ac-btn--blue800\" target=\"_blank\" rel=\"noopener\">S&rsquo;incrire<\/a><\/p>\n<p class=\" wall-content\">\n<p class=\" wall-content\">\n<p class=\" wall-content\">\n<p class=\" wall-content\">\n<p class=\" wall-content\">\n<p class=\" wall-content\">\n<p class=\" wall-content\">Ces artistes se succ\u00e9deront <strong>de 21h \u00e0 5h<\/strong> dans la bienveillance, le respect, la diversit\u00e9 et la libert\u00e9, souligne l\u2019organisation. <strong>Bars et food-trucks<\/strong> sont \u00e9galement pr\u00e9vus sur place, comme des <strong>points d\u2019eau gratuits<\/strong>. <strong>D\u2019autres stands et des surprises<\/strong> immersives sont enfin annonc\u00e9s.<\/p>\n<p class=\" wall-content\"><a href=\"https:\/\/shotgun.live\/fr\/events\/futur-arena\" target=\"_blank\" rel=\"noopener\">Pour acc\u00e9der \u00e0 la billetterie, rendez-vous sur Shotgun<\/a>.<\/p>\n<p>+\u00a018\u00a0ans (pi\u00e8ce d\u2019identit\u00e9 obligatoire) Fouille \u00e0 l\u2019entr\u00e9e \u2013 alcool interdit Toute attitude discriminatoire =\u00a0exclusion imm\u00e9diate<\/p>\n<p class=\" wall-content\">Personnalisez votre actualit\u00e9 en ajoutant vos villes et m\u00e9dias en favori avec <a href=\"https:\/\/moncompte.actu.fr\" title=\"D\u00e9couvez Mon Actu\" rel=\"nofollow noopener\" data-trk=\"{&quot;cta&quot;:{&quot;action&quot;:&quot;https:\\\/\\\/moncompte.actu.fr&quot;,&quot;category&quot;:&quot;mon compte&quot;,&quot;from&quot;:&quot;article footer&quot;,&quot;name&quot;:&quot;Mon actu&quot;,&quot;type&quot;:&quot;cta&quot;}}\" target=\"_blank\">Mon Actu<\/a>.<\/p>\n<p>                    <script async src=\"\/\/www.instagram.com\/embed.js\"><\/script><\/p>\n","protected":false},"excerpt":{"rendered":"Par Brian Le Goff Publi\u00e9 le 5 janv. 2026 \u00e0 6h02 Proposer une exp\u00e9rience culturelle forte, \u00e0 la&hellip;\n","protected":false},"author":2,"featured_media":642010,"comment_status":"","ping_status":"","sticky":false,"template":"","format":"standard","meta":{"footnotes":""},"categories":[2821],"tags":[1111,11,829,1697,11500,1777,674,1011,27,873,12,584,25,104],"class_list":{"0":"post-642009","1":"post","2":"type-post","3":"status-publish","4":"format-standard","5":"has-post-thumbnail","7":"category-rennes","8":"tag-actu","9":"tag-actualites","10":"tag-bretagne","11":"tag-concert","12":"tag-electro","13":"tag-eu","14":"tag-europe","15":"tag-fr","16":"tag-france","17":"tag-musique","18":"tag-news","19":"tag-rennes","20":"tag-republique-francaise","21":"tag-societe"},"share_on_mastodon":{"url":"https:\/\/pubeurope.com\/@fr\/115841414273959676","error":""},"_links":{"self":[{"href":"https:\/\/www.europesays.com\/fr\/wp-json\/wp\/v2\/posts\/642009","targetHints":{"allow":["GET"]}}],"collection":[{"href":"https:\/\/www.europesays.com\/fr\/wp-json\/wp\/v2\/posts"}],"about":[{"href":"https:\/\/www.europesays.com\/fr\/wp-json\/wp\/v2\/types\/post"}],"author":[{"embeddable":true,"href":"https:\/\/www.europesays.com\/fr\/wp-json\/wp\/v2\/users\/2"}],"replies":[{"embeddable":true,"href":"https:\/\/www.europesays.com\/fr\/wp-json\/wp\/v2\/comments?post=642009"}],"version-history":[{"count":0,"href":"https:\/\/www.europesays.com\/fr\/wp-json\/wp\/v2\/posts\/642009\/revisions"}],"wp:featuredmedia":[{"embeddable":true,"href":"https:\/\/www.europesays.com\/fr\/wp-json\/wp\/v2\/media\/642010"}],"wp:attachment":[{"href":"https:\/\/www.europesays.com\/fr\/wp-json\/wp\/v2\/media?parent=642009"}],"wp:term":[{"taxonomy":"category","embeddable":true,"href":"https:\/\/www.europesays.com\/fr\/wp-json\/wp\/v2\/categories?post=642009"},{"taxonomy":"post_tag","embeddable":true,"href":"https:\/\/www.europesays.com\/fr\/wp-json\/wp\/v2\/tags?post=642009"}],"curies":[{"name":"wp","href":"https:\/\/api.w.org\/{rel}","templated":true}]}}