{"id":642019,"date":"2026-01-05T07:58:11","date_gmt":"2026-01-05T07:58:11","guid":{"rendered":"https:\/\/www.europesays.com\/fr\/642019\/"},"modified":"2026-01-05T07:58:11","modified_gmt":"2026-01-05T07:58:11","slug":"le-quartier-des-moulins-serre-les-rangs-de-la-solidarite","status":"publish","type":"post","link":"https:\/\/www.europesays.com\/fr\/642019\/","title":{"rendered":"le quartier des Moulins serre les rangs de la solidarit\u00e9"},"content":{"rendered":"<p class=\"fs-5 \">En politique, on l\u2019appelle QRR. Quartier de reconqu\u00eate r\u00e9publicaine. Les habitants du quartier des Moulins, eux, n\u2019y voient pas que de l\u2019ins\u00e9curit\u00e9 et du b\u00e9ton.<\/p>\n<p class=\"fs-5 \">M\u00eame si beaucoup sont nostalgiques d\u2019une \u00e9poque quasi r\u00e9volue. Celle o\u00f9 les portes \u00e9taient ouvertes. Celle des plats \u00e9chang\u00e9s entre voisins, de la g\u00e9n\u00e9rosit\u00e9 et de la tol\u00e9rance.<\/p>\n<p class=\"fs-5 \">Ces derni\u00e8res ann\u00e9es, les posts qui fleurissent sur les r\u00e9seaux sociaux sont plus amers. Pour autant, la solidarit\u00e9 reste forte, notamment dans les drames.<\/p>\n<p class=\"fs-5 \">Comme pour l\u2019incendie de la rue de la Santoline o\u00f9 sept personnes ont perdu la vie, le 18\u00a0juillet 2024, dans une guerre de territoires entre dealers. Ou lorsqu\u2019un balcon a pris feu, \u00e0 la Saint-Sylvestre, tour 42, \u00e0 cause d\u2019un mortier d\u2019artifice.<\/p>\n<p class=\"fs-5 \">Les voisins ont imm\u00e9diatement \u00e9teint le sinistre, permettant d\u2019\u00e9viter des d\u00e9g\u00e2ts importants, voire pire.<\/p>\n<p class=\"fs-5 \">\u00ab\u00a0Je suis la locataire, je remercie \u00e9norm\u00e9ment mes voisins et toutes les personnes qui ont sauv\u00e9 mon logement. Merci pour cette grande solidarit\u00e9\u00a0\u00bb, a \u00e9crit la locataire du logement concern\u00e9 sur Facebook.<\/p>\n<p class=\"fs-5 \">Pour autant, ils sont nombreux \u00e0 exprimer leur ras-le-bol des bandes qui tirent des mortiers d\u2019artifice chaque soir, r\u00e9veillon ou pas. Ras-le-bol aussi des dealers.<\/p>\n<p class=\"fs-5 \">Et ras-le-bol des probl\u00e8mes de chauffage r\u00e9currents. Ces derniers temps, la col\u00e8re monte et beaucoup cherchent \u00e0 l\u2019exprimer.<\/p>\n<p>        <img src=\"https:\/\/www.europesays.com\/fr\/wp-content\/uploads\/2026\/01\/2a54191_upload-from-url-1-qkmmqrjkens4-data-art-16747608.jpg\"   loading=\"lazy\" decoding=\"async\" alt=\"Certaines familles ont d\u00fb investir dans des chauffages d\u2019appoint. Environ 8 000 logements C\u00f4te d\u2019Azur Habitat sur 21 000 b\u00e9n\u00e9ficient du chauffage collectif. \" class=\"img-fluid position-absolute w-100 object-fit-cover rounded-2\" width=\"600\" height=\"400\"\/><\/p>\n<p class=\"fs-5 \">\u00ab\u00a0Locataire chez CDC habitat, nous sommes sans eau chaude et chauffage depuis le 26 d\u00e9cembre.\u00a0\u00bb\u00a0Idem au num\u00e9ro 3, 4, 38, 37&#8230; \u00ab\u00a0L\u2019eau est glac\u00e9e, et les chambres pour enfants et b\u00e9b\u00e9s sont gel\u00e9es, c\u2019est inadmissible\u00a0\u00bb,\u00a0estime un autre riverain sur Facebook.<\/p>\n<p class=\"fs-5 \">La liste est longue. \u00ab\u00a0Vous vous rendez compte que m\u00eame moi qui suis un ancien des Moulins, ma m\u00e8re et ma s\u0153ur y habitent toujours d\u2019ailleurs, je n\u2019ai plus envie d\u2019y habiter\u00a0! Il y en a beaucoup qui veulent le quitter\u00a0\u00bb,\u00a0se d\u00e9sole Nourredine Debbari, pr\u00e9sident de Nouvelles m\u00e9thodes solidaires 06 (ex Nice-Moulins solidarit\u00e9 06).<\/p>\n<p class=\"fs-5 \">En conflit avec C\u00f4te d\u2019Azur habitat &#8211; il a \u00e9t\u00e9 relax\u00e9 en septembre d\u2019un proc\u00e8s intent\u00e9 en diffamation &#8211; Nourredine Debbari r\u00e9clame que les probl\u00e8mes de chauffage soient r\u00e9gl\u00e9s au plus vite par l\u2019office HLM, point\u00e9 du doigt par de nombreux locataires.<\/p>\n<p class=\"fs-5 \">L\u2019office s\u2019\u00e9tait d\u00e9fendu longuement dans nos colonnes, revenant sur les griefs point par point.<\/p>\n<p class=\"fs-5 \">\u00ab\u00a0Cette ann\u00e9e, nous avons effectivement eu plus de probl\u00e8mes de ce type parce que nous avons fait r\u00e9aliser d\u2019importants travaux sur les chaufferies pendant l\u2019\u00e9t\u00e9. Alors oui, cela semble totalement illogique mais \u00e7a ne l\u2019est pas tant lorsque l\u2019on comprend la raison\u00a0\u00bb, <a href=\"https:\/\/www.nicematin.com\/societe\/vie-locale\/on-se-gele-chez-nous-pourquoi-il-y-a-un-retard-a-l-allumage-sur-certains-radiateurs-de-cote-d-azur-habitat-a-nice-10660088\" target=\"_blank\" rel=\"noopener\">avait indiqu\u00e9 Manuel Smadja,<\/a> le directeur g\u00e9n\u00e9ral de C\u00f4te d\u2019Azur Habitat dans notre \u00e9dition du 10 d\u00e9cembre.<\/p>\n<p class=\"fs-5 \">Selon l\u2019office, les chaudi\u00e8res collectives ont fait l\u2019objet de r\u00e9novation pendant la haute saison.<\/p>\n<p class=\"fs-5 \">\u00ab\u00a0Il a fallu vidanger int\u00e9gralement le r\u00e9seau. La remise en eau a \u00e9t\u00e9 effectu\u00e9e en septembre-octobre. A ce moment-l\u00e0, les tuyaux se dilatent et comme ils datent de l\u2019\u00e9poque de construction des b\u00e2timents certains sont vieux et se sont ab\u00eem\u00e9s. C\u2019est l\u00e0 que des fuites sont apparues. Il n\u2019est pas possible de changer toutes les canalisations. Nous ne pouvons que r\u00e9parer.\u00a0\u00bb<\/p>\n<p class=\"fs-5 \">Pour braver toutes ces difficult\u00e9s, le quartier serre les rangs. Nourredine a us\u00e9 ses fonds de culotte aux Moulins. \u00ab\u00a0On y a appris beaucoup de choses, notamment la solidarit\u00e9.\u00a0\u00bb<\/p>\n<p class=\"fs-5 \">Il se d\u00e9sole quand m\u00eame que, de plus en plus, les portes soient ferm\u00e9es pour du chacun chez soi. \u00a0\u00ab\u00a0Je trouve personnellement qu\u2019on ne fait plus assez attention \u00e0 nos voisins. Avant, d\u00e8s qu\u2019on ne voyait plus quelqu\u2019un pendant un petit moment, on s\u2019inqui\u00e9tait rapidement. La personne qu\u2019on a retrouv\u00e9e d\u00e9c\u00e9d\u00e9e au b\u00e2timent 4, une personne \u00e2g\u00e9e, on a mis plus d\u2019un mois pour savoir qu\u2019elle \u00e9tait morte.\u00a0\u00bb<\/p>\n<p class=\"fs-5 \">Selon lui, la d\u00e9linquance, le trafic de stup\u00e9fiants influent sur cet \u00e9tat d\u2019esprit. \u00ab\u00a0Les personnes \u00e2g\u00e9es sortent moins, donc voil\u00e0, il y a des petites choses qu\u2019on ne fait plus.\u00a0\u00bb <\/p>\n<p class=\"fs-5 \">Il s\u2019inqui\u00e8te aussi d\u2019un climat de peur, de d\u00e9fiance envers la politique, qui d\u00e9courage les habitants \u00e0 prendre la parole \u00e0 visage d\u00e9couvert.<\/p>\n<p class=\"fs-5 \">Pour autant, loin des clich\u00e9s, le quartier des Moulins travaille, vit, donne naissance, entreprend.<\/p>\n<p class=\"fs-5 \">Loin du deal et des trafics en tout genre. Nourredine Debbari, m\u00eame s\u2019il s\u2019inqui\u00e8te, n\u2019entend pas l\u00e2cher.<\/p>\n<p class=\"fs-5 \">Pour aider les habitants \u00e0 retrouver ce qui a fait l\u2019\u00e2me du quartier.<\/p>\n","protected":false},"excerpt":{"rendered":"En politique, on l\u2019appelle QRR. Quartier de reconqu\u00eate r\u00e9publicaine. Les habitants du quartier des Moulins, eux, n\u2019y voient&hellip;\n","protected":false},"author":2,"featured_media":642020,"comment_status":"","ping_status":"","sticky":false,"template":"","format":"standard","meta":{"footnotes":""},"categories":[2819],"tags":[1111,11,1777,674,1011,27,12,2401,882,25],"class_list":{"0":"post-642019","1":"post","2":"type-post","3":"status-publish","4":"format-standard","5":"has-post-thumbnail","7":"category-nice","8":"tag-actu","9":"tag-actualites","10":"tag-eu","11":"tag-europe","12":"tag-fr","13":"tag-france","14":"tag-news","15":"tag-nice","16":"tag-provence-alpes-cote-dazur","17":"tag-republique-francaise"},"share_on_mastodon":{"url":"https:\/\/pubeurope.com\/@fr\/115841433783153485","error":""},"_links":{"self":[{"href":"https:\/\/www.europesays.com\/fr\/wp-json\/wp\/v2\/posts\/642019","targetHints":{"allow":["GET"]}}],"collection":[{"href":"https:\/\/www.europesays.com\/fr\/wp-json\/wp\/v2\/posts"}],"about":[{"href":"https:\/\/www.europesays.com\/fr\/wp-json\/wp\/v2\/types\/post"}],"author":[{"embeddable":true,"href":"https:\/\/www.europesays.com\/fr\/wp-json\/wp\/v2\/users\/2"}],"replies":[{"embeddable":true,"href":"https:\/\/www.europesays.com\/fr\/wp-json\/wp\/v2\/comments?post=642019"}],"version-history":[{"count":0,"href":"https:\/\/www.europesays.com\/fr\/wp-json\/wp\/v2\/posts\/642019\/revisions"}],"wp:featuredmedia":[{"embeddable":true,"href":"https:\/\/www.europesays.com\/fr\/wp-json\/wp\/v2\/media\/642020"}],"wp:attachment":[{"href":"https:\/\/www.europesays.com\/fr\/wp-json\/wp\/v2\/media?parent=642019"}],"wp:term":[{"taxonomy":"category","embeddable":true,"href":"https:\/\/www.europesays.com\/fr\/wp-json\/wp\/v2\/categories?post=642019"},{"taxonomy":"post_tag","embeddable":true,"href":"https:\/\/www.europesays.com\/fr\/wp-json\/wp\/v2\/tags?post=642019"}],"curies":[{"name":"wp","href":"https:\/\/api.w.org\/{rel}","templated":true}]}}