{"id":642023,"date":"2026-01-05T08:02:09","date_gmt":"2026-01-05T08:02:09","guid":{"rendered":"https:\/\/www.europesays.com\/fr\/642023\/"},"modified":"2026-01-05T08:02:09","modified_gmt":"2026-01-05T08:02:09","slug":"laccident-mortel-de-la-rocade-de-bordeaux-qui-a-suscite-plusieurs-interrogations","status":"publish","type":"post","link":"https:\/\/www.europesays.com\/fr\/642023\/","title":{"rendered":"l\u2019accident mortel de la rocade de Bordeaux qui a suscit\u00e9 plusieurs interrogations"},"content":{"rendered":"<p>                    Par<br \/>\n        <strong><br \/>\n            <a href=\"https:\/\/actu.fr\/auteur\/julian-doubax\" title=\"Consulter tous les articles de Julian Doubax\" target=\"_blank\" rel=\"noopener\">Julian Doubax<\/a><br \/>\n                    <\/strong><\/p>\n<p>        Publi\u00e9 le<\/p>\n<p>            5 janv. 2026 \u00e0 6h30        <\/p>\n<p>Le dimanche 20\u00a0avril 2025, un <a href=\"https:\/\/actu.fr\/nouvelle-aquitaine\/floirac_33167\/rocade-de-bordeaux-un-camion-se-retrouve-en-sens-inverse-et-provoque-un-grave-accident-avec-12-victimes_62536849.html\" target=\"_blank\" rel=\"noopener\">impressionnant accident<\/a> s\u2019est d\u00e9roul\u00e9 sur la rocade de Bordeaux, \u00e0 hauteur de <a href=\"https:\/\/actu.fr\/nouvelle-aquitaine\/floirac_33167\" target=\"_blank\" rel=\"noopener\">Floirac<\/a>. Vers 14\u00a0heures, un camion a travers\u00e9 le terre-plein central \u00e0 pleine vitesse et s\u2019est retrouv\u00e9 sur la voie oppos\u00e9e. Une <strong>violente collision<\/strong> a alors eu lieu avec une fourgonnette ainsi qu\u2019une autre collision en cha\u00eene avec cinq v\u00e9hicules. Un homme de 27\u00a0ans <strong>a perdu la vie <\/strong>et onze personnes ont \u00e9t\u00e9 bless\u00e9es dans ce tragique accident qui a suscit\u00e9 <strong>plusieurs interrogations<\/strong>. Le poids lourd pouvait-il circuler un dimanche\u2009? Le conducteur \u00e9tait-il en infraction\u2009? Quelles \u00e9taient les circonstances exactes de ce drame\u2009? Pour l\u2019occasion, <a href=\"https:\/\/actu.fr\/bordeaux\/\" target=\"_blank\" rel=\"noopener\">actu Bordeaux<\/a> revient sur ce feuilleton qui avait marqu\u00e9 la m\u00e9tropole bordelaise.<\/p>\n<p>La piste des stup\u00e9fiants ou de l\u2019alcool rapidement \u00e9cart\u00e9e<\/p>\n<p class=\" wall-content\">Dans cet accident impliquant sept v\u00e9hicules et ayant co\u00fbt\u00e9 la vie au conducteur de la fourgonnette, une enqu\u00eate a \u00e9t\u00e9 lanc\u00e9e pour<strong> \u00e9claircir les circonstances<\/strong> exactes. Les enqu\u00eateurs voulaient comprendre comment le chauffeur avait pu perdre le contr\u00f4le de son poids lourd.<\/p>\n<p class=\" wall-content\">Ce jour-l\u00e0, la chauss\u00e9e \u00e9tait d\u00e9tremp\u00e9e apr\u00e8s de fortes pluies qui ont rendu la circulation particuli\u00e8rement compliqu\u00e9e.\u00a0D\u2019apr\u00e8s leurs premi\u00e8res conclusions, le d\u00e9pistage \u00e0 <strong>l\u2019alcool\u00e9mie<\/strong> et aux <strong>stup\u00e9fiants<\/strong> effectu\u00e9 sur le conducteur du camion s\u2019\u00e9tait <a href=\"https:\/\/actu.fr\/nouvelle-aquitaine\/floirac_33167\/accident-mortel-avec-un-poids-lourd-sur-la-rocade-de-bordeaux-ce-que-revele-le-debut-de-l-enquete_62538341.html\" target=\"_blank\" rel=\"noopener\">av\u00e9r\u00e9 n\u00e9gatif<\/a>.<\/p>\n<p>Le conducteur avait-il le droit de rouler\u2009?<\/p>\n<p class=\" wall-content\">Une autre interrogation \u00e9tait largement relay\u00e9e sur les r\u00e9seaux sociaux\u2009: <a href=\"https:\/\/actu.fr\/nouvelle-aquitaine\/floirac_33167\/accident-mortel-sur-la-rocade-de-bordeaux-le-chauffeur-poids-lourd-avait-il-le-droit-de-rouler-un-dimanche_62540069.html\" target=\"_blank\" rel=\"noopener\">le chauffeur poids lourd avait-il le droit de rouler un dimanche<\/a>\u2009?<\/p>\n<p class=\" wall-content\">La loi fran\u00e7aise interdit la circulation sur l\u2019ensemble du r\u00e9seau routier des v\u00e9hicules de transport de marchandises avec un poids total autoris\u00e9 en charge de plus de 7,5 tonnes (hors engins agricoles et v\u00e9hicules sp\u00e9cialis\u00e9s) les week-ends entre le samedi soir (22h) et le dimanche soir (22h).<\/p>\n<p class=\" wall-content\">Toutefois, il existe des <strong>d\u00e9rogations<\/strong> permanentes pour notamment le transport d\u2019animaux vivants, de denr\u00e9es ou de produits p\u00e9rissables. C\u2019\u00e9tait le cas pour ce camion impliqu\u00e9 dans la collision. \u00ab\u2009Il s\u2019agissait d\u2019un camion frigorifique\u2009\u00bb, expliquait Pascal Gensous aupr\u00e8s d<a href=\"https:\/\/actu.fr\/bordeaux\/\" target=\"_blank\" rel=\"noopener\">\u2019actu Bordeaux<\/a>, le commandant par int\u00e9rim de la CRS autorouti\u00e8re Aquitaine, en charge de la rocade.<\/p>\n<p>Votre r\u00e9gion, votre actu !<\/p>\n<p>Recevez chaque jour les infos qui comptent pour vous.<\/p>\n<p>\t<a href=\"https:\/\/actu.fr\/newsletter\" class=\"ac-btn ac-btn--corner ac-btn--medium ac-btn--blue800\" target=\"_blank\" rel=\"noopener\">S&rsquo;incrire<\/a><\/p>\n<p class=\" wall-content\">Et pourtant\u2026 le chauffeur espagnol de 60\u00a0ans \u00e9tait bien hors-la-loi. Le poids lourd transportait finalement des <a href=\"https:\/\/actu.fr\/nouvelle-aquitaine\/floirac_33167\/accident-mortel-avec-un-poids-lourd-sur-la-rocade-de-bordeaux-l-enquete-revele-des-infractions-du-chauffeur_62562763.html\" target=\"_blank\" rel=\"noopener\">pi\u00e8ces m\u00e9caniques pour automobiles<\/a>. Des objets ne faisaient pas partie de la liste des d\u00e9rogations. <strong>Il n\u2019aurait m\u00eame jamais d\u00fb se trouver sur la rocade le jour de l\u2019accident.<\/strong><\/p>\n<p>Une autre infraction constat\u00e9e<\/p>\n<p class=\" wall-content\">L\u2019avanc\u00e9e de l\u2019enqu\u00eate avait \u00e9galement permis d\u2019en savoir plus sur les circonstances du drame. Le chauffeur roulait \u00e0 90km\/h sur la rocade de Bordeaux. Il \u00e9tait en exc\u00e8s de vitesse alors m\u00eame que la <strong>visibilit\u00e9 \u00e9tait r\u00e9duite<\/strong> par les trombes d\u2019eau qui s\u2019abattaient sur la m\u00e9tropole et le trafic charg\u00e9 en pleine apr\u00e8s-midi.<\/p>\n<p class=\" wall-content\">Une <a href=\"https:\/\/actu.fr\/nouvelle-aquitaine\/floirac_33167\/accident-mortel-avec-un-poids-lourd-sur-la-rocade-de-bordeaux-l-enquete-revele-des-infractions-du-chauffeur_62562763.html\" target=\"_blank\" rel=\"noopener\">information judiciaire<\/a> a \u00e9t\u00e9 ouverte des chefs \u00ab\u2009d\u2019homicide involontaire et blessures involontaires par une violation manifestement d\u00e9lib\u00e9r\u00e9e d\u2019une obligation particuli\u00e8re de prudence ou de s\u00e9curit\u00e9\u2009\u00bb le 26\u00a0avril 2026, six jours apr\u00e8s les faits.<\/p>\n<p class=\" wall-content\">Hospitalis\u00e9 au <a href=\"https:\/\/actu.fr\/tag\/chu-de-bordeaux\" target=\"_blank\" rel=\"noopener\">CHU de Bordeaux<\/a> dans un premier temps, le conducteur en \u00e9tait ressorti quelques jours apr\u00e8s l\u2019accident. Il avait \u00e9t\u00e9 plac\u00e9 en<strong> garde \u00e0 vue<\/strong> et le parquet avait requis son placement en d\u00e9tention provisoire.<\/p>\n<p>Une reconstitution sur la rocade<\/p>\n<p class=\" wall-content\">Le mardi 29\u00a0avril, neuf jours apr\u00e8s l\u2019accident, une<a href=\"https:\/\/actu.fr\/nouvelle-aquitaine\/floirac_33167\/l-accident-mortel-sera-reconstitue-sur-la-rocade-de-bordeaux-voici-les-fermetures-prevues_62562677.html\" target=\"_blank\" rel=\"noopener\"> reconstitution judiciaire<\/a> avait eu lieu pour comprendre les <strong>circonstances<\/strong> du drame. La portion de la rocade int\u00e9rieure de Bordeaux, entre les \u00e9changeurs 24 (Tresses \u2013 Le Canon) et 23 (Bas Floirac) avait \u00e9t\u00e9 ferm\u00e9e.<\/p>\n<p class=\" wall-content\">M\u00eame son de cloche pour la rocade ext\u00e9rieure entre les \u00e9changeurs 22b (Latresne) et 24 (Tresses \u2013 Le Canon). L\u2019expertise judiciaire avait \u00e9t\u00e9 faite sur la RN230 entre 13h30 et 15h30. Un carambolage qui aura fait parler.<\/p>\n<p class=\" wall-content\">Personnalisez votre actualit\u00e9 en ajoutant vos villes et m\u00e9dias en favori avec <a href=\"https:\/\/moncompte.actu.fr\" title=\"D\u00e9couvez Mon Actu\" rel=\"nofollow noopener\" data-trk=\"{&quot;cta&quot;:{&quot;action&quot;:&quot;https:\\\/\\\/moncompte.actu.fr&quot;,&quot;category&quot;:&quot;mon compte&quot;,&quot;from&quot;:&quot;article footer&quot;,&quot;name&quot;:&quot;Mon actu&quot;,&quot;type&quot;:&quot;cta&quot;}}\" target=\"_blank\">Mon Actu<\/a>.<\/p>\n","protected":false},"excerpt":{"rendered":"Par Julian Doubax Publi\u00e9 le 5 janv. 2026 \u00e0 6h30 Le dimanche 20\u00a0avril 2025, un impressionnant accident s\u2019est&hellip;\n","protected":false},"author":2,"featured_media":642024,"comment_status":"","ping_status":"","sticky":false,"template":"","format":"standard","meta":{"footnotes":""},"categories":[2817],"tags":[119,1111,11,1997,1777,674,118,1011,27,12,2219,25,13229],"class_list":{"0":"post-642023","1":"post","2":"type-post","3":"status-publish","4":"format-standard","5":"has-post-thumbnail","7":"category-bordeaux","8":"tag-accident","9":"tag-actu","10":"tag-actualites","11":"tag-bordeaux","12":"tag-eu","13":"tag-europe","14":"tag-faits-divers","15":"tag-fr","16":"tag-france","17":"tag-news","18":"tag-nouvelle-aquitaine","19":"tag-republique-francaise","20":"tag-rocade-de-bordeaux"},"share_on_mastodon":{"url":"https:\/\/pubeurope.com\/@fr\/115841449550971101","error":""},"_links":{"self":[{"href":"https:\/\/www.europesays.com\/fr\/wp-json\/wp\/v2\/posts\/642023","targetHints":{"allow":["GET"]}}],"collection":[{"href":"https:\/\/www.europesays.com\/fr\/wp-json\/wp\/v2\/posts"}],"about":[{"href":"https:\/\/www.europesays.com\/fr\/wp-json\/wp\/v2\/types\/post"}],"author":[{"embeddable":true,"href":"https:\/\/www.europesays.com\/fr\/wp-json\/wp\/v2\/users\/2"}],"replies":[{"embeddable":true,"href":"https:\/\/www.europesays.com\/fr\/wp-json\/wp\/v2\/comments?post=642023"}],"version-history":[{"count":0,"href":"https:\/\/www.europesays.com\/fr\/wp-json\/wp\/v2\/posts\/642023\/revisions"}],"wp:featuredmedia":[{"embeddable":true,"href":"https:\/\/www.europesays.com\/fr\/wp-json\/wp\/v2\/media\/642024"}],"wp:attachment":[{"href":"https:\/\/www.europesays.com\/fr\/wp-json\/wp\/v2\/media?parent=642023"}],"wp:term":[{"taxonomy":"category","embeddable":true,"href":"https:\/\/www.europesays.com\/fr\/wp-json\/wp\/v2\/categories?post=642023"},{"taxonomy":"post_tag","embeddable":true,"href":"https:\/\/www.europesays.com\/fr\/wp-json\/wp\/v2\/tags?post=642023"}],"curies":[{"name":"wp","href":"https:\/\/api.w.org\/{rel}","templated":true}]}}