{"id":642025,"date":"2026-01-05T08:03:12","date_gmt":"2026-01-05T08:03:12","guid":{"rendered":"https:\/\/www.europesays.com\/fr\/642025\/"},"modified":"2026-01-05T08:03:12","modified_gmt":"2026-01-05T08:03:12","slug":"northampton-bristol-le-stade-francais-trois-semaines-cruciales-en-champions-cup-et-en-top-14","status":"publish","type":"post","link":"https:\/\/www.europesays.com\/fr\/642025\/","title":{"rendered":"Northampton, Bristol, le Stade Fran\u00e7ais&#8230; trois semaines cruciales en Champions Cup et en Top 14"},"content":{"rendered":"<p>\u00ab\u00a0C\u2019est un soulagement, confiait le manager Yannick Bru. On sait qu\u2019on a un&#8230;<\/p>\n<p>\u00ab\u00a0C\u2019est un soulagement, confiait le manager Yannick Bru. On sait qu\u2019on a un mois de janvier tr\u00e8s important avec un encha\u00eenement de matchs vraiment costaud et qu\u2019il va falloir faire confiance \u00e0 tout l\u2019effectif. \u00c9videmment, j\u2019ai un \u0153il qui regarde au loin et qui me dit qu\u2019on a enclench\u00e9 le chronom\u00e8tre parce que les internationaux vont partir dans pas longtemps. Donc il faut qu\u2019on profite \u00e0 fond des trois semaines qui nous restent.\u00a0\u00bb Avant la p\u00e9riode du Tournoi des Six-Nations, l\u2019UBB cherchera donc \u00e0 faire le plein sur tous les tableaux.<\/p>\n<p>Cette semaine, les Bordelais pr\u00e9pareront la r\u00e9ception de Northampton. Huit mois apr\u00e8s la finale de Cardiff (20-28), les grandes retrouvailles s\u2019annoncent explosives dimanche (16\u00a0h\u00a015) \u00e0 Chaban-Delmas. D\u2019autant plus que les Saints sont dans une forme \u00e9tincelante. Ils ont entam\u00e9 leur campagne europ\u00e9enne par deux victoires bonifi\u00e9es (27-35 \u00e0 Pau, 50-5 face aux Bulls) et sont leaders de la Permiership anglaise (7 victoires, 1 nul, 1 d\u00e9faite). Ils d\u00e9barqueront en Gironde gonfl\u00e9s \u00e0 bloc apr\u00e8s leur large succ\u00e8s face aux Harlequins samedi (66-21).<\/p>\n<p>\u00ab\u00a0Ils seront dans la position du chasseur parce que forc\u00e9ment, chez eux, ils vont pr\u00e9senter \u00e7a comme la revanche de la Coupe d\u2019Europe, sent Yannick Bru. \u00c0 nous de faire une semaine costaud sur le plan du rugby mais aussi sur le plan psychologique, dans la fa\u00e7on dont on va pr\u00e9parer ce match. \u00c7a sera un gros rendez-vous de cette moiti\u00e9 de saison.\u00a0\u00bb<\/p>\n<p>Sur tous les tableaux<\/p>\n<p>Apr\u00e8s ce choc pour tenter d\u2019\u00e9carter un concurrent \u00e0 la 1re place de la phase de poule, qui donne l\u2019avantage du terrain jusqu\u2019en demi-finales, l\u2019UBB devra confirmer une semaine plus tard en Angleterre sur le terrain de Bristol. Occupant la 4e place du championnat anglais (7 victoires, 2 d\u00e9faites), les Bears sont un autre gros morceau de cette poule dont ils occupent la 3e place apr\u00e8s deux victoires (16-17 chez les Scarlets, 61-12 face \u00e0 Pau).<\/p>\n<p>Une fois la phase de poules de Champions Cup termin\u00e9e, les Bordelais devront mettre un autre coup de collier en Top 14 lors de la r\u00e9ception du Stade Fran\u00e7ais (le 24\u00a0janvier \u00e0 14\u00a0h\u00a030), pour tenter de r\u00e9duire encore un peu plus cet \u00e9cart de 8 points par rapport \u00e0 la 2e place, alors que le Stade Toulousain (1er) et la Section Paloise (2e) s\u2019affronteront lors de cette 15e journ\u00e9e.<\/p>\n","protected":false},"excerpt":{"rendered":"\u00ab\u00a0C\u2019est un soulagement, confiait le manager Yannick Bru. On sait qu\u2019on a un&#8230; \u00ab\u00a0C\u2019est un soulagement, confiait le&hellip;\n","protected":false},"author":2,"featured_media":642026,"comment_status":"","ping_status":"","sticky":false,"template":"","format":"standard","meta":{"footnotes":""},"categories":[2817],"tags":[1111,11,1997,1777,674,1011,27,12,2219,25],"class_list":{"0":"post-642025","1":"post","2":"type-post","3":"status-publish","4":"format-standard","5":"has-post-thumbnail","7":"category-bordeaux","8":"tag-actu","9":"tag-actualites","10":"tag-bordeaux","11":"tag-eu","12":"tag-europe","13":"tag-fr","14":"tag-france","15":"tag-news","16":"tag-nouvelle-aquitaine","17":"tag-republique-francaise"},"share_on_mastodon":{"url":"https:\/\/pubeurope.com\/@fr\/115841453550692899","error":""},"_links":{"self":[{"href":"https:\/\/www.europesays.com\/fr\/wp-json\/wp\/v2\/posts\/642025","targetHints":{"allow":["GET"]}}],"collection":[{"href":"https:\/\/www.europesays.com\/fr\/wp-json\/wp\/v2\/posts"}],"about":[{"href":"https:\/\/www.europesays.com\/fr\/wp-json\/wp\/v2\/types\/post"}],"author":[{"embeddable":true,"href":"https:\/\/www.europesays.com\/fr\/wp-json\/wp\/v2\/users\/2"}],"replies":[{"embeddable":true,"href":"https:\/\/www.europesays.com\/fr\/wp-json\/wp\/v2\/comments?post=642025"}],"version-history":[{"count":0,"href":"https:\/\/www.europesays.com\/fr\/wp-json\/wp\/v2\/posts\/642025\/revisions"}],"wp:featuredmedia":[{"embeddable":true,"href":"https:\/\/www.europesays.com\/fr\/wp-json\/wp\/v2\/media\/642026"}],"wp:attachment":[{"href":"https:\/\/www.europesays.com\/fr\/wp-json\/wp\/v2\/media?parent=642025"}],"wp:term":[{"taxonomy":"category","embeddable":true,"href":"https:\/\/www.europesays.com\/fr\/wp-json\/wp\/v2\/categories?post=642025"},{"taxonomy":"post_tag","embeddable":true,"href":"https:\/\/www.europesays.com\/fr\/wp-json\/wp\/v2\/tags?post=642025"}],"curies":[{"name":"wp","href":"https:\/\/api.w.org\/{rel}","templated":true}]}}