{"id":642027,"date":"2026-01-05T08:04:12","date_gmt":"2026-01-05T08:04:12","guid":{"rendered":"https:\/\/www.europesays.com\/fr\/642027\/"},"modified":"2026-01-05T08:04:12","modified_gmt":"2026-01-05T08:04:12","slug":"pres-de-7-kilometres-de-ralentissements-sur-la64-au-sud-de-toulouse-ce-lundi","status":"publish","type":"post","link":"https:\/\/www.europesays.com\/fr\/642027\/","title":{"rendered":"Pr\u00e8s de 7 kilom\u00e8tres de ralentissements sur l&rsquo;A64, au Sud de Toulouse, ce lundi"},"content":{"rendered":"<p><strong>La prudence est de mise sur les routes toulousaines. Bison Fut\u00e9 signale un accident sur l\u2019A61, au Sud de Toulouse, ce lundi 5 janvier 2026. Suivez l\u2019\u00e9volution du trafic avec Le Journal Toulousain.<\/strong><\/p>\n<p><img fetchpriority=\"high\" decoding=\"async\" width=\"1200\" height=\"800\" src=\"https:\/\/www.europesays.com\/fr\/wp-content\/uploads\/2026\/01\/Depositphotos_624305536_XL.jpg\" alt=\"Pr\u00e8s de 7 kilom\u00e8tres de ralentissements sur l'A64, au Sud de Toulouse, ce lundi\"  \/><\/p>\n<p>Pr\u00e8s de 7 kilom\u00e8tres de ralentissements sur l\u2019A64, au Sud de Toulouse, ce lundi \u00a9 thong.nakim.gmail.com \/ Depositphotos<\/p>\n<p><strong>Au Sud de Toulouse : <\/strong>Attention, Bison Fut\u00e9 signale un accident de la route sur l\u2019A61, dans le sens int\u00e9rieur de Toulouse vers Narbonne, \u00e0 hauteur de Montaudran. Des ralentissements ont \u00e9t\u00e9 recens\u00e9s sur pr\u00e8s de 7 kilom\u00e8tres sur l\u2019A64, dans le sens Bayonne-Toulouse, entre Roques et la Ville rose. En cause : le r\u00e9tr\u00e9cissement des voies. Sur l\u2019A620, dans le sens int\u00e9rieur de Toulouse sud vers Toulouse nord, un embouteillage s\u2019\u00e9tend sur pr\u00e8s de 4 kilom\u00e8tres entre Montaudran et le quartier Empalot.  <\/p>\n<p><strong>A l\u2019Ouest de Toulouse : <\/strong>Des bouchons se forment sur la route nationale 124, dans le sens Langon-Toulouse, entre Pibrac et Colomiers. M\u00eame constat du c\u00f4t\u00e9 de l\u2019A624, entre Colomiers et la Ville rose. <\/p>\n<p><strong>Au Nord de Toulouse : <\/strong>Sur l\u2019A62, la circulation, perturb\u00e9e par le r\u00e9tr\u00e9cissement des voies, est au ralenti sur plus de 4 kilom\u00e8tres sur l\u2019A62, dans le sens ext\u00e9rieur de Toulouse vers Bordeaux, \u00e0 hauteur de Borderouge. Dans le sens inverse, le trafic est \u00e9galement impact\u00e9 par le r\u00e9tr\u00e9cissement des voies, provoquant ainsi des ralentissements sur 5 kilom\u00e8tres, au niveau d\u2019Aucamville. Sur l\u2019A68, dans le sens Albi-Toulouse, des ralentissements sont \u00e9galement \u00e0 d\u00e9plorer sur pr\u00e8s de 4 kilom\u00e8tres entre Saint-Jean et la Ville rose. <\/p>\n<p><strong>A l\u2019Est de Toulouse : <\/strong>Les automobilistes doivent prendre leur mal en patience sur l\u2019A61, dans le sens int\u00e9rieur de Toulouse vers Narbonne, le trafic \u00e9tant perturb\u00e9 par le r\u00e9tr\u00e9cissement des voies. <a href=\"https:\/\/www.bison-fute.gouv.fr\/maintenant.html\" data-type=\"link\" data-id=\"https:\/\/www.bison-fute.gouv.fr\/maintenant.html\" target=\"_blank\" rel=\"noopener\">Bison Fut\u00e9<\/a> signale pr\u00e8s de 3 kilom\u00e8tres de bouchon entre la C\u00f4te Pav\u00e9e et Montaudran.<\/p>\n","protected":false},"excerpt":{"rendered":"La prudence est de mise sur les routes toulousaines. Bison Fut\u00e9 signale un accident sur l\u2019A61, au Sud&hellip;\n","protected":false},"author":2,"featured_media":642028,"comment_status":"","ping_status":"","sticky":false,"template":"","format":"standard","meta":{"footnotes":""},"categories":[2816],"tags":[1111,11,56873,56874,1777,674,1011,27,12,2680,25,2312,74875],"class_list":{"0":"post-642027","1":"post","2":"type-post","3":"status-publish","4":"format-standard","5":"has-post-thumbnail","7":"category-toulouse","8":"tag-actu","9":"tag-actualites","10":"tag-au-sud-de-toulouse","11":"tag-ce-lundi","12":"tag-eu","13":"tag-europe","14":"tag-fr","15":"tag-france","16":"tag-news","17":"tag-occitanie","18":"tag-republique-francaise","19":"tag-toulouse","20":"tag-trafic-un-accident-a-u00e9tu00e9-signalu00e9-sur-la61"},"share_on_mastodon":{"url":"https:\/\/pubeurope.com\/@fr\/115841457502174113","error":""},"_links":{"self":[{"href":"https:\/\/www.europesays.com\/fr\/wp-json\/wp\/v2\/posts\/642027","targetHints":{"allow":["GET"]}}],"collection":[{"href":"https:\/\/www.europesays.com\/fr\/wp-json\/wp\/v2\/posts"}],"about":[{"href":"https:\/\/www.europesays.com\/fr\/wp-json\/wp\/v2\/types\/post"}],"author":[{"embeddable":true,"href":"https:\/\/www.europesays.com\/fr\/wp-json\/wp\/v2\/users\/2"}],"replies":[{"embeddable":true,"href":"https:\/\/www.europesays.com\/fr\/wp-json\/wp\/v2\/comments?post=642027"}],"version-history":[{"count":0,"href":"https:\/\/www.europesays.com\/fr\/wp-json\/wp\/v2\/posts\/642027\/revisions"}],"wp:featuredmedia":[{"embeddable":true,"href":"https:\/\/www.europesays.com\/fr\/wp-json\/wp\/v2\/media\/642028"}],"wp:attachment":[{"href":"https:\/\/www.europesays.com\/fr\/wp-json\/wp\/v2\/media?parent=642027"}],"wp:term":[{"taxonomy":"category","embeddable":true,"href":"https:\/\/www.europesays.com\/fr\/wp-json\/wp\/v2\/categories?post=642027"},{"taxonomy":"post_tag","embeddable":true,"href":"https:\/\/www.europesays.com\/fr\/wp-json\/wp\/v2\/tags?post=642027"}],"curies":[{"name":"wp","href":"https:\/\/api.w.org\/{rel}","templated":true}]}}