{"id":642029,"date":"2026-01-05T08:05:13","date_gmt":"2026-01-05T08:05:13","guid":{"rendered":"https:\/\/www.europesays.com\/fr\/642029\/"},"modified":"2026-01-05T08:05:13","modified_gmt":"2026-01-05T08:05:13","slug":"street-art-et-serigraphies-une-collection-inedite-pour-rendre-lart-accessible-entre-90-et-600-e-a-toulouse","status":"publish","type":"post","link":"https:\/\/www.europesays.com\/fr\/642029\/","title":{"rendered":"Street art et s\u00e9rigraphies\u00a0: une collection in\u00e9dite pour rendre l\u2019art accessible entre 90 et 600\u00a0\u20ac \u00e0 Toulouse"},"content":{"rendered":"<p>\n                                                                    l&rsquo;essentiel<br \/>\n                                                                Implant\u00e9 depuis trente ans \u00e0 Toulouse, l\u2019atelier d\u2019encadrement Art et Cadres \u00e9dite aussi depuis 2021 une collection de s\u00e9rigraphies exclusives d\u2019illustrateurs et graffeurs r\u00e9gionaux. Quatorze artistes, dont CEET, Maye ou encore Mond\u00e9, figurent \u00e0 son catalogue.\n                            <\/p>\n<p>Proche des artistes depuis sa cr\u00e9ation en 1991, l\u2019atelier Art et Cadres a nou\u00e9 avec certains des liens \u00e9troits qui vont au-del\u00e0 de l\u2019encadrement de leurs \u0153uvres. L\u2019enseigne dirig\u00e9e par Constance Escudi\u00e9 et Matthieu Chatel, qui compte trois boutiques \u00e0 Toulouse et Castanet, a initi\u00e9 il y a quatre ans une collection in\u00e9dite de s\u00e9rigraphies en \u00e9dition limit\u00e9e d\u2019illustrateurs et graffeurs r\u00e9gionaux. Cette aventure artistique a d\u00e9marr\u00e9 avec Nicolas Delpech et Benjamin Stoop du studio de design Deux mille qui, avant de mettre en couleurs le Pont Saint-Pierre, ont m\u00e9tamorphos\u00e9 les murs ext\u00e9rieurs de la boutique d\u2019Art et Cadres, \u00e0 Montaudran.<\/p>\n<p>        <img decoding=\"async\" class=\"std-img__img responsive-img\" src=\"https:\/\/www.europesays.com\/fr\/wp-content\/uploads\/2026\/01\/1767600313_699_image.jpg\" alt=\"Constance Escudi\u00e9 et son associ\u00e9 Matthieu Chatel ont initi\u00e9 en 2021 une collection in\u00e9dite de s\u00e9rigraphies imagin\u00e9es avec des artistes locaux.\"\/><\/p>\n<p>                Constance Escudi\u00e9 et son associ\u00e9 Matthieu Chatel ont initi\u00e9 en 2021 une collection in\u00e9dite de s\u00e9rigraphies imagin\u00e9es avec des artistes locaux.<br \/>\n                                    DDM &#8211; Laurent Dard<\/p>\n<p>\u00ab\u00a0Notre num\u00e9ro z\u00e9ro reprend en s\u00e9rigraphie le th\u00e8me graphique peint par l\u2019atelier Deux mille sur notre fa\u00e7ade. Pour donner une coh\u00e9rence \u00e0 la collection, nous avons gard\u00e9 dans les \u0153uvres suivantes le m\u00eame format papier 50 x 70\u00a0cm, un tirage vertical \u00e0 cinquante exemplaires et un montage plateau qui consiste \u00e0 donner l\u2019impression que le sujet est en suspension dans le cadre\u00a0\u00bb, explique Constance Escudi\u00e9. Apr\u00e8s le photographe Mathieu Pujol, la collection s\u2019est orient\u00e9e vers des artistes de street art, nombreux \u00e0 Toulouse. Nicolas Giraud, alias 100Taur, dont les cr\u00e9atures fantastiques peuplent les murs de la Ville rose, a puis\u00e9 dans son bestiaire personnel pour sa s\u00e9rigraphie en quatorze couleurs.<\/p>\n<p>Prix abordables<\/p>\n<p>Mond\u00e9, graffeur calligraphe \u00e0 l\u2019origine des expositions Layup, l\u2019artiste plasticien Gauthier Gen\u00eat et l\u2019illustrateur S\u00e9bastien Gravouil, connu pour ses affiches de Jazz in Marciac, font aussi partie des quatorze artistes \u00e0 avoir int\u00e9gr\u00e9 la collection d\u2019Art et Cadres. Tous ont eu carte blanche pour leur \u0153uvre.<\/p>\n<p>Le Montpelli\u00e9rain Maye, dont les personnages filiformes reconnaissables au premier coup d\u2019\u0153il emballent le march\u00e9 de l\u2019art, s\u2019est immerg\u00e9 dans l\u2019atelier de l\u2019enseigne pour raconter le m\u00e9tier d\u2019encadreur dans ses moindres d\u00e9tails. Il est all\u00e9 jusqu\u2019\u00e0 repr\u00e9senter un outil unique cr\u00e9\u00e9 par le p\u00e8re de Matthieu Chatel pour \u00f4ter clous et agrafes des toiles. Apr\u00e8s une session tr\u00e8s masculine, la collection d\u2019Art et Cadres, pr\u00e9sent\u00e9e dans ses locaux de Montaudran et sur son site internet, devrait bient\u00f4t mettre en avant plusieurs femmes artistes, en privil\u00e9giant toujours la s\u00e9rigraphie, confi\u00e9e \u00e0 l\u2019atelier tarnais Typon Noir.<\/p>\n<p>        <img decoding=\"async\" class=\"std-img__img responsive-img\" src=\"https:\/\/www.europesays.com\/fr\/wp-content\/uploads\/2026\/01\/1767600313_645_image.jpg\" alt=\"L\u2019illustrateur S\u00e9bastien Gravouil est entr\u00e9 dans la collection d\u2019Art et Cadres en 2024.\"\/><\/p>\n<p>                L\u2019illustrateur S\u00e9bastien Gravouil est entr\u00e9 dans la collection d\u2019Art et Cadres en 2024.<br \/>\n                                    Art et Cadres<\/p>\n<p>\u00ab\u00a0C\u2019est un tr\u00e8s beau proc\u00e9d\u00e9 d\u2019impression, artisanal, ce qui nous parle puisque nous fabriquons tous nos encadrements enti\u00e8rement \u00e0 la main, souligne Constance Escudi\u00e9. La s\u00e9rigraphie permet d\u2019obtenir une vraie qualit\u00e9, \u00e0 des prix plus abordables, entre 90 et 600\u00a0\u20ac pour notre collection, que des \u0153uvres originales\u00a0\u00bb. Il ne reste d\u2019ailleurs que deux tirages num\u00e9rot\u00e9s de CEET et de son \u00ab\u00a0Chicanos\u00a0\u00bb, inspir\u00e9 des poulets que le graffeur toulousain \u00e0 la carri\u00e8re internationale dessinait sur un coin de table pour se faire comprendre \u00e0 son arriv\u00e9e en Chine.<\/p>\n","protected":false},"excerpt":{"rendered":"l&rsquo;essentiel Implant\u00e9 depuis trente ans \u00e0 Toulouse, l\u2019atelier d\u2019encadrement Art et Cadres \u00e9dite aussi depuis 2021 une collection&hellip;\n","protected":false},"author":2,"featured_media":642030,"comment_status":"","ping_status":"","sticky":false,"template":"","format":"standard","meta":{"footnotes":""},"categories":[2816],"tags":[1111,11,1477,872,1777,674,1011,27,2722,12,2680,2551,25,2312],"class_list":{"0":"post-642029","1":"post","2":"type-post","3":"status-publish","4":"format-standard","5":"has-post-thumbnail","7":"category-toulouse","8":"tag-actu","9":"tag-actualites","10":"tag-artisanat","11":"tag-culture-et-loisirs","12":"tag-eu","13":"tag-europe","14":"tag-fr","15":"tag-france","16":"tag-haute-garonne","17":"tag-news","18":"tag-occitanie","19":"tag-patrimoine","20":"tag-republique-francaise","21":"tag-toulouse"},"share_on_mastodon":{"url":"https:\/\/pubeurope.com\/@fr\/115841461412557616","error":""},"_links":{"self":[{"href":"https:\/\/www.europesays.com\/fr\/wp-json\/wp\/v2\/posts\/642029","targetHints":{"allow":["GET"]}}],"collection":[{"href":"https:\/\/www.europesays.com\/fr\/wp-json\/wp\/v2\/posts"}],"about":[{"href":"https:\/\/www.europesays.com\/fr\/wp-json\/wp\/v2\/types\/post"}],"author":[{"embeddable":true,"href":"https:\/\/www.europesays.com\/fr\/wp-json\/wp\/v2\/users\/2"}],"replies":[{"embeddable":true,"href":"https:\/\/www.europesays.com\/fr\/wp-json\/wp\/v2\/comments?post=642029"}],"version-history":[{"count":0,"href":"https:\/\/www.europesays.com\/fr\/wp-json\/wp\/v2\/posts\/642029\/revisions"}],"wp:featuredmedia":[{"embeddable":true,"href":"https:\/\/www.europesays.com\/fr\/wp-json\/wp\/v2\/media\/642030"}],"wp:attachment":[{"href":"https:\/\/www.europesays.com\/fr\/wp-json\/wp\/v2\/media?parent=642029"}],"wp:term":[{"taxonomy":"category","embeddable":true,"href":"https:\/\/www.europesays.com\/fr\/wp-json\/wp\/v2\/categories?post=642029"},{"taxonomy":"post_tag","embeddable":true,"href":"https:\/\/www.europesays.com\/fr\/wp-json\/wp\/v2\/tags?post=642029"}],"curies":[{"name":"wp","href":"https:\/\/api.w.org\/{rel}","templated":true}]}}