{"id":642031,"date":"2026-01-05T08:07:13","date_gmt":"2026-01-05T08:07:13","guid":{"rendered":"https:\/\/www.europesays.com\/fr\/642031\/"},"modified":"2026-01-05T08:07:13","modified_gmt":"2026-01-05T08:07:13","slug":"lille-labej-solidarite-inaugure-son-nouveau-centre-daccueil-de-jour","status":"publish","type":"post","link":"https:\/\/www.europesays.com\/fr\/642031\/","title":{"rendered":"Lille\u00a0: l&rsquo;Abej Solidarit\u00e9 inaugure son nouveau centre d&rsquo;accueil de jour"},"content":{"rendered":"<p>L&rsquo;ABEJ solidarit\u00e9 qui accompagne les personnes sans abri ou en grande pr\u00e9carit\u00e9 vient d&rsquo;inaugurer son nouvel accueil de jour \u00e0 Lille.<br \/>\nIl remplace des locaux devenus v\u00e9tustes et inadapt\u00e9s.\n<\/p>\n<p>L&rsquo;ABEJ solidarit\u00e9 qui accompagne les personnes sans abri ou en grande pr\u00e9carit\u00e9 vient d&rsquo;inaugurer\u00a0<a class=\"IciLink ici-link IciArticleLink g-ici-body-regular-1 underline brand svelte-1chfe2s\" href=\"https:\/\/www.francebleu.fr\/infos\/societe\/un-nouvel-accueil-de-jour-pour-les-sans-abris-a-lille-2690872\" target=\"_blank\" rel=\"noopener\">son nouvel accueil de jour \u00e0 Lille<\/a>.<br \/>Il remplace des locaux devenus v\u00e9tustes et inadapt\u00e9s.<\/p>\n<p>Ce nouveau lieu, beaucoup plus grand et qui accueille \u00e9galement un centre de sant\u00e9, a \u00e9t\u00e9 coconstruit avec ceux qui le fr\u00e9quentent.\u00a0Au cours de plusieurs ateliers, ils ont fait part de leurs besoins pour se poser en toute s\u00e9curit\u00e9.\u00a0Aujourd&rsquo;hui, ce nouvel accueil de jour peut accueillir jusqu&rsquo;\u00e0 150 personnes par jour.<\/p>\n<p>L&rsquo;accueil de jour de l&rsquo;ABEJ solidarit\u00e9 est install\u00e9 14 rue du Four \u00e0 Chaux \u00e0 Lille.\u00a0<strong>Il est ouvert du lundi au vendredi de 8h \u00e0 18h, sauf le mardi matin. Ouvert \u00e9galement le dimanche de 8h \u00e0 12h<\/strong><\/p>\n","protected":false},"excerpt":{"rendered":"L&rsquo;ABEJ solidarit\u00e9 qui accompagne les personnes sans abri ou en grande pr\u00e9carit\u00e9 vient d&rsquo;inaugurer son nouvel accueil de&hellip;\n","protected":false},"author":2,"featured_media":642032,"comment_status":"","ping_status":"","sticky":false,"template":"","format":"standard","meta":{"footnotes":""},"categories":[2815],"tags":[1111,11,1777,674,1011,27,811,1307,12,25],"class_list":{"0":"post-642031","1":"post","2":"type-post","3":"status-publish","4":"format-standard","5":"has-post-thumbnail","7":"category-lille","8":"tag-actu","9":"tag-actualites","10":"tag-eu","11":"tag-europe","12":"tag-fr","13":"tag-france","14":"tag-hauts-de-france","15":"tag-lille","16":"tag-news","17":"tag-republique-francaise"},"share_on_mastodon":{"url":"https:\/\/pubeurope.com\/@fr\/115841469219670610","error":""},"_links":{"self":[{"href":"https:\/\/www.europesays.com\/fr\/wp-json\/wp\/v2\/posts\/642031","targetHints":{"allow":["GET"]}}],"collection":[{"href":"https:\/\/www.europesays.com\/fr\/wp-json\/wp\/v2\/posts"}],"about":[{"href":"https:\/\/www.europesays.com\/fr\/wp-json\/wp\/v2\/types\/post"}],"author":[{"embeddable":true,"href":"https:\/\/www.europesays.com\/fr\/wp-json\/wp\/v2\/users\/2"}],"replies":[{"embeddable":true,"href":"https:\/\/www.europesays.com\/fr\/wp-json\/wp\/v2\/comments?post=642031"}],"version-history":[{"count":0,"href":"https:\/\/www.europesays.com\/fr\/wp-json\/wp\/v2\/posts\/642031\/revisions"}],"wp:featuredmedia":[{"embeddable":true,"href":"https:\/\/www.europesays.com\/fr\/wp-json\/wp\/v2\/media\/642032"}],"wp:attachment":[{"href":"https:\/\/www.europesays.com\/fr\/wp-json\/wp\/v2\/media?parent=642031"}],"wp:term":[{"taxonomy":"category","embeddable":true,"href":"https:\/\/www.europesays.com\/fr\/wp-json\/wp\/v2\/categories?post=642031"},{"taxonomy":"post_tag","embeddable":true,"href":"https:\/\/www.europesays.com\/fr\/wp-json\/wp\/v2\/tags?post=642031"}],"curies":[{"name":"wp","href":"https:\/\/api.w.org\/{rel}","templated":true}]}}