{"id":642033,"date":"2026-01-05T08:08:10","date_gmt":"2026-01-05T08:08:10","guid":{"rendered":"https:\/\/www.europesays.com\/fr\/642033\/"},"modified":"2026-01-05T08:08:10","modified_gmt":"2026-01-05T08:08:10","slug":"transports-ecoles-industries-quels-sont-les-grands-chantiers-qui-vont-arriver-a-terme-en-2026-a-marseille","status":"publish","type":"post","link":"https:\/\/www.europesays.com\/fr\/642033\/","title":{"rendered":"Transports, \u00e9coles, industries&#8230; quels sont les grands chantiers qui vont arriver \u00e0 terme en 2026 \u00e0 Marseille ?"},"content":{"rendered":"<p>Malgr\u00e9 le temps suspendu par la campagne des municipales, qui auront lieu les 15 et 22\u00a0mars prochains, de nombreux chantiers pr\u00e9alablement lanc\u00e9s se d\u00e9ploieront dans le paysage marseillais ou trouveront leur aboutissement en cette ann\u00e9e\u00a02026. Avec une entr\u00e9e en mati\u00e8re rapide d\u00e8s le 7\u00a0janvier et l\u2019inauguration de l\u2019extension du tramway.<\/p>\n<p>Les extensions nord et sud du tramway livr\u00e9es<\/p>\n<p>Dans quelques jours, ce mercredi 7\u00a0janvier,<a href=\"https:\/\/www.laprovence.com\/article\/politique\/8181919052131814\/lextension-du-tramway-jusqua-la-rouviere-a-marseille-discretement-abandonnee\" target=\"_blank\" rel=\"noopener\"> la ligne T3 comptera 6,2\u00a0km de plus<\/a>. Un chantier \u00e0 350\u00a0millions d\u2019euros boost\u00e9 par le plan Marseille en grand lanc\u00e9 par Emmanuel Macron en\u00a02021, m\u00eame si l\u2019essentiel du financement est assur\u00e9 par le D\u00e9partement (140\u00a0millions d\u2019euros) et la M\u00e9tropole (103\u00a0millions d\u2019euros). Au nord, sur 1,8\u00a0km, les rails relieront d\u00e9sormais l\u2019ex-terminus d\u2019Arenc jusqu\u2019au m\u00e9tro Capitaine-G\u00e8ze et desserviront trois nouvelles stations. Au sud, <a href=\"https:\/\/www.laprovence.com\/article\/societe\/485145716095314\/depuis-le-temps-lextension-du-tramway-t3-a-marseille-de-geze-a-la-gaye-en-service-debut-2026\" target=\"_blank\" rel=\"noopener\">de la place Castellane \u00e0 la Gaye<\/a> (4,4\u00a0km), ce sont neuf nouvelles stations qui sont mises en service. La suite\u00a0? Des travaux pr\u00e9paratoires en\u00a02027 pour l\u2019extension suivante vers le nord et La Castellane \u00e0 l\u2019horizon en\u00a02030 (7,1\u00a0km, 453\u00a0millions d\u2019euros). Les proc\u00e9dures administratives pour les lignes vers la place du 4-Septembre (2029) et la Be&#8230;<\/p>\n","protected":false},"excerpt":{"rendered":"Malgr\u00e9 le temps suspendu par la campagne des municipales, qui auront lieu les 15 et 22\u00a0mars prochains, de&hellip;\n","protected":false},"author":2,"featured_media":642034,"comment_status":"","ping_status":"","sticky":false,"template":"","format":"standard","meta":{"footnotes":""},"categories":[2814],"tags":[5734,1111,11,4019,1777,674,1011,27,4058,10805,151,884,12,316,882,12348,25,3333,800],"class_list":{"0":"post-642033","1":"post","2":"type-post","3":"status-publish","4":"format-standard","5":"has-post-thumbnail","7":"category-marseille","8":"tag-5734","9":"tag-actu","10":"tag-actualites","11":"tag-ecoles","12":"tag-eu","13":"tag-europe","14":"tag-fr","15":"tag-france","16":"tag-grands","17":"tag-industries","18":"tag-les","19":"tag-marseille","20":"tag-news","21":"tag-politique","22":"tag-provence-alpes-cote-dazur","23":"tag-quels","24":"tag-republique-francaise","25":"tag-sont","26":"tag-transports"},"share_on_mastodon":{"url":"https:\/\/pubeurope.com\/@fr\/115841473139554605","error":""},"_links":{"self":[{"href":"https:\/\/www.europesays.com\/fr\/wp-json\/wp\/v2\/posts\/642033","targetHints":{"allow":["GET"]}}],"collection":[{"href":"https:\/\/www.europesays.com\/fr\/wp-json\/wp\/v2\/posts"}],"about":[{"href":"https:\/\/www.europesays.com\/fr\/wp-json\/wp\/v2\/types\/post"}],"author":[{"embeddable":true,"href":"https:\/\/www.europesays.com\/fr\/wp-json\/wp\/v2\/users\/2"}],"replies":[{"embeddable":true,"href":"https:\/\/www.europesays.com\/fr\/wp-json\/wp\/v2\/comments?post=642033"}],"version-history":[{"count":0,"href":"https:\/\/www.europesays.com\/fr\/wp-json\/wp\/v2\/posts\/642033\/revisions"}],"wp:featuredmedia":[{"embeddable":true,"href":"https:\/\/www.europesays.com\/fr\/wp-json\/wp\/v2\/media\/642034"}],"wp:attachment":[{"href":"https:\/\/www.europesays.com\/fr\/wp-json\/wp\/v2\/media?parent=642033"}],"wp:term":[{"taxonomy":"category","embeddable":true,"href":"https:\/\/www.europesays.com\/fr\/wp-json\/wp\/v2\/categories?post=642033"},{"taxonomy":"post_tag","embeddable":true,"href":"https:\/\/www.europesays.com\/fr\/wp-json\/wp\/v2\/tags?post=642033"}],"curies":[{"name":"wp","href":"https:\/\/api.w.org\/{rel}","templated":true}]}}