{"id":642039,"date":"2026-01-05T08:13:11","date_gmt":"2026-01-05T08:13:11","guid":{"rendered":"https:\/\/www.europesays.com\/fr\/642039\/"},"modified":"2026-01-05T08:13:11","modified_gmt":"2026-01-05T08:13:11","slug":"neige-23-departements-de-louest-jusqua-lile-de-france-en-vigilance-orange-ce-lundi","status":"publish","type":"post","link":"https:\/\/www.europesays.com\/fr\/642039\/","title":{"rendered":"Neige\u00a0: 23 d\u00e9partements de l&rsquo;Ouest jusqu&rsquo;\u00e0 l&rsquo;\u00cele-de-France en vigilance orange ce lundi"},"content":{"rendered":"<p>23 d\u00e9partements de l&rsquo;Ouest, de la Charente-Maritime \u00e0 la Seine-Maritime, en passant par la r\u00e9gion \u00cele-de-France, sont plac\u00e9s en vigilance orange \u00ab\u00a0neige-verglas\u00a0\u00bb, annonce M\u00e9t\u00e9o France dans son bulletin de 6h ce lundi.<\/p>\n<p>M\u00e9t\u00e9o France \u00e9tend sa vigilance orange neige-verglas. Elle concernait jusqu&rsquo;ici sept d\u00e9partements normands et bretons (Finist\u00e8re, C\u00f4te d&rsquo;Armor, Ille-et-Vilaine, Manche, Calvados, Eure et Seine-Maritime), les deux r\u00e9gions ont d&rsquo;ailleurs\u00a0<a class=\"IciLink ici-link IciArticleLink g-ici-body-regular-1 underline brand svelte-1chfe2s\" href=\"https:\/\/www.francebleu.fr\/infos\/meteo\/bretagne-trois-departements-en-vigilance-orange-neige-et-verglas-les-transports-scolaires-suspendus-8000081\" target=\"_blank\" rel=\"noopener\">suspendu les transports scolaires<\/a>\u00a0pour cette journ\u00e9e de lundi. Dans le bulletin publi\u00e9 \u00e0 6h, ce lundi, ce sont d\u00e9sormais 23 d\u00e9partements de l&rsquo;Ouest jusqu&rsquo;\u00e0 l&rsquo;\u00cele-de-France qui sont en orange sur la carte de vigilance.<\/p>\n<p>Les d\u00e9partements en vigilance orange sont\u00a0: la Charente-Maritime, les Deux-S\u00e8vres, la Vend\u00e9e, le Maine-et-Loire, la Loire-Atlantique, l&rsquo;Ille-et-Vilaine, le Morbihan, le Finist\u00e8re, les C\u00f4tes-d&rsquo;Armor,\u00a0<a class=\"IciLink ici-link IciArticleLink g-ici-body-regular-1 underline brand svelte-1chfe2s\" href=\"https:\/\/www.francebleu.fr\/infos\/transports\/neige-et-verglas-les-conditions-de-circulation-dans-la-manche-3711433\" target=\"_blank\" rel=\"noopener\">la Manche<\/a>,\u00a0<a class=\"IciLink ici-link IciArticleLink g-ici-body-regular-1 underline brand svelte-1chfe2s\" href=\"https:\/\/www.francebleu.fr\/infos\/meteo\/en-direct-le-calvados-et-l-orne-se-reveillent-avec-la-neige-ce-lundi-5-janvier-2026-5593980\" target=\"_blank\" rel=\"noopener\">l&rsquo;Orne, le Calvados<\/a>,\u00a0<a class=\"IciLink ici-link IciArticleLink g-ici-body-regular-1 underline brand svelte-1chfe2s\" href=\"https:\/\/www.francebleu.fr\/infos\/meteo\/neige-et-verglas-circulation-transports-salage-suivez-la-situation-en-direct-dans-l-eure-et-en-seine-maritime-9055943\" target=\"_blank\" rel=\"noopener\">l&rsquo;Eure, la Seine-Maritime<\/a>, l&rsquo;Oise, Paris, la Seine-et-Marne, les Yvelines, l&rsquo;Essonne, les Hauts-de-Seine, la Seine-Saint-Denis, le Val-de-Marne, le Val-d&rsquo;Oise.<\/p>\n<p> <img decoding=\"async\" src=\"https:\/\/www.europesays.com\/fr\/wp-content\/uploads\/2026\/01\/1767600790_810_1280.jpeg\" alt=\"illustration agrandir l'image\" style=\"--_image-preview:url('data:image\/jpeg;base64,\/9j\/2wBDACgcHiMeGSgjISMtKygwPGRBPDc3PHtYXUlkkYCZlo+AjIqgtObDoKrarYqMyP\/L2u71\/\/\/\/m8H\/\/\/\/6\/+b9\/\/j\/2wBDASstLTw1PHZBQXb4pYyl+Pj4+Pj4+Pj4+Pj4+Pj4+Pj4+Pj4+Pj4+Pj4+Pj4+Pj4+Pj4+Pj4+Pj4+Pj4+Pj4+Pj\/wAARCAAqACEDASIAAhEBAxEB\/8QAGAAAAwEBAAAAAAAAAAAAAAAAAAECAwX\/xAAWEAEBAQAAAAAAAAAAAAAAAAAAARH\/xAAWAQEBAQAAAAAAAAAAAAAAAAAAAgH\/xAAXEQEBAQEAAAAAAAAAAAAAAAAAAREC\/9oADAMBAAIRAxEAPwDrFoqbUWtXpys9VKmdCgWhWiamqqbE9QJULDkRIKAC8BhYoLsYnDkM2YFgMNwf\/9k=');\" loading=\"lazy\" fetchpriority=\"low\" class=\"svelte-1cksh76 rounded\" onload=\"this.__e=event\" onerror=\"this.__e=event\"\/> 23 d\u00e9partements plac\u00e9s en vigilance orange neige-verglas ce lundi \u00a9 Aucun(e) &#8211; M\u00e9t\u00e9o France  De la neige d\u00e9j\u00e0 en Normandie<\/p>\n<p>Une partie de la fa\u00e7ade atlantique est touch\u00e9e, de la Seine-Maritime \u00e0 la Charente-Maritime, ainsi que dans les terres les Deux-S\u00e8vres, le Maine-et-Loire, l&rsquo;Orne, l&rsquo;Eure, l&rsquo;Oise et l&rsquo;ensemble de l&rsquo;\u00cele-de-France, Paris inclus. \u00ab\u00a0Quelques centim\u00e8tres de neige sont tomb\u00e9s sur certains d\u00e9partements c\u00f4tiers de la Manche dans la nuit, en particulier la Seine-Maritime. Il g\u00e8le assez fortement sur la majeure partie du pays\u00a0\u00bb, pr\u00e9cise M\u00e9t\u00e9o France.<\/p>\n<p>Au cours de cet \u00e9pisode, on attend jusqu&rsquo;\u00e0 2 et 3 cm sur la r\u00e9gion parisienne et l&rsquo;Oise, entre 3 et 7 cm sur la Normandie, de 5 \u00e0 10 cm sur la Bretagne, les Pays de la Loire et 15 cm possibles pour la Vend\u00e9e et la Charente-Maritime. L&rsquo;institut m\u00e9t\u00e9orologique pr\u00e9vient que la vigilance orange pourra \u00eatre \u00e9tendue sur certains d\u00e9partements des Hauts-de-France dans la journ\u00e9e.<\/p>\n<p>\u00c0 lire aussi   <img decoding=\"async\" src=\"https:\/\/www.europesays.com\/fr\/wp-content\/uploads\/2026\/01\/1767600791_765_400x400.jpeg\" alt=\"\" style=\"--_image-preview:url('data:image\/jpeg;base64,\/9j\/2wBDACgcHiMeGSgjISMtKygwPGRBPDc3PHtYXUlkkYCZlo+AjIqgtObDoKrarYqMyP\/L2u71\/\/\/\/m8H\/\/\/\/6\/+b9\/\/j\/2wBDASstLTw1PHZBQXb4pYyl+Pj4+Pj4+Pj4+Pj4+Pj4+Pj4+Pj4+Pj4+Pj4+Pj4+Pj4+Pj4+Pj4+Pj4+Pj4+Pj4+Pj\/wAARCAAXACoDASIAAhEBAxEB\/8QAGAAAAwEBAAAAAAAAAAAAAAAAAAIDAQT\/xAAZEAEBAQEBAQAAAAAAAAAAAAAAAQISERP\/xAAVAQEBAAAAAAAAAAAAAAAAAAAAAf\/EABQRAQAAAAAAAAAAAAAAAAAAAAD\/2gAMAwEAAhEDEQA\/AKyt9Smm9Ap6Ok7ol0Dom2\/Ry9j6AyU3oAFtJrQCCd0XsAH\/2Q==');\" loading=\"lazy\" fetchpriority=\"low\" aria-hidden=\"true\" class=\"svelte-1cksh76 rounded\" onload=\"this.__e=event\" onerror=\"this.__e=event\"\/>\u00c0 lire aussi   <img decoding=\"async\" src=\"https:\/\/www.europesays.com\/fr\/wp-content\/uploads\/2026\/01\/1767600791_990_400x400.jpeg\" alt=\"\" style=\"--_image-preview:url('data:image\/jpeg;base64,\/9j\/2wBDACgcHiMeGSgjISMtKygwPGRBPDc3PHtYXUlkkYCZlo+AjIqgtObDoKrarYqMyP\/L2u71\/\/\/\/m8H\/\/\/\/6\/+b9\/\/j\/2wBDASstLTw1PHZBQXb4pYyl+Pj4+Pj4+Pj4+Pj4+Pj4+Pj4+Pj4+Pj4+Pj4+Pj4+Pj4+Pj4+Pj4+Pj4+Pj4+Pj4+Pj\/wAARCAAXACoDASIAAhEBAxEB\/8QAFwAAAwEAAAAAAAAAAAAAAAAAAAECA\/\/EABcQAQEBAQAAAAAAAAAAAAAAAAABEQL\/xAAVAQEBAAAAAAAAAAAAAAAAAAAAAf\/EABQRAQAAAAAAAAAAAAAAAAAAAAD\/2gAMAwEAAhEDEQA\/AN50qdMJVyg10aiUaB2lpWloIioAKZgARAA\/\/9k=');\" loading=\"lazy\" fetchpriority=\"low\" aria-hidden=\"true\" class=\"svelte-1cksh76 rounded\" onload=\"this.__e=event\" onerror=\"this.__e=event\"\/><\/p>\n","protected":false},"excerpt":{"rendered":"23 d\u00e9partements de l&rsquo;Ouest, de la Charente-Maritime \u00e0 la Seine-Maritime, en passant par la r\u00e9gion \u00cele-de-France, sont plac\u00e9s&hellip;\n","protected":false},"author":2,"featured_media":642040,"comment_status":"","ping_status":"","sticky":false,"template":"","format":"standard","meta":{"footnotes":""},"categories":[1592],"tags":[1111,11,1777,674,1011,27,662,12,626,25],"class_list":{"0":"post-642039","1":"post","2":"type-post","3":"status-publish","4":"format-standard","5":"has-post-thumbnail","7":"category-ile-de-france","8":"tag-actu","9":"tag-actualites","10":"tag-eu","11":"tag-europe","12":"tag-fr","13":"tag-france","14":"tag-ile-de-france","15":"tag-news","16":"tag-paris","17":"tag-republique-francaise"},"share_on_mastodon":{"url":"https:\/\/pubeurope.com\/@fr\/115841492980554103","error":""},"_links":{"self":[{"href":"https:\/\/www.europesays.com\/fr\/wp-json\/wp\/v2\/posts\/642039","targetHints":{"allow":["GET"]}}],"collection":[{"href":"https:\/\/www.europesays.com\/fr\/wp-json\/wp\/v2\/posts"}],"about":[{"href":"https:\/\/www.europesays.com\/fr\/wp-json\/wp\/v2\/types\/post"}],"author":[{"embeddable":true,"href":"https:\/\/www.europesays.com\/fr\/wp-json\/wp\/v2\/users\/2"}],"replies":[{"embeddable":true,"href":"https:\/\/www.europesays.com\/fr\/wp-json\/wp\/v2\/comments?post=642039"}],"version-history":[{"count":0,"href":"https:\/\/www.europesays.com\/fr\/wp-json\/wp\/v2\/posts\/642039\/revisions"}],"wp:featuredmedia":[{"embeddable":true,"href":"https:\/\/www.europesays.com\/fr\/wp-json\/wp\/v2\/media\/642040"}],"wp:attachment":[{"href":"https:\/\/www.europesays.com\/fr\/wp-json\/wp\/v2\/media?parent=642039"}],"wp:term":[{"taxonomy":"category","embeddable":true,"href":"https:\/\/www.europesays.com\/fr\/wp-json\/wp\/v2\/categories?post=642039"},{"taxonomy":"post_tag","embeddable":true,"href":"https:\/\/www.europesays.com\/fr\/wp-json\/wp\/v2\/tags?post=642039"}],"curies":[{"name":"wp","href":"https:\/\/api.w.org\/{rel}","templated":true}]}}